{"id":32483,"date":"2025-02-15T10:20:20","date_gmt":"2025-02-15T14:20:20","guid":{"rendered":"https:\/\/expressaoms.com.br\/?p=32483"},"modified":"2025-02-28T11:03:27","modified_gmt":"2025-02-28T15:03:27","slug":"usf-paranapunga-funcionara-das-8h-as-12h-no-plantao-do-ms-vacina-mais-dengue","status":"publish","type":"post","link":"https:\/\/expressaoms.com.br\/index.php\/2025\/02\/15\/usf-paranapunga-funcionara-das-8h-as-12h-no-plantao-do-ms-vacina-mais-dengue\/","title":{"rendered":"USF Paranapung\u00e1 funcionar\u00e1 das 8h \u00e0s 12h no plant\u00e3o do MS Vacina Mais \u2013 Dengue"},"content":{"rendered":"<p data-raofz=\"16\">A Prefeitura de Tr\u00eas Lagoas, por meio da Secretaria Municipal de Sa\u00fade (SMS), realiza neste s\u00e1bado, dia 15 de fevereiro, o terceiro plant\u00e3o da Campanha Estadual \u201cMS Vacina Mais \u2013 Dengue\u201d na Unidade de Sa\u00fade da Fam\u00edlia (USF) do Paranapung\u00e1.<\/p>\n<p data-raofz=\"16\">A campanha \u00e9 destinada ao p\u00fablico-alvo da vacina\u00e7\u00e3o: crian\u00e7as e adolescentes de 10 a 14 anos de idade. O objetivo \u00e9 intensificar as a\u00e7\u00f5es de imuniza\u00e7\u00e3o contra a doen\u00e7a, oferecendo a vacina em hor\u00e1rios diferenciados para melhor atender a popula\u00e7\u00e3o.<\/p>\n<p data-raofz=\"16\">O \u201cMS Vacina Mais \u2013 Dengue\u201d continua em todas as salas de vacina\u00e7\u00e3o das USFs, exceto nas unidades dos bairros Arapu\u00e1 e Jupi\u00e1, com funcionamento estendido at\u00e9 as 18h.<\/p>\n<p data-raofz=\"16\"><strong>SERVI\u00c7O<\/strong><\/p>\n<p data-raofz=\"16\">Plant\u00e3o MS Vacina Mais Dengue<\/p>\n<p data-raofz=\"16\">Data: Dia 15 de fevereiro<\/p>\n<p data-raofz=\"16\">Hor\u00e1rio: Das 8h \u00e0s 12h<\/p>\n<p data-raofz=\"16\">Local: USF Paranapung\u00e1<\/p>\n<p data-raofz=\"16\">Endere\u00e7o: R. Jos\u00e9 Lopes Sejopolis, n\u00ba 995<\/p>\n","protected":false},"excerpt":{"rendered":"<p>A Prefeitura de Tr\u00eas Lagoas, por meio da Secretaria Municipal de Sa\u00fade (SMS), realiza neste s\u00e1bado, dia 15 de fevereiro, o terceiro plant\u00e3o da Campanha Estadual \u201cMS Vacina Mais \u2013 Dengue\u201d na Unidade de Sa\u00fade da Fam\u00edlia (USF) do Paranapung\u00e1. A campanha \u00e9 destinada ao p\u00fablico-alvo da vacina\u00e7\u00e3o: crian\u00e7as e adolescentes de 10 a 14 [&hellip;]<\/p>\n","protected":false},"author":2,"featured_media":32484,"comment_status":"open","ping_status":"open","sticky":false,"template":"","format":"standard","meta":{"om_disable_all_campaigns":false,"_monsterinsights_skip_tracking":false,"_monsterinsights_sitenote_active":false,"_monsterinsights_sitenote_note":"","_monsterinsights_sitenote_category":0,"footnotes":""},"categories":[36,44,48],"tags":[],"aioseo_notices":[],"_links":{"self":[{"href":"https:\/\/expressaoms.com.br\/index.php\/wp-json\/wp\/v2\/posts\/32483"}],"collection":[{"href":"https:\/\/expressaoms.com.br\/index.php\/wp-json\/wp\/v2\/posts"}],"about":[{"href":"https:\/\/expressaoms.com.br\/index.php\/wp-json\/wp\/v2\/types\/post"}],"author":[{"embeddable":true,"href":"https:\/\/expressaoms.com.br\/index.php\/wp-json\/wp\/v2\/users\/2"}],"replies":[{"embeddable":true,"href":"https:\/\/expressaoms.com.br\/index.php\/wp-json\/wp\/v2\/comments?post=32483"}],"version-history":[{"count":2,"href":"https:\/\/expressaoms.com.br\/index.php\/wp-json\/wp\/v2\/posts\/32483\/revisions"}],"predecessor-version":[{"id":32486,"href":"https:\/\/expressaoms.com.br\/index.php\/wp-json\/wp\/v2\/posts\/32483\/revisions\/32486"}],"wp:featuredmedia":[{"embeddable":true,"href":"https:\/\/expressaoms.com.br\/index.php\/wp-json\/wp\/v2\/media\/32484"}],"wp:attachment":[{"href":"https:\/\/expressaoms.com.br\/index.php\/wp-json\/wp\/v2\/media?parent=32483"}],"wp:term":[{"taxonomy":"category","embeddable":true,"href":"https:\/\/expressaoms.com.br\/index.php\/wp-json\/wp\/v2\/categories?post=32483"},{"taxonomy":"post_tag","embeddable":true,"href":"https:\/\/expressaoms.com.br\/index.php\/wp-json\/wp\/v2\/tags?post=32483"}],"curies":[{"name":"wp","href":"https:\/\/api.w.org\/{rel}","templated":true}]}}