{"id":32487,"date":"2025-02-14T12:11:28","date_gmt":"2025-02-14T16:11:28","guid":{"rendered":"https:\/\/expressaoms.com.br\/?p=32487"},"modified":"2025-02-14T12:11:28","modified_gmt":"2025-02-14T16:11:28","slug":"policia-federal-autoriza-concurso-com-mil-vagas-para-carreira-policial","status":"publish","type":"post","link":"https:\/\/expressaoms.com.br\/index.php\/2025\/02\/14\/policia-federal-autoriza-concurso-com-mil-vagas-para-carreira-policial\/","title":{"rendered":"Pol\u00edcia Federal autoriza concurso com mil vagas para carreira policial"},"content":{"rendered":"<p>A Pol\u00edcia Federal (PF) autorizou a realiza\u00e7\u00e3o de concurso p\u00fablico para mil novas vagas na \u00e1rea policial.\u00a0<a href=\"https:\/\/www.in.gov.br\/en\/web\/dou\/-\/portaria-n-19.026-dg\/pf-de-13-de-fevereiro-de-2025-612700869\" target=\"_blank\" rel=\"noopener\">A medida est\u00e1 publicada no Di\u00e1rio Oficial da Uni\u00e3o (DOU)<\/a>\u00a0desta sexta-feira (14).<img decoding=\"async\" src=\"https:\/\/agenciabrasil.ebc.com.br\/ebc.png?id=1630373&amp;o=node\" \/><img decoding=\"async\" src=\"https:\/\/agenciabrasil.ebc.com.br\/ebc.gif?id=1630373&amp;o=node\" \/><\/p>\n<p>As vagas autorizadas para cinco cargos da Pol\u00edcia Federal s\u00e3o:<\/p>\n<p>\u00b7\u00a0\u00a0\u00a0\u00a0\u00a0\u00a0\u00a0 \u00a0120 para o cargo de delegado;<\/p>\n<p>\u00b7\u00a0\u00a0\u00a0\u00a0\u00a0\u00a0\u00a0 \u00a069 para perito criminal federal;<\/p>\n<p>\u00b7\u00a0\u00a0\u00a0\u00a0\u00a0\u00a0\u00a0 \u00a0630 vagas para agente<\/p>\n<p>\u00b7\u00a0\u00a0\u00a0\u00a0\u00a0\u00a0\u00a0 \u00a0160 para escriv\u00e3o;<\/p>\n<p>\u00b7\u00a0\u00a0\u00a0\u00a0\u00a0\u00a0\u00a0 \u00a021 para papiloscopista.<\/p>\n<h2>Inscri\u00e7\u00f5es<\/h2>\n<p>O prazo para a publica\u00e7\u00e3o do edital de abertura de inscri\u00e7\u00f5es para o concurso p\u00fablico ser\u00e1 de at\u00e9 seis meses, ou seja, at\u00e9 agosto, contados da publica\u00e7\u00e3o da portaria nesta sexta-feira. O documento \u00e9 assinado pelo diretor-geral da Pol\u00edcia Federal, Andrei Passos Rodrigues.<\/p>\n<p><a href=\"https:\/\/www.instagram.com\/p\/DGDFhC9uv1h\/\" target=\"_blank\" rel=\"noopener\">Em publica\u00e7\u00e3o na rede social X<\/a>, a corpora\u00e7\u00e3o avisa que foi autorizado o concurso para a carreira administrativa.\u00a0<a href=\"https:\/\/agenciabrasil.ebc.com.br\/geral\/noticia\/2025-01\/governo-anuncia-concurso-com-2-mil-vagas-para-policia-federal\" target=\"_blank\" rel=\"noopener\">No fim de janeiro<\/a>, o ministro da Justi\u00e7a e Seguran\u00e7a P\u00fablica, Ricardo Lewandowski, anunciou a realiza\u00e7\u00e3o de um novo concurso da Pol\u00edcia Federal para preenchimento de duas mil novas vagas, ampliando o n\u00famero de integrantes da corpora\u00e7\u00e3o de 13 mil para 15 mil policiais.<\/p>\n<p>Na ocasi\u00e3o, Lewandowski previu que a entrada efetiva dos aprovados no concurso p\u00fablico deve ocorrer at\u00e9 o fim deste ano ou em 2026.<\/p>\n","protected":false},"excerpt":{"rendered":"<p>A Pol\u00edcia Federal (PF) autorizou a realiza\u00e7\u00e3o de concurso p\u00fablico para mil novas vagas na \u00e1rea policial.\u00a0A medida est\u00e1 publicada no Di\u00e1rio Oficial da Uni\u00e3o (DOU)\u00a0desta sexta-feira (14). As vagas autorizadas para cinco cargos da Pol\u00edcia Federal s\u00e3o: \u00b7\u00a0\u00a0\u00a0\u00a0\u00a0\u00a0\u00a0 \u00a0120 para o cargo de delegado; \u00b7\u00a0\u00a0\u00a0\u00a0\u00a0\u00a0\u00a0 \u00a069 para perito criminal federal; \u00b7\u00a0\u00a0\u00a0\u00a0\u00a0\u00a0\u00a0 \u00a0630 vagas para [&hellip;]<\/p>\n","protected":false},"author":3,"featured_media":32488,"comment_status":"open","ping_status":"open","sticky":false,"template":"","format":"standard","meta":{"om_disable_all_campaigns":false,"_monsterinsights_skip_tracking":false,"_monsterinsights_sitenote_active":false,"_monsterinsights_sitenote_note":"","_monsterinsights_sitenote_category":0,"footnotes":""},"categories":[246,33,36],"tags":[],"aioseo_notices":[],"_links":{"self":[{"href":"https:\/\/expressaoms.com.br\/index.php\/wp-json\/wp\/v2\/posts\/32487"}],"collection":[{"href":"https:\/\/expressaoms.com.br\/index.php\/wp-json\/wp\/v2\/posts"}],"about":[{"href":"https:\/\/expressaoms.com.br\/index.php\/wp-json\/wp\/v2\/types\/post"}],"author":[{"embeddable":true,"href":"https:\/\/expressaoms.com.br\/index.php\/wp-json\/wp\/v2\/users\/3"}],"replies":[{"embeddable":true,"href":"https:\/\/expressaoms.com.br\/index.php\/wp-json\/wp\/v2\/comments?post=32487"}],"version-history":[{"count":1,"href":"https:\/\/expressaoms.com.br\/index.php\/wp-json\/wp\/v2\/posts\/32487\/revisions"}],"predecessor-version":[{"id":32489,"href":"https:\/\/expressaoms.com.br\/index.php\/wp-json\/wp\/v2\/posts\/32487\/revisions\/32489"}],"wp:featuredmedia":[{"embeddable":true,"href":"https:\/\/expressaoms.com.br\/index.php\/wp-json\/wp\/v2\/media\/32488"}],"wp:attachment":[{"href":"https:\/\/expressaoms.com.br\/index.php\/wp-json\/wp\/v2\/media?parent=32487"}],"wp:term":[{"taxonomy":"category","embeddable":true,"href":"https:\/\/expressaoms.com.br\/index.php\/wp-json\/wp\/v2\/categories?post=32487"},{"taxonomy":"post_tag","embeddable":true,"href":"https:\/\/expressaoms.com.br\/index.php\/wp-json\/wp\/v2\/tags?post=32487"}],"curies":[{"name":"wp","href":"https:\/\/api.w.org\/{rel}","templated":true}]}}