{"id":32554,"date":"2025-02-19T05:55:09","date_gmt":"2025-02-19T09:55:09","guid":{"rendered":"https:\/\/expressaoms.com.br\/?p=32554"},"modified":"2025-02-19T05:55:09","modified_gmt":"2025-02-19T09:55:09","slug":"diretoria-de-cultura-divulga-atracoes-do-carnatres-e-prorroga-o-prazo-para-inscricoes-dos-bloquinhos-confira","status":"publish","type":"post","link":"https:\/\/expressaoms.com.br\/index.php\/2025\/02\/19\/diretoria-de-cultura-divulga-atracoes-do-carnatres-e-prorroga-o-prazo-para-inscricoes-dos-bloquinhos-confira\/","title":{"rendered":"Diretoria de Cultura divulga atra\u00e7\u00f5es do CarnaTr\u00eas e prorroga o prazo para inscri\u00e7\u00f5es dos bloquinhos, confira"},"content":{"rendered":"<p data-raofz=\"16\">Ainda d\u00e1 tempo de participar do carnaval de Tr\u00eas Lagoas! Junte a galera, monte seu bloquinho e venha se divertir no \u201cCarna Tr\u00eas 2025 \u2013 Meu Bloco na Rua\u201d, de 01 a 04 de mar\u00e7o, na Circular da Lagoa Maior. Entre as atra\u00e7\u00f5es confirmadas pela Prefeitura de Tr\u00eas Lagoas, por meio da Diretoria de Cultura da Secretaria Municipal de Educa\u00e7\u00e3o e Cultura (SEMEC) em parceria com a Associa\u00e7\u00e3o Brasileira de Bares e Restaurantes Regional da Costa Leste (ABRASEL), est\u00e3o a dupla Fiduma e Jeca e Yuri Havaiano.<\/p>\n<p data-raofz=\"16\">Al\u00e9m dos shows nacionais, o CarnaTr\u00eas valorizar\u00e1 os talentos locais, com apresenta\u00e7\u00f5es da dupla Neto e Junior, Grupo Karaka, Banda Alta Tens\u00e3o e Bandart.<\/p>\n<p data-raofz=\"16\">E como j\u00e1 \u00e9 tradi\u00e7\u00e3o, n\u00e3o pode faltar a festa para a crian\u00e7ada! O CarnaTr\u00eas contar\u00e1 com uma matin\u00ea especial, com brinquedos gratuitos, pintura facial e concurso de fantasia para os pequenos. Arapu\u00e1 tamb\u00e9m ter\u00e1 dois dias de festa para a popula\u00e7\u00e3o, com shows e muita anima\u00e7\u00e3o.<\/p>\n<p data-raofz=\"16\"><strong>PRORROGA\u00c7\u00c3O DAS INSCRI\u00c7\u00d5ES PARA OS BLOQUINHOS<\/strong><\/p>\n<p data-raofz=\"16\">Para garantir a participa\u00e7\u00e3o da popula\u00e7\u00e3o nesta edi\u00e7\u00e3o, que contar\u00e1 com a competi\u00e7\u00e3o de blocos de rua, a Diretoria de Cultura prorrogou o prazo de inscri\u00e7\u00f5es at\u00e9 sexta-feira, dia 21 de fevereiro.<\/p>\n<p data-raofz=\"16\">Ser\u00e3o distribu\u00eddos mais de quinze mil reais em premia\u00e7\u00f5es para os tr\u00eas melhores bloquinhos. Para mais informa\u00e7\u00f5es sobre o regulamento, <strong><a role=\"link\" href=\"https:\/\/www.treslagoas.ms.gov.br\/prepara-o-abada-vem-ai-carna-tres-2025-com-premiacao-para-bloquinhos-organizados\/\" data-type=\"link\" data-id=\"https:\/\/www.treslagoas.ms.gov.br\/prepara-o-abada-vem-ai-carna-tres-2025-com-premiacao-para-bloquinhos-organizados\/\" data-raofz=\"16\">ACESSE AQUI<\/a>.<\/strong><\/p>\n<p data-raofz=\"16\">Os interessados podem se inscrever presencialmente no Departamento Municipal de Cultura ou por meio do link: <a role=\"link\" href=\"https:\/\/forms.gle\/YFKK2iAaHeyF6Tbr9\" data-raofz=\"16\">https:\/\/forms.gle\/YFKK2iAaHeyF6Tbr9<\/a>.<\/p>\n<p data-raofz=\"16\"><strong>PROGRAMA\u00c7\u00c3O OFICIAL DO CARNA TR\u00caS 2025<\/strong><\/p>\n<p data-raofz=\"16\">A festa ter\u00e1 in\u00edcio toda as noites, \u00e0s 19h, com shows locais, desfile dos blocos de carnaval e um grande show de encerramento. Confira a programa\u00e7\u00e3o:<\/p>\n<p data-raofz=\"16\">Dia 01\/03 (s\u00e1bado)<\/p>\n<p data-raofz=\"16\">\u2022\u00a0\u00a0\u00a0\u00a0\u00a0\u00a0\u00a0\u00a0\u00a0\u00a0\u00a0\u00a0 Neto e Junior<\/p>\n<p data-raofz=\"16\">\u2022\u00a0\u00a0\u00a0\u00a0\u00a0\u00a0\u00a0\u00a0\u00a0\u00a0\u00a0\u00a0 Banda Alta Tens\u00e3o<\/p>\n<p data-raofz=\"16\">\u2022\u00a0\u00a0\u00a0\u00a0\u00a0\u00a0\u00a0\u00a0\u00a0\u00a0\u00a0\u00a0 Bandart<\/p>\n<p data-raofz=\"16\">\u2022\u00a0\u00a0\u00a0\u00a0\u00a0\u00a0\u00a0\u00a0\u00a0\u00a0\u00a0\u00a0 Carnaval de Arapu\u00e1<\/p>\n<p data-raofz=\"16\">Dia 02\/03 (domingo)<\/p>\n<p data-raofz=\"16\">\u2022\u00a0\u00a0\u00a0\u00a0\u00a0\u00a0\u00a0\u00a0\u00a0\u00a0\u00a0\u00a0 Yuri Havaiano<\/p>\n<p data-raofz=\"16\">\u2022\u00a0\u00a0\u00a0\u00a0\u00a0\u00a0\u00a0\u00a0\u00a0\u00a0\u00a0\u00a0 Banda Alta Tens\u00e3o<\/p>\n<p data-raofz=\"16\">\u2022\u00a0\u00a0\u00a0\u00a0\u00a0\u00a0\u00a0\u00a0\u00a0\u00a0\u00a0\u00a0 Bandart<\/p>\n<p data-raofz=\"16\">\u2022\u00a0\u00a0\u00a0\u00a0\u00a0\u00a0\u00a0\u00a0\u00a0\u00a0\u00a0\u00a0 Carnaval de Arapu\u00e1<\/p>\n<p data-raofz=\"16\">Dia 03\/03 (segunda-feira)<\/p>\n<p data-raofz=\"16\">\u2022\u00a0\u00a0\u00a0\u00a0\u00a0\u00a0\u00a0\u00a0\u00a0\u00a0\u00a0\u00a0 Fiduma e Jeca<\/p>\n<p data-raofz=\"16\">\u2022\u00a0\u00a0\u00a0\u00a0\u00a0\u00a0\u00a0\u00a0\u00a0\u00a0\u00a0\u00a0 Banda Alta Tens\u00e3o<\/p>\n<p data-raofz=\"16\">\u2022\u00a0\u00a0\u00a0\u00a0\u00a0\u00a0\u00a0\u00a0\u00a0\u00a0\u00a0\u00a0 Bandart<\/p>\n<p data-raofz=\"16\">Dia 04\/03 (ter\u00e7a-feira)<\/p>\n<p data-raofz=\"16\">\u2022\u00a0\u00a0\u00a0\u00a0\u00a0\u00a0\u00a0\u00a0\u00a0\u00a0\u00a0\u00a0 Matin\u00ea<\/p>\n<p data-raofz=\"16\">\u2022\u00a0\u00a0\u00a0\u00a0\u00a0\u00a0\u00a0\u00a0\u00a0\u00a0\u00a0\u00a0 An\u00fancio dos blocos vencedores do carnaval<\/p>\n<p data-raofz=\"16\">\u2022\u00a0\u00a0\u00a0\u00a0\u00a0\u00a0\u00a0\u00a0\u00a0\u00a0\u00a0\u00a0 Show do Grupo Karaka<\/p>\n<p data-raofz=\"16\">Mais informa\u00e7\u00f5es podem ser obtidas pelo telefone (67) 9 8139-3524 (WhatsApp) ou diretamente no Departamento Municipal de Cultura, localizado na Av. Ros\u00e1rio Congro, n\u00ba 560 \u2013 Centro.<\/p>\n","protected":false},"excerpt":{"rendered":"<p>Ainda d\u00e1 tempo de participar do carnaval de Tr\u00eas Lagoas! Junte a galera, monte seu bloquinho e venha se divertir no \u201cCarna Tr\u00eas 2025 \u2013 Meu Bloco na Rua\u201d, de 01 a 04 de mar\u00e7o, na Circular da Lagoa Maior. Entre as atra\u00e7\u00f5es confirmadas pela Prefeitura de Tr\u00eas Lagoas, por meio da Diretoria de Cultura [&hellip;]<\/p>\n","protected":false},"author":2,"featured_media":32555,"comment_status":"open","ping_status":"open","sticky":false,"template":"","format":"standard","meta":{"om_disable_all_campaigns":false,"_monsterinsights_skip_tracking":false,"_monsterinsights_sitenote_active":false,"_monsterinsights_sitenote_note":"","_monsterinsights_sitenote_category":0,"footnotes":""},"categories":[35,36,48],"tags":[],"aioseo_notices":[],"_links":{"self":[{"href":"https:\/\/expressaoms.com.br\/index.php\/wp-json\/wp\/v2\/posts\/32554"}],"collection":[{"href":"https:\/\/expressaoms.com.br\/index.php\/wp-json\/wp\/v2\/posts"}],"about":[{"href":"https:\/\/expressaoms.com.br\/index.php\/wp-json\/wp\/v2\/types\/post"}],"author":[{"embeddable":true,"href":"https:\/\/expressaoms.com.br\/index.php\/wp-json\/wp\/v2\/users\/2"}],"replies":[{"embeddable":true,"href":"https:\/\/expressaoms.com.br\/index.php\/wp-json\/wp\/v2\/comments?post=32554"}],"version-history":[{"count":1,"href":"https:\/\/expressaoms.com.br\/index.php\/wp-json\/wp\/v2\/posts\/32554\/revisions"}],"predecessor-version":[{"id":32556,"href":"https:\/\/expressaoms.com.br\/index.php\/wp-json\/wp\/v2\/posts\/32554\/revisions\/32556"}],"wp:featuredmedia":[{"embeddable":true,"href":"https:\/\/expressaoms.com.br\/index.php\/wp-json\/wp\/v2\/media\/32555"}],"wp:attachment":[{"href":"https:\/\/expressaoms.com.br\/index.php\/wp-json\/wp\/v2\/media?parent=32554"}],"wp:term":[{"taxonomy":"category","embeddable":true,"href":"https:\/\/expressaoms.com.br\/index.php\/wp-json\/wp\/v2\/categories?post=32554"},{"taxonomy":"post_tag","embeddable":true,"href":"https:\/\/expressaoms.com.br\/index.php\/wp-json\/wp\/v2\/tags?post=32554"}],"curies":[{"name":"wp","href":"https:\/\/api.w.org\/{rel}","templated":true}]}}