{"id":32557,"date":"2025-02-18T16:55:22","date_gmt":"2025-02-18T20:55:22","guid":{"rendered":"https:\/\/expressaoms.com.br\/?p=32557"},"modified":"2025-02-19T05:56:28","modified_gmt":"2025-02-19T09:56:28","slug":"prefeitura-convoca-professores-por-meio-do-artigo-100-e-cria-cadastro-reserva-veja-os-selecionados","status":"publish","type":"post","link":"https:\/\/expressaoms.com.br\/index.php\/2025\/02\/18\/prefeitura-convoca-professores-por-meio-do-artigo-100-e-cria-cadastro-reserva-veja-os-selecionados\/","title":{"rendered":"Prefeitura convoca professores por meio do artigo 100 e cria cadastro reserva, veja os selecionados"},"content":{"rendered":"<p data-raofz=\"16\">A Prefeitura de Tr\u00eas Lagoas, por meio da Secretaria Municipal de Educa\u00e7\u00e3o e Cultura (SEMEC), publicou nesta ter\u00e7a-feira, 18 de fevereiro, no Di\u00e1rio Oficial da Associa\u00e7\u00e3o dos Munic\u00edpios de Mato Grosso do Sul (ASSOMASUL), edi\u00e7\u00e3o n\u00ba 3782, a Resolu\u00e7\u00e3o n\u00ba 006\/SGI\/2025, que convoca os candidatos aprovados no Concurso P\u00fablico Edital 001\/2021 para contrata\u00e7\u00e3o tempor\u00e1ria de professores, conforme previsto no art. 100 da Lei n\u00ba 1.609\/2000.<\/p>\n<p data-raofz=\"16\"><strong>ENTREGA DE DOCUMENTOS E EXAMES ADMISSIONAIS<\/strong><\/p>\n<p data-raofz=\"16\">Os convocados dever\u00e3o comparecer nos dias 19 e 20 de fevereiro de 2025 para entrega de documentos e realiza\u00e7\u00e3o de exames admissionais.<\/p>\n<p data-raofz=\"16\">Exames Admissionais: Os candidatos listados no Anexo I dever\u00e3o comparecer ao Servi\u00e7os Especializados em Engenharia de Seguran\u00e7a e em Medicina do Trabalho (SESMT), para realizar os exames admissionais, custeados pelos pr\u00f3prios candidatos, conforme determina\u00e7\u00e3o do art. 4\u00ba da resolu\u00e7\u00e3o. Os exames laboratoriais obrigat\u00f3rios s\u00e3o: glicemia em jejum e hemograma completo<\/p>\n<p data-raofz=\"16\">Entrega de Documentos: J\u00e1 os relacionados no Anexo II precisar\u00e3o deslocar at\u00e9 \u00e0 SEMEC, para a entrega da documenta\u00e7\u00e3o comprobat\u00f3ria. A apresenta\u00e7\u00e3o dos documentos de escolaridade exigidos para o cargo ocorrer\u00e1 no momento da atribui\u00e7\u00e3o.<\/p>\n<p data-raofz=\"16\">Para evitar aglomera\u00e7\u00f5es, os convocados dever\u00e3o respeitar os hor\u00e1rios estipulados na Resolu\u00e7\u00e3o.<\/p>\n<p data-raofz=\"16\"><strong>VAGAS CONVOCADAS<\/strong><\/p>\n<p data-raofz=\"16\">\u2022\u00a0\u00a0\u00a0\u00a0\u00a0\u00a0\u00a0\u00a0\u00a0 Professor de Ensino Fundamental: 63 vagas<\/p>\n<p data-raofz=\"16\">\u2022\u00a0\u00a0\u00a0\u00a0\u00a0\u00a0\u00a0\u00a0\u00a0 Professor de Educa\u00e7\u00e3o Infantil: 72 vagas<\/p>\n<p data-raofz=\"16\">\u2022\u00a0\u00a0\u00a0\u00a0\u00a0\u00a0\u00a0\u00a0\u00a0 Professor de Atendimento Educacional Especializado: 3 vagas<\/p>\n<p data-raofz=\"16\">\u2022\u00a0\u00a0\u00a0\u00a0\u00a0\u00a0\u00a0\u00a0\u00a0 Professor de Braile: 1 vaga<\/p>\n<p data-raofz=\"16\">\u2022\u00a0\u00a0\u00a0\u00a0\u00a0\u00a0\u00a0\u00a0\u00a0 Professor de L\u00edngua Portuguesa: 2 vagas<\/p>\n<p data-raofz=\"16\">\u2022\u00a0\u00a0\u00a0\u00a0\u00a0\u00a0\u00a0\u00a0\u00a0 Professor de Ci\u00eancias: 6 vagas<\/p>\n<p data-raofz=\"16\">\u2022\u00a0\u00a0\u00a0\u00a0\u00a0\u00a0\u00a0\u00a0\u00a0 Professor de Ensino Fundamental \u2013 Educa\u00e7\u00e3o no Campo: 1 vaga<\/p>\n<p data-raofz=\"16\">\u2022\u00a0\u00a0\u00a0\u00a0\u00a0\u00a0\u00a0\u00a0\u00a0 Professor de Arte: 7 vagas<\/p>\n<p data-raofz=\"16\">\u2022\u00a0\u00a0\u00a0\u00a0\u00a0\u00a0\u00a0\u00a0\u00a0 Professor de L\u00edngua Estrangeira Moderna \u2013 Ingl\u00eas: 9 vagas<\/p>\n<p data-raofz=\"16\">\u2022\u00a0\u00a0\u00a0\u00a0\u00a0\u00a0\u00a0\u00a0\u00a0 Professor de Educa\u00e7\u00e3o F\u00edsica: 22 vagas<\/p>\n<p data-raofz=\"16\"><strong>CADASTRO RESERVA<\/strong><\/p>\n<p data-raofz=\"16\">Visando agilidade na convoca\u00e7\u00e3o de professores, foi estabelecido um Cadastro Reserva, conforme Anexo III., da resolu\u00e7\u00e3o. Os candidatos listados ser\u00e3o chamados conforme necessidade, respeitando a ordem de classifica\u00e7\u00e3o, por meio de contato telef\u00f4nico, e-mail e WhatsApp.<\/p>\n<p data-raofz=\"16\">Para evitar a perda da vaga, os candidatos devem manter seus dados de contato atualizados junto \u00e0 SEMEC e SGI. Aqueles que n\u00e3o forem localizados ou que n\u00e3o manifestarem interesse ap\u00f3s o contato ser\u00e3o desclassificados.<\/p>\n<p data-raofz=\"16\">Segundo a Secretaria de Gest\u00e3o e Inova\u00e7\u00e3o, a cria\u00e7\u00e3o do Cadastro Reserva tem como objetivo otimizar o processo de convoca\u00e7\u00e3o. Dessa forma, nas pr\u00f3ximas convoca\u00e7\u00f5es, ser\u00e3o chamados os candidatos conforme a ordem do Cadastro Reserva, agilizando o preenchimento das vagas. Em caso de d\u00favidas, o candidato dever\u00e1 entrar em contato pelo telefone (67) 99155-1162.<\/p>\n<p data-raofz=\"16\"><strong>SERVI\u00c7O<\/strong><\/p>\n<p data-raofz=\"16\"><em>Exames admissionais<\/em><\/p>\n<p data-raofz=\"16\">SESMT<\/p>\n<p data-raofz=\"16\">Rua Dr. Munir Thom\u00e9, 949<\/p>\n<p data-raofz=\"16\">Telefone: (67) 99155 4263 e (67) 99276 4933<\/p>\n<p data-raofz=\"16\"><em>Entrega de documenta\u00e7\u00e3o<\/em><\/p>\n<p data-raofz=\"16\">Recursos Humanos SEMEC<\/p>\n<p data-raofz=\"16\">Rua Alexandre Costa, (Port\u00e3o Lateral \u2013 Rua Parana\u00edba), n\u00ba 130 \u2013 Centro<\/p>\n<p data-raofz=\"16\">Telefone: (67) 3929-1472<\/p>\n<p data-raofz=\"16\">\n<p data-raofz=\"16\"><a role=\"link\" href=\"http:\/\/www.treslagoas.ms.gov.br\/wp-content\/uploads\/2025\/02\/resolucao-no-006sgi2025-de-14-de-fevereiro-de-2025.pdf\" data-type=\"link\" data-id=\"http:\/\/www.treslagoas.ms.gov.br\/wp-content\/uploads\/2025\/02\/resolucao-no-006sgi2025-de-14-de-fevereiro-de-2025.pdf\" data-raofz=\"16\"><strong>RESOLU\u00c7\u00c3O 006\/SGI\/2025<\/strong><\/a><\/p>\n","protected":false},"excerpt":{"rendered":"<p>A Prefeitura de Tr\u00eas Lagoas, por meio da Secretaria Municipal de Educa\u00e7\u00e3o e Cultura (SEMEC), publicou nesta ter\u00e7a-feira, 18 de fevereiro, no Di\u00e1rio Oficial da Associa\u00e7\u00e3o dos Munic\u00edpios de Mato Grosso do Sul (ASSOMASUL), edi\u00e7\u00e3o n\u00ba 3782, a Resolu\u00e7\u00e3o n\u00ba 006\/SGI\/2025, que convoca os candidatos aprovados no Concurso P\u00fablico Edital 001\/2021 para contrata\u00e7\u00e3o tempor\u00e1ria de [&hellip;]<\/p>\n","protected":false},"author":2,"featured_media":32558,"comment_status":"open","ping_status":"open","sticky":false,"template":"","format":"standard","meta":{"om_disable_all_campaigns":false,"_monsterinsights_skip_tracking":false,"_monsterinsights_sitenote_active":false,"_monsterinsights_sitenote_note":"","_monsterinsights_sitenote_category":0,"footnotes":""},"categories":[32,36,48],"tags":[],"aioseo_notices":[],"_links":{"self":[{"href":"https:\/\/expressaoms.com.br\/index.php\/wp-json\/wp\/v2\/posts\/32557"}],"collection":[{"href":"https:\/\/expressaoms.com.br\/index.php\/wp-json\/wp\/v2\/posts"}],"about":[{"href":"https:\/\/expressaoms.com.br\/index.php\/wp-json\/wp\/v2\/types\/post"}],"author":[{"embeddable":true,"href":"https:\/\/expressaoms.com.br\/index.php\/wp-json\/wp\/v2\/users\/2"}],"replies":[{"embeddable":true,"href":"https:\/\/expressaoms.com.br\/index.php\/wp-json\/wp\/v2\/comments?post=32557"}],"version-history":[{"count":1,"href":"https:\/\/expressaoms.com.br\/index.php\/wp-json\/wp\/v2\/posts\/32557\/revisions"}],"predecessor-version":[{"id":32559,"href":"https:\/\/expressaoms.com.br\/index.php\/wp-json\/wp\/v2\/posts\/32557\/revisions\/32559"}],"wp:featuredmedia":[{"embeddable":true,"href":"https:\/\/expressaoms.com.br\/index.php\/wp-json\/wp\/v2\/media\/32558"}],"wp:attachment":[{"href":"https:\/\/expressaoms.com.br\/index.php\/wp-json\/wp\/v2\/media?parent=32557"}],"wp:term":[{"taxonomy":"category","embeddable":true,"href":"https:\/\/expressaoms.com.br\/index.php\/wp-json\/wp\/v2\/categories?post=32557"},{"taxonomy":"post_tag","embeddable":true,"href":"https:\/\/expressaoms.com.br\/index.php\/wp-json\/wp\/v2\/tags?post=32557"}],"curies":[{"name":"wp","href":"https:\/\/api.w.org\/{rel}","templated":true}]}}