{"id":32560,"date":"2025-02-18T18:57:33","date_gmt":"2025-02-18T22:57:33","guid":{"rendered":"https:\/\/expressaoms.com.br\/?p=32560"},"modified":"2025-02-19T05:58:33","modified_gmt":"2025-02-19T09:58:33","slug":"prefeitos-da-rota-bioceanica-discutem-propostas-e-acoes-durante-seminario-internacional","status":"publish","type":"post","link":"https:\/\/expressaoms.com.br\/index.php\/2025\/02\/18\/prefeitos-da-rota-bioceanica-discutem-propostas-e-acoes-durante-seminario-internacional\/","title":{"rendered":"Prefeitos da Rota Bioce\u00e2nica discutem propostas e a\u00e7\u00f5es durante Semin\u00e1rio Internacional"},"content":{"rendered":"<p>A Am\u00e9rica Latina est\u00e1 diante de uma virada de chave, oportunidade \u00fanica diante de novos cen\u00e1rios econ\u00f4micos e despertando interesses de conglomerados mundiais com opera\u00e7\u00e3o na \u00c1sia. Esta \u00e9 a conclus\u00e3o de autoridades sul-mato-grossenses, paraguaias, chilenas e argentinas, que discutiram medidas e a\u00e7\u00f5es em conjunto dentro do Comit\u00ea Gestor dos Munic\u00edpios que comp\u00f5em a Rota Bioce\u00e2nica na abertura dos trabalhos do Semin\u00e1rio Internacional da Rota Bioc\u00eaanica e 6\u00ba Foro de Los Gobiernos Subnacionales del Corredor Bioce\u00e2nico, que come\u00e7ou hoje (18) em Campo Grande e vai at\u00e9 quinta-feira (20), no Centro de Conven\u00e7\u00f5es Arquiteto Rubens Gil de Camillo.<\/p>\n<p>Abrindo o encontro, o secret\u00e1rio Jaime Verruck, da Semadesc (Secretaria de Meio Ambiente, Desenvolvimento, Ci\u00eancia, Tecnologia e Inova\u00e7\u00e3o) justamente lembrou dos impactos positivos que a Rota Bioce\u00e2nica vai trazer nas economias dos pa\u00edses.<\/p>\n<p>\u201cOs senhores e senhoras podem ter certeza que as empresas do mundo, principalmente, no mercado asi\u00e1tico, olharam diferente para a Rota Bioce\u00e2nica, que provavelmente ser\u00e1 a grande alternativa competitiva ao Canal do Panam\u00e1. Este movimento at\u00e9 o momento est\u00e1 colocando a Rota numa posi\u00e7\u00e3o estrat\u00e9gica ainda mais importante\u201d, classificou o secret\u00e1rio.<\/p>\n<p>Se dirigindo especialmente aos prefeitos sul-mato-grossenses e estrangeiros, Jaime ainda frisou que\u00a0 a Rota beneficia todos os munic\u00edpios do Estado, Paraguai, Argentina e Chile. \u201cTodo e qualquer munic\u00edpio poder\u00e1 olhar e fazer o seu desenvolvimento, focando nas suas oportunidades\u201d, acrescentou.<\/p>\n<div id=\"gallery-1\" class=\"gallery galleryid-503498 gallery-columns-2 gallery-size-large\">\n<figure class=\"gallery-item\">\n<div class=\"gallery-icon landscape\"><a href=\"https:\/\/agenciadenoticias.ms.gov.br\/wp-content\/uploads\/2025\/02\/Fotos-Alvaro-Rezende-11-scaled.jpg\"><img fetchpriority=\"high\" decoding=\"async\" class=\"attachment-large size-large\" src=\"https:\/\/agenciadenoticias.ms.gov.br\/wp-content\/uploads\/2025\/02\/Fotos-Alvaro-Rezende-11-1024x683.jpg\" sizes=\"(max-width: 1024px) 100vw, 1024px\" srcset=\"https:\/\/agenciadenoticias.ms.gov.br\/wp-content\/uploads\/2025\/02\/Fotos-Alvaro-Rezende-11-1024x683.jpg 1024w, https:\/\/agenciadenoticias.ms.gov.br\/wp-content\/uploads\/2025\/02\/Fotos-Alvaro-Rezende-11-300x200.jpg 300w, https:\/\/agenciadenoticias.ms.gov.br\/wp-content\/uploads\/2025\/02\/Fotos-Alvaro-Rezende-11-768x512.jpg 768w, https:\/\/agenciadenoticias.ms.gov.br\/wp-content\/uploads\/2025\/02\/Fotos-Alvaro-Rezende-11-1536x1024.jpg 1536w, https:\/\/agenciadenoticias.ms.gov.br\/wp-content\/uploads\/2025\/02\/Fotos-Alvaro-Rezende-11-2048x1365.jpg 2048w, https:\/\/agenciadenoticias.ms.gov.br\/wp-content\/uploads\/2025\/02\/Fotos-Alvaro-Rezende-11-350x232.jpg 350w, https:\/\/agenciadenoticias.ms.gov.br\/wp-content\/uploads\/2025\/02\/Fotos-Alvaro-Rezende-11-scaled.jpg 1920w\" alt=\"\" width=\"1024\" height=\"683\" \/><\/a><\/div>\n<\/figure>\n<figure class=\"gallery-item\">\n<div class=\"gallery-icon landscape\"><a href=\"https:\/\/agenciadenoticias.ms.gov.br\/wp-content\/uploads\/2025\/02\/Fotos-Alvaro-Rezende-10-scaled.jpg\"><img decoding=\"async\" class=\"attachment-large size-large\" src=\"https:\/\/agenciadenoticias.ms.gov.br\/wp-content\/uploads\/2025\/02\/Fotos-Alvaro-Rezende-10-1024x683.jpg\" sizes=\"auto, (max-width: 1024px) 100vw, 1024px\" srcset=\"https:\/\/agenciadenoticias.ms.gov.br\/wp-content\/uploads\/2025\/02\/Fotos-Alvaro-Rezende-10-1024x683.jpg 1024w, https:\/\/agenciadenoticias.ms.gov.br\/wp-content\/uploads\/2025\/02\/Fotos-Alvaro-Rezende-10-300x200.jpg 300w, https:\/\/agenciadenoticias.ms.gov.br\/wp-content\/uploads\/2025\/02\/Fotos-Alvaro-Rezende-10-768x512.jpg 768w, https:\/\/agenciadenoticias.ms.gov.br\/wp-content\/uploads\/2025\/02\/Fotos-Alvaro-Rezende-10-1536x1024.jpg 1536w, https:\/\/agenciadenoticias.ms.gov.br\/wp-content\/uploads\/2025\/02\/Fotos-Alvaro-Rezende-10-2048x1365.jpg 2048w, https:\/\/agenciadenoticias.ms.gov.br\/wp-content\/uploads\/2025\/02\/Fotos-Alvaro-Rezende-10-350x232.jpg 350w, https:\/\/agenciadenoticias.ms.gov.br\/wp-content\/uploads\/2025\/02\/Fotos-Alvaro-Rezende-10-scaled.jpg 1920w\" alt=\"\" width=\"1024\" height=\"683\" \/><\/a><\/div>\n<\/figure>\n<figure class=\"gallery-item\">\n<div class=\"gallery-icon landscape\"><a href=\"https:\/\/agenciadenoticias.ms.gov.br\/wp-content\/uploads\/2025\/02\/Fotos-Alvaro-Rezende-9-scaled.jpg\"><img decoding=\"async\" class=\"attachment-large size-large\" src=\"https:\/\/agenciadenoticias.ms.gov.br\/wp-content\/uploads\/2025\/02\/Fotos-Alvaro-Rezende-9-1024x683.jpg\" sizes=\"auto, (max-width: 1024px) 100vw, 1024px\" srcset=\"https:\/\/agenciadenoticias.ms.gov.br\/wp-content\/uploads\/2025\/02\/Fotos-Alvaro-Rezende-9-1024x683.jpg 1024w, https:\/\/agenciadenoticias.ms.gov.br\/wp-content\/uploads\/2025\/02\/Fotos-Alvaro-Rezende-9-300x200.jpg 300w, https:\/\/agenciadenoticias.ms.gov.br\/wp-content\/uploads\/2025\/02\/Fotos-Alvaro-Rezende-9-768x512.jpg 768w, https:\/\/agenciadenoticias.ms.gov.br\/wp-content\/uploads\/2025\/02\/Fotos-Alvaro-Rezende-9-1536x1024.jpg 1536w, https:\/\/agenciadenoticias.ms.gov.br\/wp-content\/uploads\/2025\/02\/Fotos-Alvaro-Rezende-9-2048x1365.jpg 2048w, https:\/\/agenciadenoticias.ms.gov.br\/wp-content\/uploads\/2025\/02\/Fotos-Alvaro-Rezende-9-350x232.jpg 350w, https:\/\/agenciadenoticias.ms.gov.br\/wp-content\/uploads\/2025\/02\/Fotos-Alvaro-Rezende-9-scaled.jpg 1920w\" alt=\"\" width=\"1024\" height=\"683\" \/><\/a><\/div>\n<\/figure>\n<figure class=\"gallery-item\">\n<div class=\"gallery-icon landscape\"><a href=\"https:\/\/agenciadenoticias.ms.gov.br\/wp-content\/uploads\/2025\/02\/Fotos-Alvaro-Rezende-2-1-scaled.jpg\"><img loading=\"lazy\" decoding=\"async\" class=\"attachment-large size-large\" src=\"https:\/\/agenciadenoticias.ms.gov.br\/wp-content\/uploads\/2025\/02\/Fotos-Alvaro-Rezende-2-1-1024x683.jpg\" sizes=\"auto, (max-width: 1024px) 100vw, 1024px\" srcset=\"https:\/\/agenciadenoticias.ms.gov.br\/wp-content\/uploads\/2025\/02\/Fotos-Alvaro-Rezende-2-1-1024x683.jpg 1024w, https:\/\/agenciadenoticias.ms.gov.br\/wp-content\/uploads\/2025\/02\/Fotos-Alvaro-Rezende-2-1-300x200.jpg 300w, https:\/\/agenciadenoticias.ms.gov.br\/wp-content\/uploads\/2025\/02\/Fotos-Alvaro-Rezende-2-1-768x512.jpg 768w, https:\/\/agenciadenoticias.ms.gov.br\/wp-content\/uploads\/2025\/02\/Fotos-Alvaro-Rezende-2-1-1536x1024.jpg 1536w, https:\/\/agenciadenoticias.ms.gov.br\/wp-content\/uploads\/2025\/02\/Fotos-Alvaro-Rezende-2-1-2048x1365.jpg 2048w, https:\/\/agenciadenoticias.ms.gov.br\/wp-content\/uploads\/2025\/02\/Fotos-Alvaro-Rezende-2-1-350x232.jpg 350w, https:\/\/agenciadenoticias.ms.gov.br\/wp-content\/uploads\/2025\/02\/Fotos-Alvaro-Rezende-2-1-scaled.jpg 1920w\" alt=\"\" width=\"1024\" height=\"683\" \/><\/a><\/div>\n<\/figure>\n<\/div>\n<p>O objetivo do evento \u00e9 fomentar o desenvolvimento e a integra\u00e7\u00e3o regional entre Brasil, Paraguai, Argentina e Chile, destacando as oportunidades e desafios que ser\u00e3o gerados pelo Corredor Bioce\u00e2nico, trajeto rodovi\u00e1rio de 3.320 km que vai conectar os oceanos Atl\u00e2ntico e Pac\u00edfico, passando por 8 territ\u00f3rios de 4 pa\u00edses (Regi\u00f5es de Tarapac\u00e1 e Antofagasta, no Chile; Prov\u00edncias de Jujuy e Salta, na Argentina; Departamentos de Boquer\u00f3n, Presidente Hayes e Alto Paraguay, no Paraguai e o Estado de Mato Grosso do Sul, no Brasil), at\u00e9 chegar aos portos chilenos de Iquique, Antofagasta, Mejillones e Terminais Tocopilla. O semin\u00e1rio conta com infraestrutura para reuni\u00f5es das comiss\u00f5es t\u00e9cnicas, estandes para exposi\u00e7\u00e3o dos pa\u00edses envolvidos e apresenta\u00e7\u00f5es culturais.<\/p>\n<p>Como presidente do Comit\u00ea Gestor dos Munic\u00edpios que comp\u00f5em a Rota Bioce\u00e2nica, a prefeita de Campo Grande, Adriane Lopes, detalhou os investimentos que est\u00e3o sendo realizados na Capital.<\/p>\n<p>A prefeita ressaltou que a capital ocupa a primeira posi\u00e7\u00e3o entre todas as cidades da regi\u00e3o Centro-Oeste no indicador de capital humano e tamb\u00e9m foi destaque em 2024 com melhor saneamento b\u00e1sico do Pa\u00eds e selo ouro no Compromisso Nacional com a Alfabetiza\u00e7\u00e3o, concedido pelo MEC (Minist\u00e9rio da Educa\u00e7\u00e3o).<\/p>\n<p>Ainda durante o evento, a prefeita anunciou o lan\u00e7amento do aplicativo digital da Rota Bioce\u00e2nica, com servi\u00e7os e informa\u00e7\u00f5es da capital e do Estado, e que poder\u00e1 contar com a participa\u00e7\u00e3o das cidades amigas do Corredor.<\/p>\n<p>Ela destacou tamb\u00e9m a parceria com a UEMS (Universidade Estadual de Mato Grosso do Sul), que realizou um estudo para cuidar da sa\u00fade dos viajantes, em especial, os caminhoneiros, com o programa \u201cSa\u00fade na Estrada\u201d.<\/p>\n<p>O prefeito de Porto Murtinho, que \u00e9 vice-presidente do Comit\u00ea, tamb\u00e9m enfatizou os investimentos que est\u00e3o sendo feitos no munic\u00edpio com constru\u00e7\u00e3o e reforma de escolas, unidades b\u00e1sicas de sa\u00fade, cursos de capacita\u00e7\u00e3o e projetos sociais.<\/p>\n<p>O governador do Departamento do Alto Paraguai, Arturo Mendez, acompanhado de 30 prefeitos da sua regi\u00e3o, afirmou que o corredor vai unir povos da Am\u00e9rica Latina e unir continentes.<\/p>\n<p>O prefeito de Caracol, Neco Pagliosa, disse que seu munic\u00edpio ser\u00e1 impactado positivamente. &#8220;Caracol est\u00e1 se preparando, melhorando nossas estruturas, sa\u00fade, preparando nossos cidad\u00e3os e cidad\u00e3s. A Rota Bioce\u00e2nica \u00e9 a grande virada de chave para todo o Mato Grosso do Sul&#8221;.\u00a0 Os prefeitos da Argentina, Paraguai, Brasil e Chile discutem tamb\u00e9m tr\u00eas temas importantes: seguran\u00e7a, aduana e sinaliza\u00e7\u00e3o de tr\u00e2nsito.<\/p>\n<p>O Semin\u00e1rio Internacional da Rota Bioce\u00e2nica e o 6\u00ba Foro de los Gobiernos Subnacionales del Corredor Bioce\u00e2nico re\u00fane cerca de 1.400 participantes, vindos de 22 pa\u00edses das Am\u00e9ricas, Europa, \u00c1frica e Oceania. A realiza\u00e7\u00e3o \u00e9 do Governo de Mato Grosso do Sul, por meio da Semadesc (Secretaria de Meio Ambiente, Desenvolvimento, Ci\u00eancia, Tecnologia e Inova\u00e7\u00e3o), com o apoio\u00a0 da Fiems (Federa\u00e7\u00e3o das Ind\u00fastrias de Mato Grosso do Sul), Sebrae, \u00c1guas Guariroba e Energisa.<\/p>\n<p>Ao final do evento ser\u00e3o apresentadas as atas das oito comiss\u00f5es t\u00e9cnicas do 6\u00ba Foro e divulgada a \u201cCarta de Campo Grande\u201d, documento que consolidar\u00e1 os principais encaminhamentos.<\/p>\n","protected":false},"excerpt":{"rendered":"<p>A Am\u00e9rica Latina est\u00e1 diante de uma virada de chave, oportunidade \u00fanica diante de novos cen\u00e1rios econ\u00f4micos e despertando interesses de conglomerados mundiais com opera\u00e7\u00e3o na \u00c1sia. Esta \u00e9 a conclus\u00e3o de autoridades sul-mato-grossenses, paraguaias, chilenas e argentinas, que discutiram medidas e a\u00e7\u00f5es em conjunto dentro do Comit\u00ea Gestor dos Munic\u00edpios que comp\u00f5em a Rota [&hellip;]<\/p>\n","protected":false},"author":2,"featured_media":32561,"comment_status":"open","ping_status":"open","sticky":false,"template":"","format":"standard","meta":{"om_disable_all_campaigns":false,"_monsterinsights_skip_tracking":false,"_monsterinsights_sitenote_active":false,"_monsterinsights_sitenote_note":"","_monsterinsights_sitenote_category":0,"footnotes":""},"categories":[266,42],"tags":[],"aioseo_notices":[],"_links":{"self":[{"href":"https:\/\/expressaoms.com.br\/index.php\/wp-json\/wp\/v2\/posts\/32560"}],"collection":[{"href":"https:\/\/expressaoms.com.br\/index.php\/wp-json\/wp\/v2\/posts"}],"about":[{"href":"https:\/\/expressaoms.com.br\/index.php\/wp-json\/wp\/v2\/types\/post"}],"author":[{"embeddable":true,"href":"https:\/\/expressaoms.com.br\/index.php\/wp-json\/wp\/v2\/users\/2"}],"replies":[{"embeddable":true,"href":"https:\/\/expressaoms.com.br\/index.php\/wp-json\/wp\/v2\/comments?post=32560"}],"version-history":[{"count":1,"href":"https:\/\/expressaoms.com.br\/index.php\/wp-json\/wp\/v2\/posts\/32560\/revisions"}],"predecessor-version":[{"id":32562,"href":"https:\/\/expressaoms.com.br\/index.php\/wp-json\/wp\/v2\/posts\/32560\/revisions\/32562"}],"wp:featuredmedia":[{"embeddable":true,"href":"https:\/\/expressaoms.com.br\/index.php\/wp-json\/wp\/v2\/media\/32561"}],"wp:attachment":[{"href":"https:\/\/expressaoms.com.br\/index.php\/wp-json\/wp\/v2\/media?parent=32560"}],"wp:term":[{"taxonomy":"category","embeddable":true,"href":"https:\/\/expressaoms.com.br\/index.php\/wp-json\/wp\/v2\/categories?post=32560"},{"taxonomy":"post_tag","embeddable":true,"href":"https:\/\/expressaoms.com.br\/index.php\/wp-json\/wp\/v2\/tags?post=32560"}],"curies":[{"name":"wp","href":"https:\/\/api.w.org\/{rel}","templated":true}]}}