{"id":32573,"date":"2025-02-18T15:20:08","date_gmt":"2025-02-18T19:20:08","guid":{"rendered":"https:\/\/expressaoms.com.br\/?p=32573"},"modified":"2025-02-19T06:27:34","modified_gmt":"2025-02-19T10:27:34","slug":"vereador-robson-do-alinhamento-solicita-faixa-elevada-e-ampliacao-de-vagas-de-estacionamento-em-tres-lagoas","status":"publish","type":"post","link":"https:\/\/expressaoms.com.br\/index.php\/2025\/02\/18\/vereador-robson-do-alinhamento-solicita-faixa-elevada-e-ampliacao-de-vagas-de-estacionamento-em-tres-lagoas\/","title":{"rendered":"Vereador Robson do Alinhamento solicita faixa elevada e amplia\u00e7\u00e3o de vagas de estacionamento em Tr\u00eas Lagoas"},"content":{"rendered":"<p data-start=\"119\" data-end=\"268\">Na sess\u00e3o desta ter\u00e7a-feira (18), o vereador Robson do Alinhamento apresentou duas indica\u00e7\u00f5es para melhorias na mobilidade urbana de Tr\u00eas Lagoas.<\/p>\n<p data-start=\"270\" data-end=\"730\">A primeira solicita\u00e7\u00e3o foi encaminhada ao diretor do Departamento de Tr\u00e2nsito, Moraes, e pede a instala\u00e7\u00e3o de faixas elevadas nas ruas Wilson de Carvalho Viana, 1261, e Advogado Sabino Jos\u00e9 da Costa, ambas no bairro Jardim Vendrell. A medida visa garantir maior seguran\u00e7a na travessia de pedestres, especialmente nas proximidades da Igreja Evang\u00e9lica Assembleia de Deus &#8211; MS. Al\u00e9m das faixas elevadas, o vereador tamb\u00e9m solicitou a devida sinaliza\u00e7\u00e3o no local.<\/p>\n<p data-start=\"732\" data-end=\"1147\">J\u00e1 na segunda indica\u00e7\u00e3o, direcionada ao secret\u00e1rio municipal de Infraestrutura, Transporte e Tr\u00e2nsito, Osmar Dias Pereira, o vereador pediu um estudo para a implanta\u00e7\u00e3o de vagas de estacionamento em 45 graus no canteiro central da avenida Dr. Eloy Chaves. O trecho contemplado fica no bairro Vila Nova, entre as ruas Eg\u00eddio Thom\u00e9 e Jos\u00e9 Am\u00edlcar Congro Bastos, pr\u00f3ximo \u00e0 Igreja Assembleia de Deus Minist\u00e9rio Bel\u00e9m (ADTL).<\/p>\n<p data-start=\"1149\" data-end=\"1494\">O pedido n\u00e3o se restringe ao atendimento da igreja, mas busca beneficiar todos os moradores e comerciantes da regi\u00e3o. Atualmente, h\u00e1 v\u00e1rios quarteir\u00f5es da mesma avenida que j\u00e1 contam com estacionamento em 45 graus, mas essa disposi\u00e7\u00e3o \u00e9 interrompida em um trecho pr\u00f3ximo ao centro da via, justamente na \u00e1rea onde h\u00e1 maior necessidade de vagas.<\/p>\n<blockquote>\n<p data-start=\"1149\" data-end=\"1494\">\u201cO nosso pedido para a amplia\u00e7\u00e3o das vagas em 45 graus na avenida Dr. Eloy Chaves n\u00e3o \u00e9 apenas para atender a demanda da igreja, mas para beneficiar todos da regi\u00e3o. J\u00e1 existem v\u00e1rios trechos da avenida com esse tipo de estacionamento, mas, curiosamente, em uma parte central e bastante movimentada, essas vagas em 45 graus desaparecem. Isso acaba gerando transtornos para quem precisa parar o carro nas proximidades de alguns com\u00e9rcios e principalmente pr\u00f3ximo a igreja e, muitas vezes, leva motoristas a estacionarem de forma irregular. Com essa melhoria, queremos organizar melhor o fluxo de ve\u00edculos e dar mais conforto para os moradores e comerciantes da regi\u00e3o.\u201d<\/p>\n<\/blockquote>\n<p data-start=\"1496\" data-end=\"1708\" data-is-last-node=\"\">A proposta tem o objetivo de aliviar a escassez de espa\u00e7os para estacionamento, oferecendo mais comodidade aos frequentadores do com\u00e9rcio da regi\u00e3o e moradores, al\u00e9m de reduzir infra\u00e7\u00f5es por estacionamento irregular.<\/p>\n","protected":false},"excerpt":{"rendered":"<p>Na sess\u00e3o desta ter\u00e7a-feira (18), o vereador Robson do Alinhamento apresentou duas indica\u00e7\u00f5es para melhorias na mobilidade urbana de Tr\u00eas Lagoas. A primeira solicita\u00e7\u00e3o foi encaminhada ao diretor do Departamento de Tr\u00e2nsito, Moraes, e pede a instala\u00e7\u00e3o de faixas elevadas nas ruas Wilson de Carvalho Viana, 1261, e Advogado Sabino Jos\u00e9 da Costa, ambas no [&hellip;]<\/p>\n","protected":false},"author":2,"featured_media":32574,"comment_status":"open","ping_status":"open","sticky":false,"template":"","format":"standard","meta":{"om_disable_all_campaigns":false,"_monsterinsights_skip_tracking":false,"_monsterinsights_sitenote_active":false,"_monsterinsights_sitenote_note":"","_monsterinsights_sitenote_category":0,"footnotes":""},"categories":[42,48],"tags":[],"aioseo_notices":[],"_links":{"self":[{"href":"https:\/\/expressaoms.com.br\/index.php\/wp-json\/wp\/v2\/posts\/32573"}],"collection":[{"href":"https:\/\/expressaoms.com.br\/index.php\/wp-json\/wp\/v2\/posts"}],"about":[{"href":"https:\/\/expressaoms.com.br\/index.php\/wp-json\/wp\/v2\/types\/post"}],"author":[{"embeddable":true,"href":"https:\/\/expressaoms.com.br\/index.php\/wp-json\/wp\/v2\/users\/2"}],"replies":[{"embeddable":true,"href":"https:\/\/expressaoms.com.br\/index.php\/wp-json\/wp\/v2\/comments?post=32573"}],"version-history":[{"count":9,"href":"https:\/\/expressaoms.com.br\/index.php\/wp-json\/wp\/v2\/posts\/32573\/revisions"}],"predecessor-version":[{"id":32583,"href":"https:\/\/expressaoms.com.br\/index.php\/wp-json\/wp\/v2\/posts\/32573\/revisions\/32583"}],"wp:featuredmedia":[{"embeddable":true,"href":"https:\/\/expressaoms.com.br\/index.php\/wp-json\/wp\/v2\/media\/32574"}],"wp:attachment":[{"href":"https:\/\/expressaoms.com.br\/index.php\/wp-json\/wp\/v2\/media?parent=32573"}],"wp:term":[{"taxonomy":"category","embeddable":true,"href":"https:\/\/expressaoms.com.br\/index.php\/wp-json\/wp\/v2\/categories?post=32573"},{"taxonomy":"post_tag","embeddable":true,"href":"https:\/\/expressaoms.com.br\/index.php\/wp-json\/wp\/v2\/tags?post=32573"}],"curies":[{"name":"wp","href":"https:\/\/api.w.org\/{rel}","templated":true}]}}