{"id":32661,"date":"2025-02-22T10:43:52","date_gmt":"2025-02-22T14:43:52","guid":{"rendered":"https:\/\/expressaoms.com.br\/?p=32661"},"modified":"2025-02-22T10:50:50","modified_gmt":"2025-02-22T14:50:50","slug":"empresaria-e-assassinada-a-tiros-pelo-ex-marido-em-agua-clara","status":"publish","type":"post","link":"https:\/\/expressaoms.com.br\/index.php\/2025\/02\/22\/empresaria-e-assassinada-a-tiros-pelo-ex-marido-em-agua-clara\/","title":{"rendered":"Empres\u00e1ria \u00e9 assassinada a tiros pelo ex-marido em \u00c1gua Clara"},"content":{"rendered":"<p>A empres\u00e1ria Mirieli Santos, 26 anos, foi assassinada a tiros pelo ex-marido, Fausto Junior Aparecido de Oliveira, 31 anos, na madrugada deste s\u00e1bado (22), em uma resid\u00eancia no Bairro Jardim Para\u00edso, em \u00c1gua Clara, a 193 quil\u00f4metros de Campo Grande.<\/p>\n<p>De acordo com o boletim de ocorr\u00eancia, a pol\u00edcia foi acionada ap\u00f3s Mirieli ser encaminhada ao hospital com ferimentos na regi\u00e3o do abd\u00f4men. A v\u00edtima foi socorrida pelo suspeito e por seu irm\u00e3o, mas j\u00e1 chegou \u00e0 unidade de sa\u00fade sem vida.<\/p>\n<p>O irm\u00e3o de Mirieli relatou \u00e0 pol\u00edcia que, durante a madrugada, ele estava na casa de Fausto, acompanhado de outras pessoas, quando a v\u00edtima chegou e houve uma discuss\u00e3o entre ela e o suspeito.<\/p>\n<p>O ex-casal entrou no im\u00f3vel e, em seguida, as pessoas presentes ouviram disparos. Ao adentrar \u00e0 resid\u00eancia, o rapaz encontrou a v\u00edtima ca\u00edda no ch\u00e3o.<\/p>\n<p><img fetchpriority=\"high\" decoding=\"async\" class=\"alignnone size-full wp-image-32662\" src=\"https:\/\/expressaoms.com.br\/wp-content\/uploads\/2025\/02\/67b9deb56266d.webp\" alt=\"\" width=\"720\" height=\"720\" srcset=\"https:\/\/expressaoms.com.br\/wp-content\/uploads\/2025\/02\/67b9deb56266d.webp 720w, https:\/\/expressaoms.com.br\/wp-content\/uploads\/2025\/02\/67b9deb56266d-300x300.webp 300w, https:\/\/expressaoms.com.br\/wp-content\/uploads\/2025\/02\/67b9deb56266d-150x150.webp 150w, https:\/\/expressaoms.com.br\/wp-content\/uploads\/2025\/02\/67b9deb56266d-700x700.webp 700w, https:\/\/expressaoms.com.br\/wp-content\/uploads\/2025\/02\/67b9deb56266d-600x600.webp 600w, https:\/\/expressaoms.com.br\/wp-content\/uploads\/2025\/02\/67b9deb56266d-100x100.webp 100w\" sizes=\"(max-width: 720px) 100vw, 720px\" \/><\/p>\n<p>A testemunha, ent\u00e3o, pegou a jovem no colo, colocou-a no carro de Fausto e, juntos, levaram Mirieli ao hospital. Ao deixar a v\u00edtima e o irm\u00e3o na unidade de sa\u00fade, o suspeito fugiu e abandonou sua camionete no local.<\/p>\n<p>Questionado, o irm\u00e3o de Mirieli afirmou j\u00e1 ter visto Fausto diversas vezes portando uma grande arma cromada. Os policiais foram at\u00e9 a casa onde o crime ocorreu e, durante a vistoria, encontraram v\u00e1rias muni\u00e7\u00f5es calibre .22 armazenadas em um recipiente de pl\u00e1stico.<\/p>\n<p>No quarto onde a v\u00edtima foi baleada, os policiais localizaram um rev\u00f3lver calibre .38, enrolado em um cobertor, municiado com seis cartuchos, dos quais tr\u00eas haviam sido deflagrados e tr\u00eas permaneciam intactos.<\/p>\n<p>A per\u00edcia e a Pol\u00edcia Civil foram acionadas para realizar os procedimentos de praxe. Na manh\u00e3 de hoje, a Pol\u00edcia Militar e a Pol\u00edcia Civil procuram o suspeito. \u201cEstamos em dilig\u00eancias para conseguir prender o autor em flagrante\u201d, declarou o delegado respons\u00e1vel pelas investiga\u00e7\u00f5es, Johanes Deguti.<\/p>\n<p>A prefeita de \u00c1gua Clara, Gerolina Alves, lamentou a morte da jovem em suas redes sociais: &#8220;\u00c9 com imenso pesar que recebemos a informa\u00e7\u00e3o do falecimento de Mirieli Santos. Desejamos os mais sinceros sentimentos a todos os familiares e amigos. Momento de muita tristeza para todos n\u00f3s.&#8221;<\/p>\n<h2>4\u00ba feminic\u00eddio do ano<\/h2>\n<p>Este \u00e9 o quarto feminic\u00eddio registrado no Estado desde o in\u00edcio do ano. O \u00faltimo foi o de Juliana Domingues, de 28 anos, assassinada com golpes de fac\u00e3o na noite de ter\u00e7a-feira (18), na cidade de Dourados, a cerca de 253 quil\u00f4metros de Campo Grande. O marido, suspeito de ter cometido o crime, agiu na frente do filho do casal, de 8 anos.<\/p>\n<pre>Com Campo Grande News<\/pre>\n","protected":false},"excerpt":{"rendered":"<p>A empres\u00e1ria Mirieli Santos, 26 anos, foi assassinada a tiros pelo ex-marido, Fausto Junior Aparecido de Oliveira, 31 anos, na madrugada deste s\u00e1bado (22), em uma resid\u00eancia no Bairro Jardim Para\u00edso, em \u00c1gua Clara, a 193 quil\u00f4metros de Campo Grande. De acordo com o boletim de ocorr\u00eancia, a pol\u00edcia foi acionada ap\u00f3s Mirieli ser encaminhada [&hellip;]<\/p>\n","protected":false},"author":3,"featured_media":32663,"comment_status":"open","ping_status":"open","sticky":false,"template":"","format":"standard","meta":{"om_disable_all_campaigns":false,"_monsterinsights_skip_tracking":false,"_monsterinsights_sitenote_active":false,"_monsterinsights_sitenote_note":"","_monsterinsights_sitenote_category":0,"footnotes":""},"categories":[189,41,193],"tags":[263,353],"aioseo_notices":[],"_links":{"self":[{"href":"https:\/\/expressaoms.com.br\/index.php\/wp-json\/wp\/v2\/posts\/32661"}],"collection":[{"href":"https:\/\/expressaoms.com.br\/index.php\/wp-json\/wp\/v2\/posts"}],"about":[{"href":"https:\/\/expressaoms.com.br\/index.php\/wp-json\/wp\/v2\/types\/post"}],"author":[{"embeddable":true,"href":"https:\/\/expressaoms.com.br\/index.php\/wp-json\/wp\/v2\/users\/3"}],"replies":[{"embeddable":true,"href":"https:\/\/expressaoms.com.br\/index.php\/wp-json\/wp\/v2\/comments?post=32661"}],"version-history":[{"count":3,"href":"https:\/\/expressaoms.com.br\/index.php\/wp-json\/wp\/v2\/posts\/32661\/revisions"}],"predecessor-version":[{"id":32666,"href":"https:\/\/expressaoms.com.br\/index.php\/wp-json\/wp\/v2\/posts\/32661\/revisions\/32666"}],"wp:featuredmedia":[{"embeddable":true,"href":"https:\/\/expressaoms.com.br\/index.php\/wp-json\/wp\/v2\/media\/32663"}],"wp:attachment":[{"href":"https:\/\/expressaoms.com.br\/index.php\/wp-json\/wp\/v2\/media?parent=32661"}],"wp:term":[{"taxonomy":"category","embeddable":true,"href":"https:\/\/expressaoms.com.br\/index.php\/wp-json\/wp\/v2\/categories?post=32661"},{"taxonomy":"post_tag","embeddable":true,"href":"https:\/\/expressaoms.com.br\/index.php\/wp-json\/wp\/v2\/tags?post=32661"}],"curies":[{"name":"wp","href":"https:\/\/api.w.org\/{rel}","templated":true}]}}