{"id":32694,"date":"2025-02-24T15:49:42","date_gmt":"2025-02-24T19:49:42","guid":{"rendered":"https:\/\/expressaoms.com.br\/?p=32694"},"modified":"2025-02-24T15:49:42","modified_gmt":"2025-02-24T19:49:42","slug":"matriculas-abertas-para-o-programa-musicou-em-tres-lagoas","status":"publish","type":"post","link":"https:\/\/expressaoms.com.br\/index.php\/2025\/02\/24\/matriculas-abertas-para-o-programa-musicou-em-tres-lagoas\/","title":{"rendered":"Matr\u00edculas abertas para o programa Musicou em Tr\u00eas Lagoas"},"content":{"rendered":"<p>A oportunidade de aprender m\u00fasica gratuitamente est\u00e1 de volta! O programa Musicou, desenvolvido pela Sustenidos Organiza\u00e7\u00e3o Social de Cultura, em parceria com a Diretoria de Cultura da Secretaria Municipal de Educa\u00e7\u00e3o e Cultura (SEMEC), est\u00e1 com matr\u00edculas abertas para novos alunos. O projeto oferece aulas de inicia\u00e7\u00e3o musical, canto coletivo, viol\u00e3o, viola caipira, acordeom e percuss\u00e3o para v\u00e1rias idades.<\/p>\n<p>As inscri\u00e7\u00f5es devem ser feitas presencialmente no n\u00facleo do Musicou, de segunda a sexta-feira, das 7h \u00e0s 11h e das 14h \u00e0s 17h, na Antiga Esta\u00e7\u00e3o Ferrovi\u00e1ria da N.O.B. O prazo vai at\u00e9 17 de maio ou enquanto houver vagas dispon\u00edveis.<\/p>\n<p>Quem pode participar?<\/p>\n<ul class=\"wp-block-list\">\n<li>Crian\u00e7as de 6 a 8 anos \u2013 Inicia\u00e7\u00e3o musical<\/li>\n<li>Jovens de 8 a 17 anos \u2013 Cursos infantojuvenis<\/li>\n<li>Adultos a partir de 18 anos \u2013 Aulas de instrumentos<\/li>\n<\/ul>\n<p>Sobre o Musicou<\/p>\n<p>O Musicou tem uma s\u00f3lida experi\u00eancia em m\u00fasica, educa\u00e7\u00e3o e desenvolvimento social. Criado pela Sustenidos Organiza\u00e7\u00e3o Social de Cultura, institui\u00e7\u00e3o sem fins lucrativos, o programa \u00e9 refer\u00eancia na implanta\u00e7\u00e3o e gest\u00e3o de pol\u00edticas p\u00fablicas de cultura. A Sustenidos tamb\u00e9m \u00e9 respons\u00e1vel pela gest\u00e3o do Conservat\u00f3rio de Tatu\u00ed e do Complexo Theatro Municipal de S\u00e3o Paulo, al\u00e9m de projetos como o MOVE e os festivais Ethno Brazil e Imagine Brazil.<\/p>\n<p>A realiza\u00e7\u00e3o do Musicou acontece de forma compartilhada:<\/p>\n<ul class=\"wp-block-list\">\n<li>A Sustenidos fornece a expertise, os profissionais, os equipamentos, os materiais did\u00e1ticos e a atua\u00e7\u00e3o nas \u00e1reas administrativa e educacional.<\/li>\n<li>O parceiro local (setor p\u00fablico ou privado) \u00e9 respons\u00e1vel pela cess\u00e3o e manuten\u00e7\u00e3o do espa\u00e7o, fornecimento de lanche e transporte dos alunos.<\/li>\n<\/ul>\n<p>O N\u00facleo Musicou de Tr\u00eas Lagoas conta com patroc\u00ednio incentivado da CTG Brasil, uma das l\u00edderes em energia limpa do pa\u00eds e concession\u00e1ria da Usina Jupi\u00e1.<\/p>\n","protected":false},"excerpt":{"rendered":"<p>A oportunidade de aprender m\u00fasica gratuitamente est\u00e1 de volta! O programa Musicou, desenvolvido pela Sustenidos Organiza\u00e7\u00e3o Social de Cultura, em parceria com a Diretoria de Cultura da Secretaria Municipal de Educa\u00e7\u00e3o e Cultura (SEMEC), est\u00e1 com matr\u00edculas abertas para novos alunos. O projeto oferece aulas de inicia\u00e7\u00e3o musical, canto coletivo, viol\u00e3o, viola caipira, acordeom e [&hellip;]<\/p>\n","protected":false},"author":2,"featured_media":32695,"comment_status":"open","ping_status":"open","sticky":false,"template":"","format":"standard","meta":{"om_disable_all_campaigns":false,"_monsterinsights_skip_tracking":false,"_monsterinsights_sitenote_active":false,"_monsterinsights_sitenote_note":"","_monsterinsights_sitenote_category":0,"footnotes":""},"categories":[36,48],"tags":[],"aioseo_notices":[],"_links":{"self":[{"href":"https:\/\/expressaoms.com.br\/index.php\/wp-json\/wp\/v2\/posts\/32694"}],"collection":[{"href":"https:\/\/expressaoms.com.br\/index.php\/wp-json\/wp\/v2\/posts"}],"about":[{"href":"https:\/\/expressaoms.com.br\/index.php\/wp-json\/wp\/v2\/types\/post"}],"author":[{"embeddable":true,"href":"https:\/\/expressaoms.com.br\/index.php\/wp-json\/wp\/v2\/users\/2"}],"replies":[{"embeddable":true,"href":"https:\/\/expressaoms.com.br\/index.php\/wp-json\/wp\/v2\/comments?post=32694"}],"version-history":[{"count":1,"href":"https:\/\/expressaoms.com.br\/index.php\/wp-json\/wp\/v2\/posts\/32694\/revisions"}],"predecessor-version":[{"id":32696,"href":"https:\/\/expressaoms.com.br\/index.php\/wp-json\/wp\/v2\/posts\/32694\/revisions\/32696"}],"wp:featuredmedia":[{"embeddable":true,"href":"https:\/\/expressaoms.com.br\/index.php\/wp-json\/wp\/v2\/media\/32695"}],"wp:attachment":[{"href":"https:\/\/expressaoms.com.br\/index.php\/wp-json\/wp\/v2\/media?parent=32694"}],"wp:term":[{"taxonomy":"category","embeddable":true,"href":"https:\/\/expressaoms.com.br\/index.php\/wp-json\/wp\/v2\/categories?post=32694"},{"taxonomy":"post_tag","embeddable":true,"href":"https:\/\/expressaoms.com.br\/index.php\/wp-json\/wp\/v2\/tags?post=32694"}],"curies":[{"name":"wp","href":"https:\/\/api.w.org\/{rel}","templated":true}]}}