{"id":32753,"date":"2025-02-26T09:30:32","date_gmt":"2025-02-26T13:30:32","guid":{"rendered":"https:\/\/expressaoms.com.br\/?p=32753"},"modified":"2025-02-26T09:30:32","modified_gmt":"2025-02-26T13:30:32","slug":"mercado-de-trabalho-em-mato-grosso-do-sul-atrai-cada-vez-mais-mulheres-e-jovens","status":"publish","type":"post","link":"https:\/\/expressaoms.com.br\/index.php\/2025\/02\/26\/mercado-de-trabalho-em-mato-grosso-do-sul-atrai-cada-vez-mais-mulheres-e-jovens\/","title":{"rendered":"Mercado de trabalho em Mato Grosso do Sul atrai cada vez mais mulheres e jovens"},"content":{"rendered":"<p>Os investimentos privados em todas as cadeias produtivas no Estado continuar\u00e3o atraindo mais pessoas para o mercado de trabalho. Essa \u00e9 a avalia\u00e7\u00e3o de t\u00e9cnicos do Observat\u00f3rio do Trabalho, \u00e1rea estrat\u00e9gica da Funtrab (Funda\u00e7\u00e3o do Trabalho de Mato Grosso do Sul) para produ\u00e7\u00e3o de informa\u00e7\u00f5es e an\u00e1lises sobre o mercado de trabalho e a situa\u00e7\u00e3o do emprego.<\/p>\n<p>De acordo com o respons\u00e1vel do Observat\u00f3rio, David Melgarejo, houve um avan\u00e7o significativo no n\u00famero de contrata\u00e7\u00f5es em 2024 comparado ao ano anterior. Ainda segundo o Observat\u00f3rio do Trabalho, o ano de 2024 fechou com um saldo positivo de 12.412 vagas, sendo que 43% foram preenchidas por jovens entre 17 e 24 anos. As mulheres representam 65% deste total com 8.098 contrata\u00e7\u00f5es. J\u00e1 a Capital absorve metade das 12 mil vagas, seguida por Tr\u00eas Lagoas (14,40%), Inoc\u00eancia (12,27%) e Aparecida do Taboado (10,40%).<\/p>\n<p>&#8220;Contratamos 411 mil trabalhadores em 2024, um aumento de 5% em rela\u00e7\u00e3o a 2023. Para 2025, estamos com uma expectativa otimista.\u00a0 Com os investimentos do Estado e a atra\u00e7\u00e3o de novas empresas, temos a expectativa de um grande salto tanto nas contrata\u00e7\u00f5es quanto no saldo de emprego final do ano&#8221;, avalia David.<\/p>\n<figure id=\"attachment_484786\" class=\"wp-caption alignright\" aria-describedby=\"caption-attachment-484786\"><figcaption id=\"caption-attachment-484786\" class=\"wp-caption-text\"><\/figcaption><\/figure>\n<p>Pesquisa tamb\u00e9m do IBGE (Instituto Brasileiro de Geografia e Estat\u00edstica) aponta que um em cada quatro jovens empregados brasileiros quer trabalhar mais. Segundo o Instituto, a taxa de subutiliza\u00e7\u00e3o do jovem no mercado de trabalho vem caindo nos \u00faltimos anos e chegou\u00a0ao menor n\u00edvel desde 2014: 24,4%.<\/p>\n<p>Para a diretora-presidente da Funtrab, Marina Dobashi, a Funda\u00e7\u00e3o\u00a0 tem desempenhado um papel fundamental nesse processo, aprimorando suas a\u00e7\u00f5es de qualifica\u00e7\u00e3o profissional, ampliando a comunica\u00e7\u00e3o com trabalhadores e empregadores, fortalecendo parcerias institucionais e intensificando a transversalidade com outras \u00e1reas do governo.<\/p>\n<p>\u201cO Observat\u00f3rio do Trabalho, criado em 2024, tem sido um instrumento essencial para a produ\u00e7\u00e3o de informa\u00e7\u00f5es qualificadas e an\u00e1lises sobre o mercado de trabalho, permitindo que gestores p\u00fablicos e atores sociais tomem decis\u00f5es mais assertivas na formula\u00e7\u00e3o e execu\u00e7\u00e3o das pol\u00edticas de trabalho, emprego e renda no estado\u201d pontua a diretora-presidente.<\/p>\n<p>Dobashi detalha que dentre as a\u00e7\u00f5es realizadas que confirmam este esfor\u00e7o est\u00e1 a parceria com o Instituto PROA, organiza\u00e7\u00e3o que apoia jovens de baixa renda a ingressarem no mercado de trabalho. Outra parceria realizada e que comprova este cen\u00e1rio \u00e9 o programa \u2018Empreenda Como Uma Mulher\u2019, que ofereceu em 2024 capacita\u00e7\u00e3o gratuita para mulheres que atuam no ramo da alimenta\u00e7\u00e3o e que desejam acelerar seus neg\u00f3cios.<\/p>\n<p>Em julho de 2024 foi realizada uma rodada de empregabilidade dentro de uma unidade de acolhimento de popula\u00e7\u00e3o em situa\u00e7\u00e3o de rua, e na qual 20 pessoas passaram por qualifica\u00e7\u00e3o profissional.<\/p>\n<p>O analista de dados do Observat\u00f3rio da Funtrab, Thiago Seg\u00f3via, descreve vantagens e facilidades na an\u00e1lise de dados dos tr\u00eas pain\u00e9is. &#8220;Os pain\u00e9is permitem uma visualiza\u00e7\u00e3o r\u00e1pida e f\u00e1cil de contextos, como por exemplo, a mudan\u00e7a de cen\u00e1rio econ\u00f4mico entre os anos de 2023 e 2024.\u00a0 Anteriormente, a ind\u00fastria ocupava o terceiro lugar no ranking dos setores produtivos e a constru\u00e7\u00e3o liderava o ranking, de certa forma em virtude das obras estruturantes na regi\u00e3o Leste do Estado. Agora, a ind\u00fastria lidera&#8221;, analisa.<\/p>\n","protected":false},"excerpt":{"rendered":"<p>Os investimentos privados em todas as cadeias produtivas no Estado continuar\u00e3o atraindo mais pessoas para o mercado de trabalho. Essa \u00e9 a avalia\u00e7\u00e3o de t\u00e9cnicos do Observat\u00f3rio do Trabalho, \u00e1rea estrat\u00e9gica da Funtrab (Funda\u00e7\u00e3o do Trabalho de Mato Grosso do Sul) para produ\u00e7\u00e3o de informa\u00e7\u00f5es e an\u00e1lises sobre o mercado de trabalho e a situa\u00e7\u00e3o [&hellip;]<\/p>\n","protected":false},"author":3,"featured_media":32754,"comment_status":"open","ping_status":"open","sticky":false,"template":"","format":"standard","meta":{"om_disable_all_campaigns":false,"_monsterinsights_skip_tracking":false,"_monsterinsights_sitenote_active":false,"_monsterinsights_sitenote_note":"","_monsterinsights_sitenote_category":0,"footnotes":""},"categories":[31,266],"tags":[],"aioseo_notices":[],"_links":{"self":[{"href":"https:\/\/expressaoms.com.br\/index.php\/wp-json\/wp\/v2\/posts\/32753"}],"collection":[{"href":"https:\/\/expressaoms.com.br\/index.php\/wp-json\/wp\/v2\/posts"}],"about":[{"href":"https:\/\/expressaoms.com.br\/index.php\/wp-json\/wp\/v2\/types\/post"}],"author":[{"embeddable":true,"href":"https:\/\/expressaoms.com.br\/index.php\/wp-json\/wp\/v2\/users\/3"}],"replies":[{"embeddable":true,"href":"https:\/\/expressaoms.com.br\/index.php\/wp-json\/wp\/v2\/comments?post=32753"}],"version-history":[{"count":1,"href":"https:\/\/expressaoms.com.br\/index.php\/wp-json\/wp\/v2\/posts\/32753\/revisions"}],"predecessor-version":[{"id":32755,"href":"https:\/\/expressaoms.com.br\/index.php\/wp-json\/wp\/v2\/posts\/32753\/revisions\/32755"}],"wp:featuredmedia":[{"embeddable":true,"href":"https:\/\/expressaoms.com.br\/index.php\/wp-json\/wp\/v2\/media\/32754"}],"wp:attachment":[{"href":"https:\/\/expressaoms.com.br\/index.php\/wp-json\/wp\/v2\/media?parent=32753"}],"wp:term":[{"taxonomy":"category","embeddable":true,"href":"https:\/\/expressaoms.com.br\/index.php\/wp-json\/wp\/v2\/categories?post=32753"},{"taxonomy":"post_tag","embeddable":true,"href":"https:\/\/expressaoms.com.br\/index.php\/wp-json\/wp\/v2\/tags?post=32753"}],"curies":[{"name":"wp","href":"https:\/\/api.w.org\/{rel}","templated":true}]}}