{"id":32772,"date":"2025-02-26T11:42:48","date_gmt":"2025-02-26T15:42:48","guid":{"rendered":"https:\/\/expressaoms.com.br\/?p=32772"},"modified":"2025-02-26T11:42:48","modified_gmt":"2025-02-26T15:42:48","slug":"campo-grande-e-finalista-do-premio-ibero-americano-de-destino-turistico-inteligente","status":"publish","type":"post","link":"https:\/\/expressaoms.com.br\/index.php\/2025\/02\/26\/campo-grande-e-finalista-do-premio-ibero-americano-de-destino-turistico-inteligente\/","title":{"rendered":"Campo Grande \u00e9 finalista do Pr\u00eamio Ibero-Americano de Destino Tur\u00edstico Inteligente"},"content":{"rendered":"<p>Campo Grande \u00e9 finalista do Pr\u00eamio Ibero-Americano de Destino Tur\u00edstico Inteligente. A premia\u00e7\u00e3o, criada pela Rede Ibero-Americana de Destinos Tur\u00edsticos Inteligentes (DTI), reconhece cidades que adotam estrat\u00e9gias inovadoras para aprimorar a experi\u00eancia dos visitantes, fortalecer a gest\u00e3o p\u00fablica e impulsionar o desenvolvimento sustent\u00e1vel do setor.<\/p>\n<p>Al\u00e9m do Brasil, Col\u00f4mbia, Uruguai e Peru tamb\u00e9m concorrem ao pr\u00eamio. Campo Grande tem a chance de trazer dois trof\u00e9us para casa. A Capital das Oportunidades \u00e9 finalista nas categorias Governan\u00e7a Tur\u00edstica, com o projeto Aplicativo Conecta Campo Grande, e Sustentabilidade Ambiental, com o Roteiro de Birdwatching (Observa\u00e7\u00e3o de Aves), evidenciando o avan\u00e7o da cidade na constru\u00e7\u00e3o de um destino tur\u00edstico inteligente e competitivo.<\/p>\n<p>\u201cEstar entre os finalistas j\u00e1 reconhece e fortalece a imagem do munic\u00edpio no cen\u00e1rio global, abrindo oportunidades para novas parcerias, investimentos e a troca de boas pr\u00e1ticas. Al\u00e9m disso, entendemos que a premia\u00e7\u00e3o impulsiona a consolida\u00e7\u00e3o de pol\u00edticas p\u00fablicas inovadoras e sustent\u00e1veis, alinhadas \u00e0s diretrizes internacionais de turismo respons\u00e1vel e inclusivo\u201d, destaca o secret\u00e1rio municipal de Meio Ambiente, Gest\u00e3o Urbana e Desenvolvimento Econ\u00f4mico, Sustent\u00e1vel e Tur\u00edstico (Semades), Ademar Silva Junior.<\/p>\n<h2><strong>Os projetos<\/strong><\/h2>\n<p>Finalista na categoria Governan\u00e7a Tur\u00edstica, o Aplicativo Conecta Campo Grande foi desenvolvido pela Ag\u00eancia Municipal de Tecnologia da Informa\u00e7\u00e3o (Agetec) para aproximar os cidad\u00e3os do poder p\u00fablico, garantindo acesso r\u00e1pido, eficiente e centralizado a informa\u00e7\u00f5es sobre diversos servi\u00e7os de forma funcional e intuitiva. Com o tempo, percebeu-se o potencial tur\u00edstico da ferramenta, levando \u00e0 implementa\u00e7\u00e3o de novas funcionalidades que oferecem uma solu\u00e7\u00e3o tecnol\u00f3gica, inclusiva e inovadora para os visitantes, sem custo algum.<\/p>\n<figure class=\"wp-block-image size-large\"><img fetchpriority=\"high\" decoding=\"async\" class=\"wp-image-134118\" src=\"https:\/\/cdn.campogrande.ms.gov.br\/portal\/prod\/uploads\/sites\/3\/2025\/02\/indice-1-1024x682.jpg\" sizes=\"(max-width: 1024px) 100vw, 1024px\" srcset=\"https:\/\/cdn.campogrande.ms.gov.br\/portal\/prod\/uploads\/sites\/3\/2025\/02\/indice-1-1024x682.jpg 1024w, https:\/\/cdn.campogrande.ms.gov.br\/portal\/prod\/uploads\/sites\/3\/2025\/02\/indice-1-300x200.jpg 300w, https:\/\/cdn.campogrande.ms.gov.br\/portal\/prod\/uploads\/sites\/3\/2025\/02\/indice-1-768x511.jpg 768w, https:\/\/cdn.campogrande.ms.gov.br\/portal\/prod\/uploads\/sites\/3\/2025\/02\/indice-1.jpg 1242w\" alt=\"\" width=\"1024\" height=\"682\" \/><\/figure>\n<p>\u201cA plataforma unifica informa\u00e7\u00f5es e servi\u00e7os essenciais para moradores e turistas, proporcionando uma experi\u00eancia integrada e acess\u00edvel. O aplicativo disponibiliza dados sobre hospedagem, atra\u00e7\u00f5es tur\u00edsticas, roteiros diversificados e outros servi\u00e7os fundamentais, beneficiando tanto os visitantes quanto a popula\u00e7\u00e3o local\u201d, explica o gerente de Desenvolvimento Tur\u00edstico, Wantuyr Tartari.<\/p>\n<p>J\u00e1 o Roteiro de Birdwatching (Observa\u00e7\u00e3o de Aves) foi desenvolvido em 2018 pela antiga Sectur, atual Secretaria Executiva de Cultura (Secult) e incorporada \u00e0 Semades, em parceria com empresas privadas e o Instituto Mamedes. O projeto promove o turismo sustent\u00e1vel por meio do mapeamento de \u00e1reas prop\u00edcias para a observa\u00e7\u00e3o de aves, buscando solucionar desafios como a falta de atividades estruturadas de ecoturismo, a baixa conscientiza\u00e7\u00e3o sobre a biodiversidade local e a necessidade de estrat\u00e9gias que integrem turismo, conserva\u00e7\u00e3o e educa\u00e7\u00e3o ambiental.<\/p>\n<p>O roteiro identificou e classificou os hotspots de observa\u00e7\u00e3o de aves em quatro categorias: Bike Birding, Acesso Livre, Acesso Controlado e Acesso Parcialmente Livre. Al\u00e9m de proporcionar uma experi\u00eancia organizada de birdwatching, a iniciativa agrega valor a Campo Grande como Destino Tur\u00edstico Inteligente (DTI), atraindo entusiastas e pesquisadores, al\u00e9m de estimular o envolvimento da comunidade na conserva\u00e7\u00e3o da biodiversidade. O roteiro foi elaborado em alinhamento com pol\u00edticas ambientais, incentivando pr\u00e1ticas de turismo respons\u00e1vel.<\/p>\n<p>A cerim\u00f4nia de premia\u00e7\u00e3o est\u00e1 prevista para ocorrer durante a programa\u00e7\u00e3o da Feira Internacional de Destinos Inteligentes (FIDI), que ser\u00e1 realizada em Bonito (MS), de 19 a 22 de mar\u00e7o, reunindo representantes de destinos tur\u00edsticos de toda a Ibero-Am\u00e9rica.<\/p>\n","protected":false},"excerpt":{"rendered":"<p>Campo Grande \u00e9 finalista do Pr\u00eamio Ibero-Americano de Destino Tur\u00edstico Inteligente. A premia\u00e7\u00e3o, criada pela Rede Ibero-Americana de Destinos Tur\u00edsticos Inteligentes (DTI), reconhece cidades que adotam estrat\u00e9gias inovadoras para aprimorar a experi\u00eancia dos visitantes, fortalecer a gest\u00e3o p\u00fablica e impulsionar o desenvolvimento sustent\u00e1vel do setor. Al\u00e9m do Brasil, Col\u00f4mbia, Uruguai e Peru tamb\u00e9m concorrem ao [&hellip;]<\/p>\n","protected":false},"author":3,"featured_media":32775,"comment_status":"open","ping_status":"open","sticky":false,"template":"","format":"standard","meta":{"om_disable_all_campaigns":false,"_monsterinsights_skip_tracking":false,"_monsterinsights_sitenote_active":false,"_monsterinsights_sitenote_note":"","_monsterinsights_sitenote_category":0,"footnotes":""},"categories":[27],"tags":[],"aioseo_notices":[],"_links":{"self":[{"href":"https:\/\/expressaoms.com.br\/index.php\/wp-json\/wp\/v2\/posts\/32772"}],"collection":[{"href":"https:\/\/expressaoms.com.br\/index.php\/wp-json\/wp\/v2\/posts"}],"about":[{"href":"https:\/\/expressaoms.com.br\/index.php\/wp-json\/wp\/v2\/types\/post"}],"author":[{"embeddable":true,"href":"https:\/\/expressaoms.com.br\/index.php\/wp-json\/wp\/v2\/users\/3"}],"replies":[{"embeddable":true,"href":"https:\/\/expressaoms.com.br\/index.php\/wp-json\/wp\/v2\/comments?post=32772"}],"version-history":[{"count":1,"href":"https:\/\/expressaoms.com.br\/index.php\/wp-json\/wp\/v2\/posts\/32772\/revisions"}],"predecessor-version":[{"id":32776,"href":"https:\/\/expressaoms.com.br\/index.php\/wp-json\/wp\/v2\/posts\/32772\/revisions\/32776"}],"wp:featuredmedia":[{"embeddable":true,"href":"https:\/\/expressaoms.com.br\/index.php\/wp-json\/wp\/v2\/media\/32775"}],"wp:attachment":[{"href":"https:\/\/expressaoms.com.br\/index.php\/wp-json\/wp\/v2\/media?parent=32772"}],"wp:term":[{"taxonomy":"category","embeddable":true,"href":"https:\/\/expressaoms.com.br\/index.php\/wp-json\/wp\/v2\/categories?post=32772"},{"taxonomy":"post_tag","embeddable":true,"href":"https:\/\/expressaoms.com.br\/index.php\/wp-json\/wp\/v2\/tags?post=32772"}],"curies":[{"name":"wp","href":"https:\/\/api.w.org\/{rel}","templated":true}]}}