{"id":32773,"date":"2025-02-15T11:42:06","date_gmt":"2025-02-15T15:42:06","guid":{"rendered":"https:\/\/expressaoms.com.br\/?p=32773"},"modified":"2025-03-17T14:14:36","modified_gmt":"2025-03-17T18:14:36","slug":"edital-de-convocacao-para-a-eleicao-e-posse-da-comissao-de-contas-da-adtl-para-o-ano-de-2025","status":"publish","type":"post","link":"https:\/\/expressaoms.com.br\/index.php\/2025\/02\/15\/edital-de-convocacao-para-a-eleicao-e-posse-da-comissao-de-contas-da-adtl-para-o-ano-de-2025\/","title":{"rendered":"EDITAL DE CONVOCA\u00c7\u00c3O PARA A ELEI\u00c7\u00c3O E POSSE DA COMISS\u00c3O DE CONTAS DA ADTL PARA O ANO DE 2025"},"content":{"rendered":"\t\t<div data-elementor-type=\"wp-post\" data-elementor-id=\"32773\" class=\"elementor elementor-32773\" data-elementor-post-type=\"post\">\n\t\t\t\t<div class=\"elementor-element elementor-element-47fa7df e-flex e-con-boxed e-con e-parent\" data-id=\"47fa7df\" data-element_type=\"container\">\n\t\t\t\t\t<div class=\"e-con-inner\">\n\t\t<div class=\"elementor-element elementor-element-c822fac e-flex e-con-boxed e-con e-child\" data-id=\"c822fac\" data-element_type=\"container\">\n\t\t\t\t\t<div class=\"e-con-inner\">\n\t\t<div class=\"elementor-element elementor-element-881d195 e-flex e-con-boxed e-con e-child\" data-id=\"881d195\" data-element_type=\"container\">\n\t\t\t\t\t<div class=\"e-con-inner\">\n\t\t\t\t<div class=\"elementor-element elementor-element-e6ab2b4 elementor-widget elementor-widget-text-editor\" data-id=\"e6ab2b4\" data-element_type=\"widget\" data-widget_type=\"text-editor.default\">\n\t\t\t\t<div class=\"elementor-widget-container\">\n\t\t\t\t\t\t\t\t\t<h2 style=\"text-align: center;\">EDITAL DE CONVOCA\u00c7\u00c3O<\/h2><p><\/p><\/div><\/div><\/div><\/div><\/div><\/div><\/div><\/div><\/div><br><a class=\"btn btn-theme post-btn\" href=\"https:\/\/expressaoms.com.br\/index.php\/2025\/02\/15\/edital-de-convocacao-para-a-eleicao-e-posse-da-comissao-de-contas-da-adtl-para-o-ano-de-2025\/\">Read More<\/a>","protected":false},"excerpt":{"rendered":"<p>EDITAL DE CONVOCA\u00c7\u00c3O<\/p>\n","protected":false},"author":2,"featured_media":0,"comment_status":"open","ping_status":"open","sticky":false,"template":"","format":"standard","meta":{"om_disable_all_campaigns":false,"_monsterinsights_skip_tracking":false,"_monsterinsights_sitenote_active":false,"_monsterinsights_sitenote_note":"","_monsterinsights_sitenote_category":0,"footnotes":""},"categories":[347],"tags":[],"aioseo_notices":[],"_links":{"self":[{"href":"https:\/\/expressaoms.com.br\/index.php\/wp-json\/wp\/v2\/posts\/32773"}],"collection":[{"href":"https:\/\/expressaoms.com.br\/index.php\/wp-json\/wp\/v2\/posts"}],"about":[{"href":"https:\/\/expressaoms.com.br\/index.php\/wp-json\/wp\/v2\/types\/post"}],"author":[{"embeddable":true,"href":"https:\/\/expressaoms.com.br\/index.php\/wp-json\/wp\/v2\/users\/2"}],"replies":[{"embeddable":true,"href":"https:\/\/expressaoms.com.br\/index.php\/wp-json\/wp\/v2\/comments?post=32773"}],"version-history":[{"count":7,"href":"https:\/\/expressaoms.com.br\/index.php\/wp-json\/wp\/v2\/posts\/32773\/revisions"}],"predecessor-version":[{"id":33219,"href":"https:\/\/expressaoms.com.br\/index.php\/wp-json\/wp\/v2\/posts\/32773\/revisions\/33219"}],"wp:attachment":[{"href":"https:\/\/expressaoms.com.br\/index.php\/wp-json\/wp\/v2\/media?parent=32773"}],"wp:term":[{"taxonomy":"category","embeddable":true,"href":"https:\/\/expressaoms.com.br\/index.php\/wp-json\/wp\/v2\/categories?post=32773"},{"taxonomy":"post_tag","embeddable":true,"href":"https:\/\/expressaoms.com.br\/index.php\/wp-json\/wp\/v2\/tags?post=32773"}],"curies":[{"name":"wp","href":"https:\/\/api.w.org\/{rel}","templated":true}]}}