{"id":32787,"date":"2025-02-15T11:53:44","date_gmt":"2025-02-15T15:53:44","guid":{"rendered":"https:\/\/expressaoms.com.br\/?p=32787"},"modified":"2025-03-17T14:14:07","modified_gmt":"2025-03-17T18:14:07","slug":"edital-de-convocacao-para-a-eleicao-e-posse-da-diretoria-da-abadtlar-para-o-ano-de-2025","status":"publish","type":"post","link":"https:\/\/expressaoms.com.br\/index.php\/2025\/02\/15\/edital-de-convocacao-para-a-eleicao-e-posse-da-diretoria-da-abadtlar-para-o-ano-de-2025\/","title":{"rendered":"EDITAL DE CONVOCA\u00c7\u00c3O PARA A ELEI\u00c7\u00c3O E POSSE DA DIRETORIA DA ABADTLAR PARA O ANO DE 2025"},"content":{"rendered":"\t\t<div data-elementor-type=\"wp-post\" data-elementor-id=\"32787\" class=\"elementor elementor-32787\" data-elementor-post-type=\"post\">\n\t\t\t\t<div class=\"elementor-element elementor-element-63dd8bc e-flex e-con-boxed e-con e-parent\" data-id=\"63dd8bc\" data-element_type=\"container\">\n\t\t\t\t\t<div class=\"e-con-inner\">\n\t\t<div class=\"elementor-element elementor-element-ae813bb e-flex e-con-boxed e-con e-child\" data-id=\"ae813bb\" data-element_type=\"container\">\n\t\t\t\t\t<div class=\"e-con-inner\">\n\t\t<div class=\"elementor-element elementor-element-23ea65d e-flex e-con-boxed e-con e-child\" data-id=\"23ea65d\" data-element_type=\"container\">\n\t\t\t\t\t<div class=\"e-con-inner\">\n\t\t\t\t<div class=\"elementor-element elementor-element-914acc3 elementor-widget elementor-widget-text-editor\" data-id=\"914acc3\" data-element_type=\"widget\" data-widget_type=\"text-editor.default\">\n\t\t\t\t<div class=\"elementor-widget-container\">\n\t\t\t\t\t\t\t\t\t<h2 style=\"text-align: center;\">EDITAL DE CONVOCA\u00c7\u00c3O<\/h2><p><\/p><\/div><\/div><\/div><\/div><\/div><\/div><\/div><\/div><\/div><br><a class=\"btn btn-theme post-btn\" href=\"https:\/\/expressaoms.com.br\/index.php\/2025\/02\/15\/edital-de-convocacao-para-a-eleicao-e-posse-da-diretoria-da-abadtlar-para-o-ano-de-2025\/\">Read More<\/a>","protected":false},"excerpt":{"rendered":"<p>EDITAL DE CONVOCA\u00c7\u00c3O<\/p>\n","protected":false},"author":2,"featured_media":0,"comment_status":"open","ping_status":"open","sticky":false,"template":"","format":"standard","meta":{"om_disable_all_campaigns":false,"_monsterinsights_skip_tracking":false,"_monsterinsights_sitenote_active":false,"_monsterinsights_sitenote_note":"","_monsterinsights_sitenote_category":0,"footnotes":""},"categories":[347],"tags":[],"aioseo_notices":[],"_links":{"self":[{"href":"https:\/\/expressaoms.com.br\/index.php\/wp-json\/wp\/v2\/posts\/32787"}],"collection":[{"href":"https:\/\/expressaoms.com.br\/index.php\/wp-json\/wp\/v2\/posts"}],"about":[{"href":"https:\/\/expressaoms.com.br\/index.php\/wp-json\/wp\/v2\/types\/post"}],"author":[{"embeddable":true,"href":"https:\/\/expressaoms.com.br\/index.php\/wp-json\/wp\/v2\/users\/2"}],"replies":[{"embeddable":true,"href":"https:\/\/expressaoms.com.br\/index.php\/wp-json\/wp\/v2\/comments?post=32787"}],"version-history":[{"count":7,"href":"https:\/\/expressaoms.com.br\/index.php\/wp-json\/wp\/v2\/posts\/32787\/revisions"}],"predecessor-version":[{"id":33216,"href":"https:\/\/expressaoms.com.br\/index.php\/wp-json\/wp\/v2\/posts\/32787\/revisions\/33216"}],"wp:attachment":[{"href":"https:\/\/expressaoms.com.br\/index.php\/wp-json\/wp\/v2\/media?parent=32787"}],"wp:term":[{"taxonomy":"category","embeddable":true,"href":"https:\/\/expressaoms.com.br\/index.php\/wp-json\/wp\/v2\/categories?post=32787"},{"taxonomy":"post_tag","embeddable":true,"href":"https:\/\/expressaoms.com.br\/index.php\/wp-json\/wp\/v2\/tags?post=32787"}],"curies":[{"name":"wp","href":"https:\/\/api.w.org\/{rel}","templated":true}]}}