{"id":32792,"date":"2025-02-26T14:46:36","date_gmt":"2025-02-26T18:46:36","guid":{"rendered":"https:\/\/expressaoms.com.br\/?p=32792"},"modified":"2025-02-26T14:46:36","modified_gmt":"2025-02-26T18:46:36","slug":"ainda-restam-vagas-diretoria-de-cultura-oferece-vagas-para-aulas-coral","status":"publish","type":"post","link":"https:\/\/expressaoms.com.br\/index.php\/2025\/02\/26\/ainda-restam-vagas-diretoria-de-cultura-oferece-vagas-para-aulas-coral\/","title":{"rendered":"AINDA RESTAM VAGAS \u2013 Diretoria de Cultura oferece vagas para aulas coral"},"content":{"rendered":"<p>Quem ainda n\u00e3o matriculou nas aulas dos Projetos Diretoria de Cultura, tem uma \u00faltima oportunidade, ainda restam vagas para as aulas de coral, ofertadas pela Prefeitura de Tr\u00eas Lagoas, por meio da Secretaria Municipal de Educa\u00e7\u00e3o e Cultura (SEMEC).<\/p>\n<p><strong>VAGAS DISPON\u00cdVEIS<\/strong><\/p>\n<p>CORAL<\/p>\n<p>Idade: De 08 a 15 anos:<\/p>\n<p>Per\u00edodo: Matutino e Vespertino<\/p>\n<p><strong>COMO EFETUAR MATR\u00cdCULA<\/strong><\/p>\n<p>Quem estiver interessado deve procurar a Diretoria de Cultura para efetuar a matr\u00edcula. S\u00e3o exigidos os seguintes documentos: c\u00f3pia do RG, CPF, comprovante de resid\u00eancia e matr\u00edcula escolar. No caso dos menores de idade, tamb\u00e9m \u00e9 necess\u00e1rio apresentar c\u00f3pia do RG e CPF do respons\u00e1vel.<\/p>\n<p><strong>SERVI\u00c7O<\/strong><\/p>\n<p>Local: Diretoria de Cultura<\/p>\n<p>Endere\u00e7o: Avenida Ros\u00e1rio Congro, n\u00ba 560 \u2013 centro<\/p>\n<p>Telefone: (67) 98139-3524<\/p>\n<p>Hor\u00e1rio de atendimento: das 07h \u00e0s 11h e das 13h \u00e0s 17h<\/p>\n","protected":false},"excerpt":{"rendered":"<p>Quem ainda n\u00e3o matriculou nas aulas dos Projetos Diretoria de Cultura, tem uma \u00faltima oportunidade, ainda restam vagas para as aulas de coral, ofertadas pela Prefeitura de Tr\u00eas Lagoas, por meio da Secretaria Municipal de Educa\u00e7\u00e3o e Cultura (SEMEC). VAGAS DISPON\u00cdVEIS CORAL Idade: De 08 a 15 anos: Per\u00edodo: Matutino e Vespertino COMO EFETUAR MATR\u00cdCULA [&hellip;]<\/p>\n","protected":false},"author":2,"featured_media":32793,"comment_status":"open","ping_status":"open","sticky":false,"template":"","format":"standard","meta":{"om_disable_all_campaigns":false,"_monsterinsights_skip_tracking":false,"_monsterinsights_sitenote_active":false,"_monsterinsights_sitenote_note":"","_monsterinsights_sitenote_category":0,"footnotes":""},"categories":[36,48],"tags":[],"aioseo_notices":[],"_links":{"self":[{"href":"https:\/\/expressaoms.com.br\/index.php\/wp-json\/wp\/v2\/posts\/32792"}],"collection":[{"href":"https:\/\/expressaoms.com.br\/index.php\/wp-json\/wp\/v2\/posts"}],"about":[{"href":"https:\/\/expressaoms.com.br\/index.php\/wp-json\/wp\/v2\/types\/post"}],"author":[{"embeddable":true,"href":"https:\/\/expressaoms.com.br\/index.php\/wp-json\/wp\/v2\/users\/2"}],"replies":[{"embeddable":true,"href":"https:\/\/expressaoms.com.br\/index.php\/wp-json\/wp\/v2\/comments?post=32792"}],"version-history":[{"count":1,"href":"https:\/\/expressaoms.com.br\/index.php\/wp-json\/wp\/v2\/posts\/32792\/revisions"}],"predecessor-version":[{"id":32794,"href":"https:\/\/expressaoms.com.br\/index.php\/wp-json\/wp\/v2\/posts\/32792\/revisions\/32794"}],"wp:featuredmedia":[{"embeddable":true,"href":"https:\/\/expressaoms.com.br\/index.php\/wp-json\/wp\/v2\/media\/32793"}],"wp:attachment":[{"href":"https:\/\/expressaoms.com.br\/index.php\/wp-json\/wp\/v2\/media?parent=32792"}],"wp:term":[{"taxonomy":"category","embeddable":true,"href":"https:\/\/expressaoms.com.br\/index.php\/wp-json\/wp\/v2\/categories?post=32792"},{"taxonomy":"post_tag","embeddable":true,"href":"https:\/\/expressaoms.com.br\/index.php\/wp-json\/wp\/v2\/tags?post=32792"}],"curies":[{"name":"wp","href":"https:\/\/api.w.org\/{rel}","templated":true}]}}