{"id":32801,"date":"2025-02-27T07:56:12","date_gmt":"2025-02-27T11:56:12","guid":{"rendered":"https:\/\/expressaoms.com.br\/?p=32801"},"modified":"2025-02-27T07:56:12","modified_gmt":"2025-02-27T11:56:12","slug":"audiencia-publica-apresenta-relatorio-da-saude-e-prestacao-de-contas-do-ultimo-quadrimestre-de-2024","status":"publish","type":"post","link":"https:\/\/expressaoms.com.br\/index.php\/2025\/02\/27\/audiencia-publica-apresenta-relatorio-da-saude-e-prestacao-de-contas-do-ultimo-quadrimestre-de-2024\/","title":{"rendered":"Audi\u00eancia P\u00fablica apresenta relat\u00f3rio da sa\u00fade e presta\u00e7\u00e3o de contas do \u00faltimo quadrimestre de 2024"},"content":{"rendered":"<p data-raofz=\"16\">A Prefeitura Municipal de Tr\u00eas Lagoas, por meio da Secretaria Municipal de Sa\u00fade (SMS), realizou na ter\u00e7a-feira, dia 26 de fevereiro, Audi\u00eancia P\u00fablica para a apresenta\u00e7\u00e3o do Relat\u00f3rio Detalhado do Quadrimestre Anterior (RDQA) \u2013 referente ao \u00faltimo quadrimestre do exerc\u00edcio de 2024, o evento aconteceu na C\u00e2mara Municipal.<\/p>\n<p data-raofz=\"16\">A Audi\u00eancia teve como objetivo principal apresentar \u00e0 popula\u00e7\u00e3o os investimentos, desafios e conquistas na \u00e1rea da sa\u00fade, garantindo transpar\u00eancia na gest\u00e3o p\u00fablica, conforme determina o artigo 36 da Lei Complementar 141\/2012.<\/p>\n<p data-raofz=\"16\">Durante a apresenta\u00e7\u00e3o, foram abordados diversos aspectos do panorama da sa\u00fade p\u00fablica no munic\u00edpio, incluindo resultados alcan\u00e7ados, metas atingidas e desafios enfrentados ao longo do \u00faltimo quadrimestre. O evento refor\u00e7ou a import\u00e2ncia da participa\u00e7\u00e3o popular no acompanhamento e fiscaliza\u00e7\u00e3o das a\u00e7\u00f5es da sa\u00fade, promovendo o di\u00e1logo entre a administra\u00e7\u00e3o p\u00fablica e a comunidade.<\/p>\n<p data-raofz=\"16\">Veja a apresenta\u00e7\u00e3o completa com todas as informa\u00e7\u00f5es: <a role=\"link\" href=\"http:\/\/www.treslagoas.ms.gov.br\/wp-content\/uploads\/2025\/02\/3o-RDQA-2024.pdf\" data-type=\"link\" data-id=\"http:\/\/www.treslagoas.ms.gov.br\/wp-content\/uploads\/2025\/02\/3o-RDQA-2024.pdf\" data-raofz=\"16\">AQUI<\/a><\/p>\n","protected":false},"excerpt":{"rendered":"<p>A Prefeitura Municipal de Tr\u00eas Lagoas, por meio da Secretaria Municipal de Sa\u00fade (SMS), realizou na ter\u00e7a-feira, dia 26 de fevereiro, Audi\u00eancia P\u00fablica para a apresenta\u00e7\u00e3o do Relat\u00f3rio Detalhado do Quadrimestre Anterior (RDQA) \u2013 referente ao \u00faltimo quadrimestre do exerc\u00edcio de 2024, o evento aconteceu na C\u00e2mara Municipal. A Audi\u00eancia teve como objetivo principal apresentar [&hellip;]<\/p>\n","protected":false},"author":2,"featured_media":32802,"comment_status":"open","ping_status":"open","sticky":false,"template":"","format":"standard","meta":{"om_disable_all_campaigns":false,"_monsterinsights_skip_tracking":false,"_monsterinsights_sitenote_active":false,"_monsterinsights_sitenote_note":"","_monsterinsights_sitenote_category":0,"footnotes":""},"categories":[36,48],"tags":[],"aioseo_notices":[],"_links":{"self":[{"href":"https:\/\/expressaoms.com.br\/index.php\/wp-json\/wp\/v2\/posts\/32801"}],"collection":[{"href":"https:\/\/expressaoms.com.br\/index.php\/wp-json\/wp\/v2\/posts"}],"about":[{"href":"https:\/\/expressaoms.com.br\/index.php\/wp-json\/wp\/v2\/types\/post"}],"author":[{"embeddable":true,"href":"https:\/\/expressaoms.com.br\/index.php\/wp-json\/wp\/v2\/users\/2"}],"replies":[{"embeddable":true,"href":"https:\/\/expressaoms.com.br\/index.php\/wp-json\/wp\/v2\/comments?post=32801"}],"version-history":[{"count":1,"href":"https:\/\/expressaoms.com.br\/index.php\/wp-json\/wp\/v2\/posts\/32801\/revisions"}],"predecessor-version":[{"id":32803,"href":"https:\/\/expressaoms.com.br\/index.php\/wp-json\/wp\/v2\/posts\/32801\/revisions\/32803"}],"wp:featuredmedia":[{"embeddable":true,"href":"https:\/\/expressaoms.com.br\/index.php\/wp-json\/wp\/v2\/media\/32802"}],"wp:attachment":[{"href":"https:\/\/expressaoms.com.br\/index.php\/wp-json\/wp\/v2\/media?parent=32801"}],"wp:term":[{"taxonomy":"category","embeddable":true,"href":"https:\/\/expressaoms.com.br\/index.php\/wp-json\/wp\/v2\/categories?post=32801"},{"taxonomy":"post_tag","embeddable":true,"href":"https:\/\/expressaoms.com.br\/index.php\/wp-json\/wp\/v2\/tags?post=32801"}],"curies":[{"name":"wp","href":"https:\/\/api.w.org\/{rel}","templated":true}]}}