{"id":32813,"date":"2025-02-27T08:05:30","date_gmt":"2025-02-27T12:05:30","guid":{"rendered":"https:\/\/expressaoms.com.br\/?p=32813"},"modified":"2025-02-27T08:05:30","modified_gmt":"2025-02-27T12:05:30","slug":"com-cenario-economico-em-expansao-governo-de-ms-poe-fim-ao-regime-especial-de-tributacao-no-agronegocio","status":"publish","type":"post","link":"https:\/\/expressaoms.com.br\/index.php\/2025\/02\/27\/com-cenario-economico-em-expansao-governo-de-ms-poe-fim-ao-regime-especial-de-tributacao-no-agronegocio\/","title":{"rendered":"Com cen\u00e1rio econ\u00f4mico em expans\u00e3o, Governo de MS p\u00f5e fim ao regime especial de tributa\u00e7\u00e3o no agroneg\u00f3cio"},"content":{"rendered":"<p>Atendendo um compromisso pol\u00edtico com o setor do agroneg\u00f3cio, que reivindicava mais liberdade de mercado e comercializa\u00e7\u00e3o, o Governo de Mato Grosso do Sul decidiu p\u00f4r fim ao regime de\u00a0 paridade das exporta\u00e7\u00f5es de soja e milho no Estado, que vigorava h\u00e1 quase 20 anos.<\/p>\n<p>A decis\u00e3o foi poss\u00edvel diante de um panorama de expans\u00e3o econ\u00f4mica e agroindustrializa\u00e7\u00e3o, que est\u00e1 demandando a produ\u00e7\u00e3o do campo que est\u00e1 sendo direcionada \u00e0s plantas fabris instaladas no Estado.<\/p>\n<p>Em solenidade ocorrida na tarde de hoje (26) na Famasul (Federa\u00e7\u00e3o da Agricultura e Pecu\u00e1ria de Mato Grosso do Sul), na presen\u00e7a de dirigentes do setor produtivo, secret\u00e1rios de Estado e parlamentares das bancada federal e estadual, o governador Eduardo Riedel assinou decreto colocando fim ao regime especial de tributa\u00e7\u00e3o de gr\u00e3os.<\/p>\n<p>De acordo com o chefe do Executivo estadual, houve um amadurecimento e consolida\u00e7\u00e3o do ambiente de neg\u00f3cios no Estado que permitiu revogar a medida e trazer mais competitividade ao setor produtivo local.<\/p>\n<p>\u201cN\u00f3s sa\u00edmos de um Estado evidentemente exportador para um que processa boa parte da sua produ\u00e7\u00e3o aqui, que tem um com\u00e9rcio interestadual muito forte tamb\u00e9m, com o Paran\u00e1, Santa Catarina, S\u00e3o Paulo, e n\u00e3o fazia muito mais sentido a gente manter a lei da paridade apesar dela ser sido importante no passado\u201d.<\/p>\n<p>Riedel acredita que o fim da paridade n\u00e3o coloca em risco as receitas do Estado e a meta de responsabilidade com o sistema fiscal e tribut\u00e1rio. \u201cPara garantir uma fonte de receita, n\u00f3s acreditamos que essa maturidade e essa din\u00e2mica do mercado vai manter a receita. O sistema est\u00e1 maduro para a paridade ser extinta\u201d.<\/p>\n<div id=\"gallery-1\" class=\"gallery galleryid-504287 gallery-columns-2 gallery-size-large\">\n<figure class=\"gallery-item\">\n<div class=\"gallery-icon landscape\"><a href=\"https:\/\/agenciadenoticias.ms.gov.br\/wp-content\/uploads\/2025\/02\/Fotos-Alvaro-Rezende-2-6-scaled.jpg\"><img fetchpriority=\"high\" decoding=\"async\" class=\"attachment-large size-large\" src=\"https:\/\/agenciadenoticias.ms.gov.br\/wp-content\/uploads\/2025\/02\/Fotos-Alvaro-Rezende-2-6-1024x683.jpg\" sizes=\"(max-width: 1024px) 100vw, 1024px\" srcset=\"https:\/\/agenciadenoticias.ms.gov.br\/wp-content\/uploads\/2025\/02\/Fotos-Alvaro-Rezende-2-6-1024x683.jpg 1024w, https:\/\/agenciadenoticias.ms.gov.br\/wp-content\/uploads\/2025\/02\/Fotos-Alvaro-Rezende-2-6-300x200.jpg 300w, https:\/\/agenciadenoticias.ms.gov.br\/wp-content\/uploads\/2025\/02\/Fotos-Alvaro-Rezende-2-6-768x512.jpg 768w, https:\/\/agenciadenoticias.ms.gov.br\/wp-content\/uploads\/2025\/02\/Fotos-Alvaro-Rezende-2-6-1536x1024.jpg 1536w, https:\/\/agenciadenoticias.ms.gov.br\/wp-content\/uploads\/2025\/02\/Fotos-Alvaro-Rezende-2-6-2048x1365.jpg 2048w, https:\/\/agenciadenoticias.ms.gov.br\/wp-content\/uploads\/2025\/02\/Fotos-Alvaro-Rezende-2-6-350x232.jpg 350w, https:\/\/agenciadenoticias.ms.gov.br\/wp-content\/uploads\/2025\/02\/Fotos-Alvaro-Rezende-2-6-scaled.jpg 1920w\" alt=\"\" width=\"1024\" height=\"683\" \/><\/a><\/div>\n<\/figure>\n<figure class=\"gallery-item\">\n<div class=\"gallery-icon landscape\"><a href=\"https:\/\/agenciadenoticias.ms.gov.br\/wp-content\/uploads\/2025\/02\/Fotos-Alvaro-Rezende-14-2-scaled.jpg\"><img decoding=\"async\" class=\"attachment-large size-large\" src=\"https:\/\/agenciadenoticias.ms.gov.br\/wp-content\/uploads\/2025\/02\/Fotos-Alvaro-Rezende-14-2-1024x683.jpg\" sizes=\"(max-width: 1024px) 100vw, 1024px\" srcset=\"https:\/\/agenciadenoticias.ms.gov.br\/wp-content\/uploads\/2025\/02\/Fotos-Alvaro-Rezende-14-2-1024x683.jpg 1024w, https:\/\/agenciadenoticias.ms.gov.br\/wp-content\/uploads\/2025\/02\/Fotos-Alvaro-Rezende-14-2-300x200.jpg 300w, https:\/\/agenciadenoticias.ms.gov.br\/wp-content\/uploads\/2025\/02\/Fotos-Alvaro-Rezende-14-2-768x512.jpg 768w, https:\/\/agenciadenoticias.ms.gov.br\/wp-content\/uploads\/2025\/02\/Fotos-Alvaro-Rezende-14-2-1536x1024.jpg 1536w, https:\/\/agenciadenoticias.ms.gov.br\/wp-content\/uploads\/2025\/02\/Fotos-Alvaro-Rezende-14-2-2048x1365.jpg 2048w, https:\/\/agenciadenoticias.ms.gov.br\/wp-content\/uploads\/2025\/02\/Fotos-Alvaro-Rezende-14-2-350x232.jpg 350w, https:\/\/agenciadenoticias.ms.gov.br\/wp-content\/uploads\/2025\/02\/Fotos-Alvaro-Rezende-14-2-scaled.jpg 1920w\" alt=\"\" width=\"1024\" height=\"683\" \/><\/a><\/div>\n<\/figure>\n<figure class=\"gallery-item\">\n<div class=\"gallery-icon landscape\"><a href=\"https:\/\/agenciadenoticias.ms.gov.br\/wp-content\/uploads\/2025\/02\/Fotos-Alvaro-Rezende-13-4-scaled.jpg\"><img decoding=\"async\" class=\"attachment-large size-large\" src=\"https:\/\/agenciadenoticias.ms.gov.br\/wp-content\/uploads\/2025\/02\/Fotos-Alvaro-Rezende-13-4-1024x683.jpg\" sizes=\"auto, (max-width: 1024px) 100vw, 1024px\" srcset=\"https:\/\/agenciadenoticias.ms.gov.br\/wp-content\/uploads\/2025\/02\/Fotos-Alvaro-Rezende-13-4-1024x683.jpg 1024w, https:\/\/agenciadenoticias.ms.gov.br\/wp-content\/uploads\/2025\/02\/Fotos-Alvaro-Rezende-13-4-300x200.jpg 300w, https:\/\/agenciadenoticias.ms.gov.br\/wp-content\/uploads\/2025\/02\/Fotos-Alvaro-Rezende-13-4-768x512.jpg 768w, https:\/\/agenciadenoticias.ms.gov.br\/wp-content\/uploads\/2025\/02\/Fotos-Alvaro-Rezende-13-4-1536x1024.jpg 1536w, https:\/\/agenciadenoticias.ms.gov.br\/wp-content\/uploads\/2025\/02\/Fotos-Alvaro-Rezende-13-4-2048x1365.jpg 2048w, https:\/\/agenciadenoticias.ms.gov.br\/wp-content\/uploads\/2025\/02\/Fotos-Alvaro-Rezende-13-4-350x232.jpg 350w, https:\/\/agenciadenoticias.ms.gov.br\/wp-content\/uploads\/2025\/02\/Fotos-Alvaro-Rezende-13-4-scaled.jpg 1920w\" alt=\"\" width=\"1024\" height=\"683\" \/><\/a><\/div>\n<\/figure>\n<figure class=\"gallery-item\">\n<div class=\"gallery-icon landscape\"><a href=\"https:\/\/agenciadenoticias.ms.gov.br\/wp-content\/uploads\/2025\/02\/Fotos-Alvaro-Rezende-4-5-scaled.jpg\"><img loading=\"lazy\" decoding=\"async\" class=\"attachment-large size-large\" src=\"https:\/\/agenciadenoticias.ms.gov.br\/wp-content\/uploads\/2025\/02\/Fotos-Alvaro-Rezende-4-5-1024x683.jpg\" sizes=\"auto, (max-width: 1024px) 100vw, 1024px\" srcset=\"https:\/\/agenciadenoticias.ms.gov.br\/wp-content\/uploads\/2025\/02\/Fotos-Alvaro-Rezende-4-5-1024x683.jpg 1024w, https:\/\/agenciadenoticias.ms.gov.br\/wp-content\/uploads\/2025\/02\/Fotos-Alvaro-Rezende-4-5-300x200.jpg 300w, https:\/\/agenciadenoticias.ms.gov.br\/wp-content\/uploads\/2025\/02\/Fotos-Alvaro-Rezende-4-5-768x512.jpg 768w, https:\/\/agenciadenoticias.ms.gov.br\/wp-content\/uploads\/2025\/02\/Fotos-Alvaro-Rezende-4-5-1536x1024.jpg 1536w, https:\/\/agenciadenoticias.ms.gov.br\/wp-content\/uploads\/2025\/02\/Fotos-Alvaro-Rezende-4-5-2048x1365.jpg 2048w, https:\/\/agenciadenoticias.ms.gov.br\/wp-content\/uploads\/2025\/02\/Fotos-Alvaro-Rezende-4-5-350x232.jpg 350w, https:\/\/agenciadenoticias.ms.gov.br\/wp-content\/uploads\/2025\/02\/Fotos-Alvaro-Rezende-4-5-scaled.jpg 1920w\" alt=\"\" width=\"1024\" height=\"683\" \/><\/a><\/div>\n<\/figure>\n<\/div>\n<p>O Governo do Estado avalia que a paridade funcionou como um importante mecanismo de fomento e est\u00edmulo \u00e0 industrializa\u00e7\u00e3o do gr\u00e3o. Hoje, cerca de 44% das opera\u00e7\u00f5es de soja e milho, s\u00e3o internas, fruto de uma maturidade do mercado e da agroindustrializa\u00e7\u00e3o, com o milho sendo utilizado na produ\u00e7\u00e3o de etanol e de ra\u00e7\u00e3o animal, e a soja na produ\u00e7\u00e3o de \u00f3leo refinado e farelo.<\/p>\n<p>Atualmente, a capacidade instalada de processamento nas ind\u00fastrias de soja no processar \u00e9 de 18.080 toneladas\/dia do gr\u00e3o, cerca de 6,5 milh\u00f5es de toneladas\/ano, ou pouco mais de 40% da safra.<\/p>\n<p>Segundo o secret\u00e1rio da Semadesc (Secretaria de Meio Ambiente, Desenvolvimento, Ci\u00eancia, Tecnologia e Inova\u00e7\u00e3o), Jaime Verruck, desde 2005, a equival\u00eancia da exporta\u00e7\u00e3o, tamb\u00e9m conhecida como paridade de exporta\u00e7\u00e3o, era um importante mecanismo regulat\u00f3rio aplicado ao setor agropecu\u00e1rio em Mato Grosso do Sul.<\/p>\n<p>&#8220;Ele funcionava como uma forma de evitar perdas de receita para o Estado, uma vez que as exporta\u00e7\u00f5es s\u00e3o isentas de ICMS&#8221;, explica.<\/p>\n<p>O titular da Semadesc tamb\u00e9m destacou que o equil\u00edbrio das contas p\u00fablicas e da arrecada\u00e7\u00e3o de ICMS, assim como a expans\u00e3o da produ\u00e7\u00e3o de gr\u00e3os e a atra\u00e7\u00e3o de novas agroind\u00fastrias, deram condi\u00e7\u00f5es para que o governo tomasse esta decis\u00e3o.<\/p>\n<p>Para o presidente da Famasul, Marcelo Bertoni,\u00a0 a medida vai contribuir para aumentar a produ\u00e7\u00e3o local com um consumo interno aquecido. &#8220;\u00c9 uma atitude de grande de relev\u00e2ncia, estamos trabalhando para produzir e ter um pre\u00e7o competitivo&#8221;, comenta.<\/p>\n<div id=\"gallery-2\" class=\"gallery galleryid-504287 gallery-columns-3 gallery-size-large\">\n<figure class=\"gallery-item\">\n<div class=\"gallery-icon landscape\"><a href=\"https:\/\/agenciadenoticias.ms.gov.br\/wp-content\/uploads\/2025\/02\/Fotos-Alvaro-Rezende-5-4-scaled.jpg\"><img loading=\"lazy\" decoding=\"async\" class=\"attachment-large size-large\" src=\"https:\/\/agenciadenoticias.ms.gov.br\/wp-content\/uploads\/2025\/02\/Fotos-Alvaro-Rezende-5-4-1024x683.jpg\" sizes=\"auto, (max-width: 1024px) 100vw, 1024px\" srcset=\"https:\/\/agenciadenoticias.ms.gov.br\/wp-content\/uploads\/2025\/02\/Fotos-Alvaro-Rezende-5-4-1024x683.jpg 1024w, https:\/\/agenciadenoticias.ms.gov.br\/wp-content\/uploads\/2025\/02\/Fotos-Alvaro-Rezende-5-4-300x200.jpg 300w, https:\/\/agenciadenoticias.ms.gov.br\/wp-content\/uploads\/2025\/02\/Fotos-Alvaro-Rezende-5-4-768x512.jpg 768w, https:\/\/agenciadenoticias.ms.gov.br\/wp-content\/uploads\/2025\/02\/Fotos-Alvaro-Rezende-5-4-1536x1024.jpg 1536w, https:\/\/agenciadenoticias.ms.gov.br\/wp-content\/uploads\/2025\/02\/Fotos-Alvaro-Rezende-5-4-2048x1365.jpg 2048w, https:\/\/agenciadenoticias.ms.gov.br\/wp-content\/uploads\/2025\/02\/Fotos-Alvaro-Rezende-5-4-350x232.jpg 350w, https:\/\/agenciadenoticias.ms.gov.br\/wp-content\/uploads\/2025\/02\/Fotos-Alvaro-Rezende-5-4-scaled.jpg 1920w\" alt=\"\" width=\"1024\" height=\"683\" \/><\/a><\/div>\n<\/figure>\n<figure class=\"gallery-item\">\n<div class=\"gallery-icon landscape\"><a href=\"https:\/\/agenciadenoticias.ms.gov.br\/wp-content\/uploads\/2025\/02\/Fotos-Alvaro-Rezende-3-4-scaled.jpg\"><img loading=\"lazy\" decoding=\"async\" class=\"attachment-large size-large\" src=\"https:\/\/agenciadenoticias.ms.gov.br\/wp-content\/uploads\/2025\/02\/Fotos-Alvaro-Rezende-3-4-1024x683.jpg\" sizes=\"auto, (max-width: 1024px) 100vw, 1024px\" srcset=\"https:\/\/agenciadenoticias.ms.gov.br\/wp-content\/uploads\/2025\/02\/Fotos-Alvaro-Rezende-3-4-1024x683.jpg 1024w, https:\/\/agenciadenoticias.ms.gov.br\/wp-content\/uploads\/2025\/02\/Fotos-Alvaro-Rezende-3-4-300x200.jpg 300w, https:\/\/agenciadenoticias.ms.gov.br\/wp-content\/uploads\/2025\/02\/Fotos-Alvaro-Rezende-3-4-768x512.jpg 768w, https:\/\/agenciadenoticias.ms.gov.br\/wp-content\/uploads\/2025\/02\/Fotos-Alvaro-Rezende-3-4-1536x1024.jpg 1536w, https:\/\/agenciadenoticias.ms.gov.br\/wp-content\/uploads\/2025\/02\/Fotos-Alvaro-Rezende-3-4-2048x1365.jpg 2048w, https:\/\/agenciadenoticias.ms.gov.br\/wp-content\/uploads\/2025\/02\/Fotos-Alvaro-Rezende-3-4-350x232.jpg 350w, https:\/\/agenciadenoticias.ms.gov.br\/wp-content\/uploads\/2025\/02\/Fotos-Alvaro-Rezende-3-4-scaled.jpg 1920w\" alt=\"\" width=\"1024\" height=\"683\" \/><\/a><\/div>\n<\/figure>\n<figure class=\"gallery-item\">\n<div class=\"gallery-icon landscape\"><a href=\"https:\/\/agenciadenoticias.ms.gov.br\/wp-content\/uploads\/2025\/02\/Fotos-Alvaro-Rezende-11-3-scaled.jpg\"><img loading=\"lazy\" decoding=\"async\" class=\"attachment-large size-large\" src=\"https:\/\/agenciadenoticias.ms.gov.br\/wp-content\/uploads\/2025\/02\/Fotos-Alvaro-Rezende-11-3-1024x683.jpg\" sizes=\"auto, (max-width: 1024px) 100vw, 1024px\" srcset=\"https:\/\/agenciadenoticias.ms.gov.br\/wp-content\/uploads\/2025\/02\/Fotos-Alvaro-Rezende-11-3-1024x683.jpg 1024w, https:\/\/agenciadenoticias.ms.gov.br\/wp-content\/uploads\/2025\/02\/Fotos-Alvaro-Rezende-11-3-300x200.jpg 300w, https:\/\/agenciadenoticias.ms.gov.br\/wp-content\/uploads\/2025\/02\/Fotos-Alvaro-Rezende-11-3-768x512.jpg 768w, https:\/\/agenciadenoticias.ms.gov.br\/wp-content\/uploads\/2025\/02\/Fotos-Alvaro-Rezende-11-3-1536x1024.jpg 1536w, https:\/\/agenciadenoticias.ms.gov.br\/wp-content\/uploads\/2025\/02\/Fotos-Alvaro-Rezende-11-3-2048x1365.jpg 2048w, https:\/\/agenciadenoticias.ms.gov.br\/wp-content\/uploads\/2025\/02\/Fotos-Alvaro-Rezende-11-3-350x232.jpg 350w, https:\/\/agenciadenoticias.ms.gov.br\/wp-content\/uploads\/2025\/02\/Fotos-Alvaro-Rezende-11-3-scaled.jpg 1920w\" alt=\"\" width=\"1024\" height=\"683\" \/><\/a><\/div>\n<\/figure>\n<figure class=\"gallery-item\">\n<div class=\"gallery-icon landscape\"><a href=\"https:\/\/agenciadenoticias.ms.gov.br\/wp-content\/uploads\/2025\/02\/Fotos-Alvaro-Rezende-10-5-scaled.jpg\"><img loading=\"lazy\" decoding=\"async\" class=\"attachment-large size-large\" src=\"https:\/\/agenciadenoticias.ms.gov.br\/wp-content\/uploads\/2025\/02\/Fotos-Alvaro-Rezende-10-5-1024x683.jpg\" sizes=\"auto, (max-width: 1024px) 100vw, 1024px\" srcset=\"https:\/\/agenciadenoticias.ms.gov.br\/wp-content\/uploads\/2025\/02\/Fotos-Alvaro-Rezende-10-5-1024x683.jpg 1024w, https:\/\/agenciadenoticias.ms.gov.br\/wp-content\/uploads\/2025\/02\/Fotos-Alvaro-Rezende-10-5-300x200.jpg 300w, https:\/\/agenciadenoticias.ms.gov.br\/wp-content\/uploads\/2025\/02\/Fotos-Alvaro-Rezende-10-5-768x512.jpg 768w, https:\/\/agenciadenoticias.ms.gov.br\/wp-content\/uploads\/2025\/02\/Fotos-Alvaro-Rezende-10-5-1536x1024.jpg 1536w, https:\/\/agenciadenoticias.ms.gov.br\/wp-content\/uploads\/2025\/02\/Fotos-Alvaro-Rezende-10-5-2048x1366.jpg 2048w, https:\/\/agenciadenoticias.ms.gov.br\/wp-content\/uploads\/2025\/02\/Fotos-Alvaro-Rezende-10-5-350x232.jpg 350w, https:\/\/agenciadenoticias.ms.gov.br\/wp-content\/uploads\/2025\/02\/Fotos-Alvaro-Rezende-10-5-scaled.jpg 1920w\" alt=\"\" width=\"1024\" height=\"683\" \/><\/a><\/div>\n<\/figure>\n<figure class=\"gallery-item\">\n<div class=\"gallery-icon landscape\"><a href=\"https:\/\/agenciadenoticias.ms.gov.br\/wp-content\/uploads\/2025\/02\/Fotos-Alvaro-Rezende-7-4-scaled.jpg\"><img loading=\"lazy\" decoding=\"async\" class=\"attachment-large size-large\" src=\"https:\/\/agenciadenoticias.ms.gov.br\/wp-content\/uploads\/2025\/02\/Fotos-Alvaro-Rezende-7-4-1024x683.jpg\" sizes=\"auto, (max-width: 1024px) 100vw, 1024px\" srcset=\"https:\/\/agenciadenoticias.ms.gov.br\/wp-content\/uploads\/2025\/02\/Fotos-Alvaro-Rezende-7-4-1024x683.jpg 1024w, https:\/\/agenciadenoticias.ms.gov.br\/wp-content\/uploads\/2025\/02\/Fotos-Alvaro-Rezende-7-4-300x200.jpg 300w, https:\/\/agenciadenoticias.ms.gov.br\/wp-content\/uploads\/2025\/02\/Fotos-Alvaro-Rezende-7-4-768x512.jpg 768w, https:\/\/agenciadenoticias.ms.gov.br\/wp-content\/uploads\/2025\/02\/Fotos-Alvaro-Rezende-7-4-1536x1024.jpg 1536w, https:\/\/agenciadenoticias.ms.gov.br\/wp-content\/uploads\/2025\/02\/Fotos-Alvaro-Rezende-7-4-2048x1366.jpg 2048w, https:\/\/agenciadenoticias.ms.gov.br\/wp-content\/uploads\/2025\/02\/Fotos-Alvaro-Rezende-7-4-350x232.jpg 350w, https:\/\/agenciadenoticias.ms.gov.br\/wp-content\/uploads\/2025\/02\/Fotos-Alvaro-Rezende-7-4-scaled.jpg 1920w\" alt=\"\" width=\"1024\" height=\"683\" \/><\/a><\/div>\n<\/figure>\n<figure class=\"gallery-item\">\n<div class=\"gallery-icon landscape\"><a href=\"https:\/\/agenciadenoticias.ms.gov.br\/wp-content\/uploads\/2025\/02\/Fotos-Alvaro-Rezende-9-4-scaled.jpg\"><img loading=\"lazy\" decoding=\"async\" class=\"attachment-large size-large\" src=\"https:\/\/agenciadenoticias.ms.gov.br\/wp-content\/uploads\/2025\/02\/Fotos-Alvaro-Rezende-9-4-1024x683.jpg\" sizes=\"auto, (max-width: 1024px) 100vw, 1024px\" srcset=\"https:\/\/agenciadenoticias.ms.gov.br\/wp-content\/uploads\/2025\/02\/Fotos-Alvaro-Rezende-9-4-1024x683.jpg 1024w, https:\/\/agenciadenoticias.ms.gov.br\/wp-content\/uploads\/2025\/02\/Fotos-Alvaro-Rezende-9-4-300x200.jpg 300w, https:\/\/agenciadenoticias.ms.gov.br\/wp-content\/uploads\/2025\/02\/Fotos-Alvaro-Rezende-9-4-768x512.jpg 768w, https:\/\/agenciadenoticias.ms.gov.br\/wp-content\/uploads\/2025\/02\/Fotos-Alvaro-Rezende-9-4-1536x1024.jpg 1536w, https:\/\/agenciadenoticias.ms.gov.br\/wp-content\/uploads\/2025\/02\/Fotos-Alvaro-Rezende-9-4-2048x1365.jpg 2048w, https:\/\/agenciadenoticias.ms.gov.br\/wp-content\/uploads\/2025\/02\/Fotos-Alvaro-Rezende-9-4-350x232.jpg 350w, https:\/\/agenciadenoticias.ms.gov.br\/wp-content\/uploads\/2025\/02\/Fotos-Alvaro-Rezende-9-4-scaled.jpg 1920w\" alt=\"\" width=\"1024\" height=\"683\" \/><\/a><\/div>\n<\/figure>\n<\/div>\n<p>Conforme os dados da Conab, SIGA\/MS e Agrostat em 20 anos, a produ\u00e7\u00e3o de soja em Mato Grosso do Sul, saiu de 3,863 milh\u00f5es de toneladas em 2004\/2005, para 13,977 milh\u00f5es de toneladas, previsto para a safra 24\/25.<\/p>\n<p>J\u00e1 as exporta\u00e7\u00f5es, sa\u00edram de 969 mil toneladas para 6,601 milh\u00f5es de toneladas, no mesmo intervalo. O milho, saiu de uma produ\u00e7\u00e3o de 1,397 milh\u00f5es de toneladas na safra 2004\/2005, para 10,199 milh\u00f5es de toneladas na previs\u00e3o de 24\/25. No mesmo intervalo de tempo, as exporta\u00e7\u00f5es do gr\u00e3o saltaram de 4 mil toneladas, para 982 mil toneladas.<\/p>\n","protected":false},"excerpt":{"rendered":"<p>Atendendo um compromisso pol\u00edtico com o setor do agroneg\u00f3cio, que reivindicava mais liberdade de mercado e comercializa\u00e7\u00e3o, o Governo de Mato Grosso do Sul decidiu p\u00f4r fim ao regime de\u00a0 paridade das exporta\u00e7\u00f5es de soja e milho no Estado, que vigorava h\u00e1 quase 20 anos. A decis\u00e3o foi poss\u00edvel diante de um panorama de expans\u00e3o [&hellip;]<\/p>\n","protected":false},"author":2,"featured_media":32814,"comment_status":"open","ping_status":"open","sticky":false,"template":"","format":"standard","meta":{"om_disable_all_campaigns":false,"_monsterinsights_skip_tracking":false,"_monsterinsights_sitenote_active":false,"_monsterinsights_sitenote_note":"","_monsterinsights_sitenote_category":0,"footnotes":""},"categories":[31,266],"tags":[],"aioseo_notices":[],"_links":{"self":[{"href":"https:\/\/expressaoms.com.br\/index.php\/wp-json\/wp\/v2\/posts\/32813"}],"collection":[{"href":"https:\/\/expressaoms.com.br\/index.php\/wp-json\/wp\/v2\/posts"}],"about":[{"href":"https:\/\/expressaoms.com.br\/index.php\/wp-json\/wp\/v2\/types\/post"}],"author":[{"embeddable":true,"href":"https:\/\/expressaoms.com.br\/index.php\/wp-json\/wp\/v2\/users\/2"}],"replies":[{"embeddable":true,"href":"https:\/\/expressaoms.com.br\/index.php\/wp-json\/wp\/v2\/comments?post=32813"}],"version-history":[{"count":1,"href":"https:\/\/expressaoms.com.br\/index.php\/wp-json\/wp\/v2\/posts\/32813\/revisions"}],"predecessor-version":[{"id":32815,"href":"https:\/\/expressaoms.com.br\/index.php\/wp-json\/wp\/v2\/posts\/32813\/revisions\/32815"}],"wp:featuredmedia":[{"embeddable":true,"href":"https:\/\/expressaoms.com.br\/index.php\/wp-json\/wp\/v2\/media\/32814"}],"wp:attachment":[{"href":"https:\/\/expressaoms.com.br\/index.php\/wp-json\/wp\/v2\/media?parent=32813"}],"wp:term":[{"taxonomy":"category","embeddable":true,"href":"https:\/\/expressaoms.com.br\/index.php\/wp-json\/wp\/v2\/categories?post=32813"},{"taxonomy":"post_tag","embeddable":true,"href":"https:\/\/expressaoms.com.br\/index.php\/wp-json\/wp\/v2\/tags?post=32813"}],"curies":[{"name":"wp","href":"https:\/\/api.w.org\/{rel}","templated":true}]}}