{"id":32816,"date":"2025-02-27T08:14:53","date_gmt":"2025-02-27T12:14:53","guid":{"rendered":"https:\/\/expressaoms.com.br\/?p=32816"},"modified":"2025-02-27T08:14:53","modified_gmt":"2025-02-27T12:14:53","slug":"camara-de-tres-lagoas-celebra-os-120-anos-do-rotary-em-solenidade","status":"publish","type":"post","link":"https:\/\/expressaoms.com.br\/index.php\/2025\/02\/27\/camara-de-tres-lagoas-celebra-os-120-anos-do-rotary-em-solenidade\/","title":{"rendered":"C\u00e2mara de Tr\u00eas Lagoas celebra os 120 anos do Rotary em solenidade"},"content":{"rendered":"<p>Imposs\u00edvel n\u00e3o reconhecer a not\u00e1vel trajet\u00f3ria e as inestim\u00e1veis contribui\u00e7\u00f5es globais do Rotary Internacional, criado em 23 de fevereiro de 1905. S\u00e3o 120 anos de uma hist\u00f3ria recheada de companheirismo e servi\u00e7o humanit\u00e1rio. Por isso, por meio de uma propositura dos vereadores Antonio Empk J\u00fanior, o Tonh\u00e3o, presidente da C\u00e2mara de Vereadores, e Marcus Baz\u00e9, o Poder Legislativo realizou uma sess\u00e3o solene em homenagem ao anivers\u00e1rio da institui\u00e7\u00e3o rot\u00e1ria.<\/p>\n<p>A solenidade aconteceu na noite desta quarta-feira (26) e contou com a entrega de uma Mo\u00e7\u00e3o de Congratula\u00e7\u00e3o ao Rotary Internacional. A honraria foi aprovada e assinada por todos os vereadores, expressando profundo reconhecimento \u00e0 institui\u00e7\u00e3o por seus 120 anos de dedica\u00e7\u00e3o ao servi\u00e7o humanit\u00e1rio e por suas contribui\u00e7\u00f5es significativas para o desenvolvimento de nossa comunidade. \u201cQue esta data comemorativa sirva de inspira\u00e7\u00e3o para que mais indiv\u00edduos e organiza\u00e7\u00f5es se engajem em a\u00e7\u00f5es que promovam o bem comum e a solidariedade entre os povos\u201d, ressaltou o propositor Ant\u00f4nio Empke.<\/p>\n<p>O prefeito Doutor Cassiano Maia, a primeira-dama Kelly Abon\u00edzio, e o vereador Fernando Jurado tamb\u00e9m acompanharam a cerim\u00f4nia e participaram da entrega da mo\u00e7\u00e3o para o Rotary Internacional, que foi representado por: Osmar Francisco de Oliveira, Governador do Rotary Distrito 4470 (2012\/13); Luiz de Albuquerque Ferreira (2021\/22); Reinaldo C\u00e2ndido da Silva, Presidente do Rotary Club de Tr\u00eas Lagoas \u2013 Costa Leste; Alexandre Ferreira de Barros, Presidente do Rotary Club de Tr\u00eas Lagoas \u2013 Cidade das \u00e1guas; M\u00e1rio M\u00e1rcio Queiroz, Presidente do Rotary Club de Tr\u00eas Lagoas; e M\u00e1rcio Fujikawa Silveira, Governador do Rotary Distrito 4470 (2027\/28).<\/p>\n<p><img fetchpriority=\"high\" decoding=\"async\" class=\"alignnone size-full wp-image-32820\" src=\"https:\/\/expressaoms.com.br\/wp-content\/uploads\/2025\/02\/54353452688_569d41fa72_o.jpg\" alt=\"\" width=\"1280\" height=\"853\" srcset=\"https:\/\/expressaoms.com.br\/wp-content\/uploads\/2025\/02\/54353452688_569d41fa72_o.jpg 1280w, https:\/\/expressaoms.com.br\/wp-content\/uploads\/2025\/02\/54353452688_569d41fa72_o-300x200.jpg 300w, https:\/\/expressaoms.com.br\/wp-content\/uploads\/2025\/02\/54353452688_569d41fa72_o-1024x682.jpg 1024w, https:\/\/expressaoms.com.br\/wp-content\/uploads\/2025\/02\/54353452688_569d41fa72_o-768x512.jpg 768w, https:\/\/expressaoms.com.br\/wp-content\/uploads\/2025\/02\/54353452688_569d41fa72_o-600x400.jpg 600w\" sizes=\"(max-width: 1280px) 100vw, 1280px\" \/><\/p>\n<p>Ap\u00f3s a entrega, alguns dos representantes usaram a tribuna. Osmar Francisco contou sua trajet\u00f3ria na institui\u00e7\u00e3o rot\u00e1ria e defendeu: \u201cao contr\u00e1rio do que muitos pensam sobre a organiza\u00e7\u00e3o (referindo-se aos conhecidos interc\u00e2mbios promovidos), a ess\u00eancia \u00e9 a presta\u00e7\u00e3o de servi\u00e7os humanit\u00e1rios\u201d. Reinaldo C\u00e2ndido tamb\u00e9m lembrou sua trajet\u00f3ria, em especial, o momento da funda\u00e7\u00e3o do clube que preside.<\/p>\n<p>Alexandre Ferreira destacou que \u00e9 uma honra estar na frente do clube e poder \u201cimpactar a vida de pessoa e levar a esperan\u00e7a a quem precisa\u201d. M\u00e1rio M\u00e1rcio Queiroz afirmou que \u201cesse povo, os rotarianos, s\u00e3o soldados do bem. \u00c9 um privil\u00e9gio uma cidade que tem Rotary, ainda mais como Tr\u00eas Lagoas que possui tr\u00eas clubes ativos\u201d.<\/p>\n<p>\u201cCada um de n\u00f3s \u00e9 uma testemunha do que o Rotary faz em nossa vida e em nossa comunidade, mostrando que juntos podemos enfrentar os maiores desafios da humanidade\u201d, relatou a presidente do Interact Club de Tr\u00eas Lagoas, Eduarda Gonzaga Est\u00e1cio, que finalizou destacando: \u201choje celebramos n\u00e3o s\u00f3 os 120 anos, mas todas as vidas que foram mudadas nesse per\u00edodo\u201d.<\/p>\n<p>Cristiane Zuppa, que foi presidente do Rotary, demonstrou muita gratid\u00e3o e honra por sentir-se pertencente a esse grupo, a essa fam\u00edlia rot\u00e1ria. H\u00e9lio Morales, tamb\u00e9m ex-presidente do Rotary, \u00e9 o mais antigo rotariano em exerc\u00edcio na cidade. Para ele, \u201co Rotary \u00e9 bom, mas o instrumento somos n\u00f3s, os rotarianos\u201d. H\u00e9lio enfatizou que a juventude rot\u00e1ria defende e propaga o companheirismo e um padr\u00e3o \u00e9tico de vida.<\/p>\n<p>Marcus Baz\u00e9 relembrou sua juventude com Rotary e definiu: \u201cum rotariano \u00e9 aquele que cuida de pessoas com muito amor e carinho\u201d. Doutor Cassiano Maia, prefeito de Tr\u00eas Lagoas, desejou que na sua gest\u00e3o possa caminhar ao lado de pessoas do bem, como os rotarianos.<\/p>\n<p><img decoding=\"async\" class=\"alignnone size-full wp-image-32821\" src=\"https:\/\/expressaoms.com.br\/wp-content\/uploads\/2025\/02\/54353452683_d8249dd8f8_o.jpg\" alt=\"\" width=\"1280\" height=\"853\" srcset=\"https:\/\/expressaoms.com.br\/wp-content\/uploads\/2025\/02\/54353452683_d8249dd8f8_o.jpg 1280w, https:\/\/expressaoms.com.br\/wp-content\/uploads\/2025\/02\/54353452683_d8249dd8f8_o-300x200.jpg 300w, https:\/\/expressaoms.com.br\/wp-content\/uploads\/2025\/02\/54353452683_d8249dd8f8_o-1024x682.jpg 1024w, https:\/\/expressaoms.com.br\/wp-content\/uploads\/2025\/02\/54353452683_d8249dd8f8_o-768x512.jpg 768w, https:\/\/expressaoms.com.br\/wp-content\/uploads\/2025\/02\/54353452683_d8249dd8f8_o-600x400.jpg 600w\" sizes=\"(max-width: 1280px) 100vw, 1280px\" \/><\/p>\n<p>Tonh\u00e3o encerrou com muita gratid\u00e3o e dizendo que com a solenidade foi poss\u00edvel ver, entender e confraternizar, enaltecendo a import\u00e2ncia do Rotary na vida de cada um dos rotarianos e das pessoas que tiveram oportunidades gra\u00e7as ao clube. \u201cTenho certeza que a C\u00e2mara de Vereadores tem o dever de reconhecer essa valorosa institui\u00e7\u00e3o. E que cada companheiro, cada membro dessa fam\u00edlia, se sinta agraciado por essa mo\u00e7\u00e3o assinada pelos 15 vereadores\u201d, refor\u00e7ou o parlamentar.<\/p>\n<p><strong>\u00a0<\/strong><\/p>\n<p><strong>O ROTARY<\/strong><\/p>\n<p>Fundado em 23 de fevereiro de 1905 pelo advogado Paul Harris, na cidade de Chicago (EUA), o Rotary nasceu com o prop\u00f3sito de fomentar o companheirismo entre profissionais de diferentes \u00e1reas. O nome \u201cRotary\u201d deriva da pr\u00e1tica inicial de realizar reuni\u00f5es de forma rotativa nos escrit\u00f3rios dos membros. Ao longo das d\u00e9cadas, a organiza\u00e7\u00e3o expandiu-se globalmente, tornando-se uma das maiores e mais influentes entidades de servi\u00e7o humanit\u00e1rio no mundo. Atualmente, o Rotary Internacional est\u00e1 presente em mais de 200 pa\u00edses e regi\u00f5es geogr\u00e1ficas, congregando cerca de 1,4 milh\u00e3o de associados dedicados a promover a paz, combater doen\u00e7as, fornecer \u00e1gua pot\u00e1vel, apoiar a educa\u00e7\u00e3o e estimular o desenvolvimento econ\u00f4mico.<\/p>\n<p>No Brasil, a hist\u00f3ria do Rotary teve in\u00edcio com a funda\u00e7\u00e3o do Rotary Club do Rio de Janeiro, em 28 de fevereiro de 1923, sendo o primeiro clube de l\u00edngua portuguesa no mundo. Desde ent\u00e3o, a organiza\u00e7\u00e3o tem desempenhado papel fundamental em diversas iniciativas sociais, educacionais, de sa\u00fade p\u00fablica, de preserva\u00e7\u00e3o ambiental. Em todo o territ\u00f3rio, essas a\u00e7\u00f5es s\u00e3o exemplos do compromisso do Rotary com o bem-estar da sociedade brasileira.<\/p>\n<p>Em nosso munic\u00edpio, o Rotary tem sido um pilar de apoio e desenvolvimento. Por meio de projetos, tem demonstrado seu compromisso com a melhoria da qualidade de vida de nossos cidad\u00e3os. No total, o Rotary tem mais de 100 companheiros divididos em tr\u00eas clubes ativos: Rotary Club de Tr\u00eas Lagoas, com 65 anos; Rotary Club de Tr\u00eas Lagoas \u2013 Cidade das \u00e1guas, com 25 anos; e o Rotary Club de Tr\u00eas Lagoas \u2013 Costa Leste, com 4 anos.<\/p>\n<p>&nbsp;<\/p>\n<p><strong>\u00c9 LEI<\/strong><\/p>\n<p>Em Tr\u00eas Lagoas, existe uma lei que cria no munic\u00edpio o \u201cDia do Rotary Club\u201d, a ser celebrado anualmente todo dia 23 de fevereiro. \u00c9 a Lei Municipal n\u00ba2722\/2013.<\/p>\n","protected":false},"excerpt":{"rendered":"<p>Imposs\u00edvel n\u00e3o reconhecer a not\u00e1vel trajet\u00f3ria e as inestim\u00e1veis contribui\u00e7\u00f5es globais do Rotary Internacional, criado em 23 de fevereiro de 1905. S\u00e3o 120 anos de uma hist\u00f3ria recheada de companheirismo e servi\u00e7o humanit\u00e1rio. Por isso, por meio de uma propositura dos vereadores Antonio Empk J\u00fanior, o Tonh\u00e3o, presidente da C\u00e2mara de Vereadores, e Marcus Baz\u00e9, [&hellip;]<\/p>\n","protected":false},"author":3,"featured_media":32822,"comment_status":"open","ping_status":"open","sticky":false,"template":"","format":"standard","meta":{"om_disable_all_campaigns":false,"_monsterinsights_skip_tracking":false,"_monsterinsights_sitenote_active":false,"_monsterinsights_sitenote_note":"","_monsterinsights_sitenote_category":0,"footnotes":""},"categories":[42,48],"tags":[],"aioseo_notices":[],"_links":{"self":[{"href":"https:\/\/expressaoms.com.br\/index.php\/wp-json\/wp\/v2\/posts\/32816"}],"collection":[{"href":"https:\/\/expressaoms.com.br\/index.php\/wp-json\/wp\/v2\/posts"}],"about":[{"href":"https:\/\/expressaoms.com.br\/index.php\/wp-json\/wp\/v2\/types\/post"}],"author":[{"embeddable":true,"href":"https:\/\/expressaoms.com.br\/index.php\/wp-json\/wp\/v2\/users\/3"}],"replies":[{"embeddable":true,"href":"https:\/\/expressaoms.com.br\/index.php\/wp-json\/wp\/v2\/comments?post=32816"}],"version-history":[{"count":1,"href":"https:\/\/expressaoms.com.br\/index.php\/wp-json\/wp\/v2\/posts\/32816\/revisions"}],"predecessor-version":[{"id":32823,"href":"https:\/\/expressaoms.com.br\/index.php\/wp-json\/wp\/v2\/posts\/32816\/revisions\/32823"}],"wp:featuredmedia":[{"embeddable":true,"href":"https:\/\/expressaoms.com.br\/index.php\/wp-json\/wp\/v2\/media\/32822"}],"wp:attachment":[{"href":"https:\/\/expressaoms.com.br\/index.php\/wp-json\/wp\/v2\/media?parent=32816"}],"wp:term":[{"taxonomy":"category","embeddable":true,"href":"https:\/\/expressaoms.com.br\/index.php\/wp-json\/wp\/v2\/categories?post=32816"},{"taxonomy":"post_tag","embeddable":true,"href":"https:\/\/expressaoms.com.br\/index.php\/wp-json\/wp\/v2\/tags?post=32816"}],"curies":[{"name":"wp","href":"https:\/\/api.w.org\/{rel}","templated":true}]}}