{"id":32826,"date":"2025-02-27T12:16:43","date_gmt":"2025-02-27T16:16:43","guid":{"rendered":"https:\/\/expressaoms.com.br\/?p=32826"},"modified":"2025-02-27T12:16:43","modified_gmt":"2025-02-27T16:16:43","slug":"dr-cassiano-visita-lar-de-idosos-e-discute-ampliacao-e-aumento-de-repasse-para-a-instituicao","status":"publish","type":"post","link":"https:\/\/expressaoms.com.br\/index.php\/2025\/02\/27\/dr-cassiano-visita-lar-de-idosos-e-discute-ampliacao-e-aumento-de-repasse-para-a-instituicao\/","title":{"rendered":"Dr. Cassiano visita lar de idosos e discute amplia\u00e7\u00e3o e aumento de repasse para a institui\u00e7\u00e3o"},"content":{"rendered":"<p>Na tarde desta quarta-feira (26), o Prefeito Dr. Cassiano Maia, acompanhado de sua equipe, visitou o Instituto de Longa Perman\u00eancia para Idosos &#8220;Eur\u00edpedes Barsanulpho&#8221;. O objetivo da visita foi discutir uma poss\u00edvel amplia\u00e7\u00e3o da estrutura e o aumento do repasse do munic\u00edpio para a institui\u00e7\u00e3o.<\/p>\n<p>Atualmente, a institui\u00e7\u00e3o atende 32 idosos e, com a amplia\u00e7\u00e3o, poder\u00e1 atender entre 45 a 50 idosos. Para realizar a amplia\u00e7\u00e3o e o aumento do repasse, ser\u00e1 necess\u00e1rio, previamente, a cria\u00e7\u00e3o de uma comiss\u00e3o de estudo, que dever\u00e1 planejar e analisar todas as alternativas vi\u00e1veis para a execu\u00e7\u00e3o do projeto, com equipes tanto do munic\u00edpio quanto do lar.<\/p>\n<p>Dr. Cassiano ressaltou a gratid\u00e3o e o prest\u00edgio pela institui\u00e7\u00e3o: &#8220;O Instituto de Longa Perman\u00eancia para Idosos &#8216;Eur\u00edpedes Barsanulpho&#8217; e nossa parceria continuam unificados, mas queremos cada vez mais dividir as responsabilidades e ter o entendimento de cada um. Tenho certeza de que, nesse formato, conseguiremos melhorar ainda mais a institui\u00e7\u00e3o&#8221;, destacou Cassiano.<\/p>\n<p>Participaram da reuni\u00e3o a primeira-dama Kelly Abonizio; a secret\u00e1ria de Assist\u00eancia Social Vera Helena; a t\u00e9cnica do \u00d3rg\u00e3o Gestor Assistente Social Daiane Gest\u00e3o; o diretor de Cultura St\u00eanio Congro; o diretor Valdomiro Aguirre; o vice-diretor Luiz Ant\u00f4nio Guerra; a coordenadora Maria das Gra\u00e7as; e o presidente da C\u00e2mara de Vereadores, Tonh\u00e3o.<\/p>\n","protected":false},"excerpt":{"rendered":"<p>Na tarde desta quarta-feira (26), o Prefeito Dr. Cassiano Maia, acompanhado de sua equipe, visitou o Instituto de Longa Perman\u00eancia para Idosos &#8220;Eur\u00edpedes Barsanulpho&#8221;. O objetivo da visita foi discutir uma poss\u00edvel amplia\u00e7\u00e3o da estrutura e o aumento do repasse do munic\u00edpio para a institui\u00e7\u00e3o. Atualmente, a institui\u00e7\u00e3o atende 32 idosos e, com a amplia\u00e7\u00e3o, [&hellip;]<\/p>\n","protected":false},"author":3,"featured_media":32827,"comment_status":"open","ping_status":"open","sticky":false,"template":"","format":"standard","meta":{"om_disable_all_campaigns":false,"_monsterinsights_skip_tracking":false,"_monsterinsights_sitenote_active":false,"_monsterinsights_sitenote_note":"","_monsterinsights_sitenote_category":0,"footnotes":""},"categories":[36,48],"tags":[],"aioseo_notices":[],"_links":{"self":[{"href":"https:\/\/expressaoms.com.br\/index.php\/wp-json\/wp\/v2\/posts\/32826"}],"collection":[{"href":"https:\/\/expressaoms.com.br\/index.php\/wp-json\/wp\/v2\/posts"}],"about":[{"href":"https:\/\/expressaoms.com.br\/index.php\/wp-json\/wp\/v2\/types\/post"}],"author":[{"embeddable":true,"href":"https:\/\/expressaoms.com.br\/index.php\/wp-json\/wp\/v2\/users\/3"}],"replies":[{"embeddable":true,"href":"https:\/\/expressaoms.com.br\/index.php\/wp-json\/wp\/v2\/comments?post=32826"}],"version-history":[{"count":1,"href":"https:\/\/expressaoms.com.br\/index.php\/wp-json\/wp\/v2\/posts\/32826\/revisions"}],"predecessor-version":[{"id":32828,"href":"https:\/\/expressaoms.com.br\/index.php\/wp-json\/wp\/v2\/posts\/32826\/revisions\/32828"}],"wp:featuredmedia":[{"embeddable":true,"href":"https:\/\/expressaoms.com.br\/index.php\/wp-json\/wp\/v2\/media\/32827"}],"wp:attachment":[{"href":"https:\/\/expressaoms.com.br\/index.php\/wp-json\/wp\/v2\/media?parent=32826"}],"wp:term":[{"taxonomy":"category","embeddable":true,"href":"https:\/\/expressaoms.com.br\/index.php\/wp-json\/wp\/v2\/categories?post=32826"},{"taxonomy":"post_tag","embeddable":true,"href":"https:\/\/expressaoms.com.br\/index.php\/wp-json\/wp\/v2\/tags?post=32826"}],"curies":[{"name":"wp","href":"https:\/\/api.w.org\/{rel}","templated":true}]}}