{"id":32838,"date":"2025-02-27T15:11:03","date_gmt":"2025-02-27T19:11:03","guid":{"rendered":"https:\/\/expressaoms.com.br\/?p=32838"},"modified":"2025-02-27T15:28:39","modified_gmt":"2025-02-27T19:28:39","slug":"davis-martinelli-denuncia-descaso-de-ex-prefeito-com-saude-de-crianca-em-tres-lagoas","status":"publish","type":"post","link":"https:\/\/expressaoms.com.br\/index.php\/2025\/02\/27\/davis-martinelli-denuncia-descaso-de-ex-prefeito-com-saude-de-crianca-em-tres-lagoas\/","title":{"rendered":"Davis Martinelli denuncia descaso de ex-prefeito com sa\u00fade de crian\u00e7a em Tr\u00eas Lagoas"},"content":{"rendered":"<p>O vereador Davis Martinelli fez uma grave den\u00fancia na tribuna da C\u00e2mara de Tr\u00eas Lagoas, na sess\u00e3o desta quinta-feira (27). De acordo com o vereador, uma crian\u00e7a de 6 anos de idade, por causa do n\u00e3o atendimento em tempo h\u00e1bil, est\u00e1 com sequelas que n\u00e3o podem mais ser revertidas, pois n\u00e3o pode mais ser operada.<\/p>\n<p>Davis disse que foi acionado nesta semana com um pedido para fazer uma visita \u00e0 m\u00e3e de uma crian\u00e7a e, ao chegar com sua equipe na resid\u00eancia, tomou conhecimento do caso do menino que hoje tem 6 anos de idade, mas, segundo ele, no in\u00edcio dos fatos, a crian\u00e7a tinha 3 anos.<\/p>\n<p>De acordo com o vereador, ao tomar conhecimento, ficou &#8220;transtornado, pasmo, por saber que a capital mundial da celulose, na \u00e9poca, n\u00e3o garantiu \u00e0 crian\u00e7a uma qualidade de vida que os pais buscaram at\u00e9 no judici\u00e1rio, para que a crian\u00e7a pudesse ser atendida&#8221;.<\/p>\n<p>Davis acusou o ex-prefeito Angelo Guerreiro por ser insens\u00edvel ao caso e \u00e0 sa\u00fade da crian\u00e7a, pois &#8220;determinou que o jur\u00eddico do munic\u00edpio recorresse da decis\u00e3o para n\u00e3o cumprir uma liminar para que fizesse a cirurgia nessa crian\u00e7a. Na \u00e9poca valia 1 milh\u00e3o de reais. Eu creio que nem n\u00f3s que ocupamos um cargo p\u00fablico temos condi\u00e7\u00f5es de pagar um valor de uma cirurgia, imagina um morador simples do nosso munic\u00edpio&#8221;, destacou.<\/p>\n<blockquote><p>&#8220;Eu sempre falei que n\u00f3s tivemos um prefeito que n\u00e3o era sens\u00edvel \u00e0 \u00e1rea da sa\u00fade. Eu sempre denunciei aqui. Eu sempre cobrei. Eu ia ao Minist\u00e9rio P\u00fablico, eu ia \u00e0 Justi\u00e7a, para que o ex-prefeito cumprisse com a legisla\u00e7\u00e3o que era o m\u00ednimo que ele poderia fazer e muitas das nossas lutas se perderam no meio do caminho e n\u00e3o era concretizada&#8221;, disse Davis.<\/p><\/blockquote>\n<h2>Sem solu\u00e7\u00e3o<\/h2>\n<p>Conforme denunciado pelo vereador, a crian\u00e7a, depois de muitas brigas e idas \u00e0 justi\u00e7a pela fam\u00edlia, &#8220;resolveram atender uma liminar porque acharam o m\u00e9dico que fizesse a cirurgia mais barata, por 500 mil reais&#8221;.<\/p>\n<p>Davis disse que a crian\u00e7a foi encaminhada a Campo Grande e a fam\u00edlia acreditava que o procedimento havia sido realizado. Ao retornar para casa, os problemas persistiram e os pais procuraram um novo especialista e foram surpreendidos que, segundo o outro m\u00e9dico, apenas abriram a cabe\u00e7a de seu filho e nenhum tipo de procedimento havia sido feito.<\/p>\n<blockquote><p>&#8220;Isso \u00e9 fato para a imprensa noticiar. Isso \u00e9 fato para a imprensa ir l\u00e1 entrevistar essa m\u00e3e e esse pai que est\u00e3o sofrendo at\u00e9 hoje e pasmem, o relato por \u00faltimo agora \u00e9 que \u00e9 inoper\u00e1vel. N\u00e3o tem mais jeito, n\u00e3o tem mais como garantir uma cirurgia porque se hoje vier fazer, a crian\u00e7a vem a \u00f3bito, ele est\u00e1 com um cisto cerebral, dentro do cr\u00e2nio&#8221;, cobrou o vereador.<\/p><\/blockquote>\n<p>Davis Martinelli disse ainda que, segundo a avalia\u00e7\u00e3o m\u00e9dica, hoje n\u00e3o compensa mais fazer a cirurgia e com isso acarretou outro problema: paralisia do lado direito.<\/p>\n<blockquote><p>&#8220;Ele tem uma paralisia tanto no bra\u00e7o, na m\u00e3o e na perna. Perdeu 30% da audi\u00e7\u00e3o e est\u00e1 perdendo as vistas tamb\u00e9m. Essa \u00e9 a capital mundial da celulose, que n\u00f3s tivemos aqui um prefeito que batia no peito e falava que era do povo e, em nenhum momento, o ex-prefeito se colocou no lugar dos pais ou daqueles que buscaram atendimento&#8221;, ressaltou o vereador.<\/p><\/blockquote>\n<h2>Nova administra\u00e7\u00e3o<\/h2>\n<p>Davis disse que ir\u00e1 procurar o prefeito Dr. Cassiano Maia para expor o caso e solicitar ajuda \u00e0 fam\u00edlia. \u00c0 reprtagem do <strong>Express\u00e3o MS<\/strong>, ele disse acreditar que, por ser m\u00e9dico e com um olhar mais humano, o atual prefeito possa se solidarizar com o caso da fam\u00edlia e tomar decis\u00e3o que venha os beneficiar para que o sofrimento, com a indeniza\u00e7\u00e3o solicitada pela m\u00e3e na a\u00e7\u00e3o judicial, possa ser amenizado e a crian\u00e7a possa ter uma melhor qualidade de vida daqui em diante.<\/p>\n<blockquote><p>&#8220;Eu quero levar essa fam\u00edlia, vou por sentada na frente do atual prefeito e quero pedir para ele, porque a fam\u00edlia entrou na justi\u00e7a pedindo uma indeniza\u00e7\u00e3o, n\u00e3o por causa do valor financeiro, mas para garantir o m\u00ednimo necess\u00e1rio de qualidade de vida para essa crian\u00e7a que n\u00e3o vai poder mais ter a sua vida natural e saud\u00e1vel como a nossa, como da grande maioria. Para que o poder p\u00fablico se responsabilize e indenize essa fam\u00edlia para que os pais possam dar o m\u00ednimo de conforto a essa crian\u00e7a&#8221;, ressaltou o parlamentar.<\/p><\/blockquote>\n<p>Davis concluiu seu pronunciamento da tribuna convocando a Comiss\u00e3o de Sa\u00fade da C\u00e2mara e os vereadores que se sensibilizarem para visitarem a m\u00e3e e a crian\u00e7a de 6 anos e conhecer de perto a realidade que \u00e9 de dentro do munic\u00edpio.<\/p>\n<blockquote><p>&#8220;Eu sugeri aqui, que cabe um motivo de fiscaliza\u00e7\u00e3o e investiga\u00e7\u00e3o em cima do ex-prefeito Angelo Guerreiro, que determinou que n\u00e3o cumprisse a determina\u00e7\u00e3o judicial, sabendo da realidade, sabendo do problema de sa\u00fade da crian\u00e7a. Podemos at\u00e9 impeachim\u00e1-lo para que ele tenha responsabilidade quando sair na urna e pedir voto e dizer que est\u00e1 representando o povo, s\u00f3 se for a fam\u00edlia dele porque a popula\u00e7\u00e3o em momento algum ele pensou&#8221;, concluiu o vereador.<\/p><\/blockquote>\n<p>No processo judicial, segundo a fam\u00edlia, o prefeito determinou que o jur\u00eddico do munic\u00edpio recorresse de decis\u00e3o judicial em primeira inst\u00e2ncia para que a crian\u00e7a fosse removida a Campo Grande pela prefeitura, ou seja, at\u00e9 ambul\u00e2ncia para levar a crian\u00e7a para fazer per\u00edcia m\u00e9dica em Campo Grande foi negada pela prefeitura por ordem do ex-prefeito Angelo Guerreiro.<\/p>\n<p><strong>Veja abaixo, na \u00edntegra, o pronunciamento do vereador:<\/strong><\/p>\n<p><iframe title=\"Vereador denuncia descaso de ex-prefeito com a sa\u00fade de crian\u00e7a em Tr\u00eas Lagoas\" width=\"640\" height=\"360\" src=\"https:\/\/www.youtube.com\/embed\/KRsGWn2UYQA?feature=oembed\" frameborder=\"0\" allow=\"accelerometer; autoplay; clipboard-write; encrypted-media; gyroscope; picture-in-picture; web-share\" referrerpolicy=\"strict-origin-when-cross-origin\" allowfullscreen><\/iframe><\/p>\n","protected":false},"excerpt":{"rendered":"<p>O vereador Davis Martinelli fez uma grave den\u00fancia na tribuna da C\u00e2mara de Tr\u00eas Lagoas, na sess\u00e3o desta quinta-feira (27). De acordo com o vereador, uma crian\u00e7a de 6 anos de idade, por causa do n\u00e3o atendimento em tempo h\u00e1bil, est\u00e1 com sequelas que n\u00e3o podem mais ser revertidas, pois n\u00e3o pode mais ser operada. [&hellip;]<\/p>\n","protected":false},"author":3,"featured_media":32839,"comment_status":"open","ping_status":"open","sticky":false,"template":"","format":"standard","meta":{"om_disable_all_campaigns":false,"_monsterinsights_skip_tracking":false,"_monsterinsights_sitenote_active":false,"_monsterinsights_sitenote_note":"","_monsterinsights_sitenote_category":0,"footnotes":""},"categories":[42,44,48],"tags":[],"aioseo_notices":[],"_links":{"self":[{"href":"https:\/\/expressaoms.com.br\/index.php\/wp-json\/wp\/v2\/posts\/32838"}],"collection":[{"href":"https:\/\/expressaoms.com.br\/index.php\/wp-json\/wp\/v2\/posts"}],"about":[{"href":"https:\/\/expressaoms.com.br\/index.php\/wp-json\/wp\/v2\/types\/post"}],"author":[{"embeddable":true,"href":"https:\/\/expressaoms.com.br\/index.php\/wp-json\/wp\/v2\/users\/3"}],"replies":[{"embeddable":true,"href":"https:\/\/expressaoms.com.br\/index.php\/wp-json\/wp\/v2\/comments?post=32838"}],"version-history":[{"count":5,"href":"https:\/\/expressaoms.com.br\/index.php\/wp-json\/wp\/v2\/posts\/32838\/revisions"}],"predecessor-version":[{"id":32844,"href":"https:\/\/expressaoms.com.br\/index.php\/wp-json\/wp\/v2\/posts\/32838\/revisions\/32844"}],"wp:featuredmedia":[{"embeddable":true,"href":"https:\/\/expressaoms.com.br\/index.php\/wp-json\/wp\/v2\/media\/32839"}],"wp:attachment":[{"href":"https:\/\/expressaoms.com.br\/index.php\/wp-json\/wp\/v2\/media?parent=32838"}],"wp:term":[{"taxonomy":"category","embeddable":true,"href":"https:\/\/expressaoms.com.br\/index.php\/wp-json\/wp\/v2\/categories?post=32838"},{"taxonomy":"post_tag","embeddable":true,"href":"https:\/\/expressaoms.com.br\/index.php\/wp-json\/wp\/v2\/tags?post=32838"}],"curies":[{"name":"wp","href":"https:\/\/api.w.org\/{rel}","templated":true}]}}