{"id":32870,"date":"2025-02-28T18:41:31","date_gmt":"2025-02-28T22:41:31","guid":{"rendered":"https:\/\/expressaoms.com.br\/?p=32870"},"modified":"2025-02-28T18:41:31","modified_gmt":"2025-02-28T22:41:31","slug":"primeiro-mes-de-2025-tem-saldo-positivo-de-3-176-empregos-com-carteira-assinada-em-ms","status":"publish","type":"post","link":"https:\/\/expressaoms.com.br\/index.php\/2025\/02\/28\/primeiro-mes-de-2025-tem-saldo-positivo-de-3-176-empregos-com-carteira-assinada-em-ms\/","title":{"rendered":"Primeiro m\u00eas de 2025 tem saldo positivo de 3.176 empregos com carteira assinada em MS"},"content":{"rendered":"<p>Em janeiro de 2025 foram criados 3.176 empregos formais em Mato Grosso do Sul, com destaque para o setor da Agropecu\u00e1ria. Os dados s\u00e3o do Caged (Cadastro Geral de Empregados e Desempregados), do Minist\u00e9rio do Trabalho e Emprego, e constam na publica\u00e7\u00e3o\u00a0<a href=\"https:\/\/www.semadesc.ms.gov.br\/wp-content\/uploads\/2025\/02\/Mercado-de-Trabalho-Janeiro-2025.pdf\">Observat\u00f3rio do Mercado de Trabalho<\/a>, compilada pela Assessoria de Economia e Estat\u00edstica da Semadesc (Secretaria de Meio Ambiente, Desenvolvimento, Ci\u00eancia, Tecnologia e Inova\u00e7\u00e3o).<\/p>\n<p>Com isso, o total de pessoas trabalhando com carteira assinada no Estado chegou a 673.560 no m\u00eas passado, aumento de 0,47% em rela\u00e7\u00e3o ao m\u00eas anterior.<\/p>\n<p>Dos quatro grandes setores da economia, tr\u00eas apresentaram saldo positivo nas contrata\u00e7\u00f5es no m\u00eas de janeiro: Agropecu\u00e1ria com 1.524 novos empregados, Ind\u00fastria com 746, Constru\u00e7\u00e3o (790) e Servi\u00e7os (625). Somente o setor de Com\u00e9rcio apresentou saldo negativo de -509 vagas. Esse n\u00famero n\u00e3o surpreende, conforme o titular da Semadesc, Jaime Verruck.<\/p>\n<p>&#8220;No m\u00eas de janeiro, como \u00e9 comprovado, n\u00f3s temos normalmente uma demiss\u00e3o no setor de Com\u00e9rcio e Servi\u00e7o decorrente do final do ano das vagas abertas em fun\u00e7\u00e3o das atividades de final do ano. \u00c9 normal que no m\u00eas de janeiro a gente tenha um aumento, um maior n\u00famero de demiss\u00f5es do que contrata\u00e7\u00f5es no m\u00eas no setor de Com\u00e9rcio. Isso foi configurado&#8221;, avaliou.<\/p>\n<p>Por outro lado, o secret\u00e1rio destaca o incremento de contrata\u00e7\u00f5es no setor da Agropecu\u00e1ria, que j\u00e1 reflete o in\u00edcio da colheita agr\u00edcola e tamb\u00e9m a contrata\u00e7\u00e3o de trabalhadores para as novas culturas, como a citricultura, al\u00e9m do crescimento verificado na Ind\u00fastria. &#8220;Esses s\u00e3o fatores positivos. Quando olhamos a Constru\u00e7\u00e3o Civil, a gente percebe uma grande ativa\u00e7\u00e3o desse mercado com o surgimento de novos empreendimentos, mas tamb\u00e9m cobertura desse problema que n\u00f3s temos na habita\u00e7\u00e3o&#8221;, pontuou.<\/p>\n<h2><strong>Mapa do emprego<\/strong><\/h2>\n<p>Na distribui\u00e7\u00e3o regional dos empregos durante o m\u00eas de janeiro, Campo Grande liderou com maior saldo de empregos no estado (620), logo em seguida aparecem Chapad\u00e3o do Sul (333) e Nova Alvorada do Sul (220). Por outro lado, os munic\u00edpios que mais fecharam postos foram Rio Brilhante ( -142), Dourados (-77), Aparecida do Taboado (-53).<\/p>\n<p>Quanto ao grau de instru\u00e7\u00e3o dos novos empregados no m\u00eas de janeiro, a grande maioria (2.054) conclu\u00edram o Ensino M\u00e9dio, 678 n\u00e3o chegaram a concluir o Ensino Fundamental, 202 tinham o Fundamental incompleto e 161 o Ensino M\u00e9dio incompleto. Apenas 103 haviam cursado o Ensino Superior e 6 se declararam analfabetos. Entre as pessoas com Ensino Superior incompleto houve retra\u00e7\u00e3o com demiss\u00f5es a mais do que as admiss\u00f5es.<\/p>\n<p>Para Verruck, janeiro foi &#8220;um m\u00eas bastante positivo para a gera\u00e7\u00e3o de empregos e melhoria da renda das fam\u00edlias&#8221;. Esse ritmo garante ao Estado o crescimento da economia com amplia\u00e7\u00e3o do \u00a0mercado formal de empregos. &#8220;\u00c9 o caminho que n\u00f3s queremos para o desenvolvimento do trabalho no Mato Grosso do Sul. Maior n\u00famero de vagas, maior renda e maior empregabilidade&#8221;.<\/p>\n","protected":false},"excerpt":{"rendered":"<p>Em janeiro de 2025 foram criados 3.176 empregos formais em Mato Grosso do Sul, com destaque para o setor da Agropecu\u00e1ria. Os dados s\u00e3o do Caged (Cadastro Geral de Empregados e Desempregados), do Minist\u00e9rio do Trabalho e Emprego, e constam na publica\u00e7\u00e3o\u00a0Observat\u00f3rio do Mercado de Trabalho, compilada pela Assessoria de Economia e Estat\u00edstica da Semadesc [&hellip;]<\/p>\n","protected":false},"author":3,"featured_media":32871,"comment_status":"open","ping_status":"open","sticky":false,"template":"","format":"standard","meta":{"om_disable_all_campaigns":false,"_monsterinsights_skip_tracking":false,"_monsterinsights_sitenote_active":false,"_monsterinsights_sitenote_note":"","_monsterinsights_sitenote_category":0,"footnotes":""},"categories":[31,266],"tags":[],"aioseo_notices":[],"_links":{"self":[{"href":"https:\/\/expressaoms.com.br\/index.php\/wp-json\/wp\/v2\/posts\/32870"}],"collection":[{"href":"https:\/\/expressaoms.com.br\/index.php\/wp-json\/wp\/v2\/posts"}],"about":[{"href":"https:\/\/expressaoms.com.br\/index.php\/wp-json\/wp\/v2\/types\/post"}],"author":[{"embeddable":true,"href":"https:\/\/expressaoms.com.br\/index.php\/wp-json\/wp\/v2\/users\/3"}],"replies":[{"embeddable":true,"href":"https:\/\/expressaoms.com.br\/index.php\/wp-json\/wp\/v2\/comments?post=32870"}],"version-history":[{"count":1,"href":"https:\/\/expressaoms.com.br\/index.php\/wp-json\/wp\/v2\/posts\/32870\/revisions"}],"predecessor-version":[{"id":32872,"href":"https:\/\/expressaoms.com.br\/index.php\/wp-json\/wp\/v2\/posts\/32870\/revisions\/32872"}],"wp:featuredmedia":[{"embeddable":true,"href":"https:\/\/expressaoms.com.br\/index.php\/wp-json\/wp\/v2\/media\/32871"}],"wp:attachment":[{"href":"https:\/\/expressaoms.com.br\/index.php\/wp-json\/wp\/v2\/media?parent=32870"}],"wp:term":[{"taxonomy":"category","embeddable":true,"href":"https:\/\/expressaoms.com.br\/index.php\/wp-json\/wp\/v2\/categories?post=32870"},{"taxonomy":"post_tag","embeddable":true,"href":"https:\/\/expressaoms.com.br\/index.php\/wp-json\/wp\/v2\/tags?post=32870"}],"curies":[{"name":"wp","href":"https:\/\/api.w.org\/{rel}","templated":true}]}}