{"id":33004,"date":"2025-03-08T11:41:54","date_gmt":"2025-03-08T15:41:54","guid":{"rendered":"https:\/\/expressaoms.com.br\/?p=33004"},"modified":"2025-03-08T11:41:54","modified_gmt":"2025-03-08T15:41:54","slug":"policia-civil-de-ms-prende-agressor-de-violencia-domestica-em-flagrante-no-dia-internacional-da-mulher","status":"publish","type":"post","link":"https:\/\/expressaoms.com.br\/index.php\/2025\/03\/08\/policia-civil-de-ms-prende-agressor-de-violencia-domestica-em-flagrante-no-dia-internacional-da-mulher\/","title":{"rendered":"Pol\u00edcia Civil de MS prende agressor de viol\u00eancia dom\u00e9stica em flagrante no Dia Internacional da Mulher"},"content":{"rendered":"<p>No Dia Internacional da Mulher, a Pol\u00edcia Civil de Mato Grosso do Sul, com apoio da Pol\u00edcia Militar, prendeu em flagrante um homem acusado de agredir sua esposa e sequestrar o filho do casal em \u00c1gua Clara.<\/p>\n<p>De acordo com a ocorr\u00eancia, o agressor desferiu um soco no rosto da v\u00edtima, causando uma fratura em seu nariz. Ap\u00f3s a agress\u00e3o, ele fugiu levando consigo o filho de seis anos.<\/p>\n<p>Imediatamente, as for\u00e7as de seguran\u00e7a iniciaram dilig\u00eancias intensas e conseguiram localizar e prender o suspeito. A crian\u00e7a foi resgatada e devolvida \u00e0 m\u00e3e.<\/p>\n<p>O autor da viol\u00eancia foi encaminhado para a delegacia e permanecer\u00e1 \u00e0 disposi\u00e7\u00e3o da Justi\u00e7a, aguardando audi\u00eancia de cust\u00f3dia.<\/p>\n","protected":false},"excerpt":{"rendered":"<p>No Dia Internacional da Mulher, a Pol\u00edcia Civil de Mato Grosso do Sul, com apoio da Pol\u00edcia Militar, prendeu em flagrante um homem acusado de agredir sua esposa e sequestrar o filho do casal em \u00c1gua Clara. De acordo com a ocorr\u00eancia, o agressor desferiu um soco no rosto da v\u00edtima, causando uma fratura em [&hellip;]<\/p>\n","protected":false},"author":2,"featured_media":33005,"comment_status":"open","ping_status":"open","sticky":false,"template":"","format":"standard","meta":{"om_disable_all_campaigns":false,"_monsterinsights_skip_tracking":false,"_monsterinsights_sitenote_active":false,"_monsterinsights_sitenote_note":"","_monsterinsights_sitenote_category":0,"footnotes":""},"categories":[189,41,193],"tags":[],"aioseo_notices":[],"_links":{"self":[{"href":"https:\/\/expressaoms.com.br\/index.php\/wp-json\/wp\/v2\/posts\/33004"}],"collection":[{"href":"https:\/\/expressaoms.com.br\/index.php\/wp-json\/wp\/v2\/posts"}],"about":[{"href":"https:\/\/expressaoms.com.br\/index.php\/wp-json\/wp\/v2\/types\/post"}],"author":[{"embeddable":true,"href":"https:\/\/expressaoms.com.br\/index.php\/wp-json\/wp\/v2\/users\/2"}],"replies":[{"embeddable":true,"href":"https:\/\/expressaoms.com.br\/index.php\/wp-json\/wp\/v2\/comments?post=33004"}],"version-history":[{"count":1,"href":"https:\/\/expressaoms.com.br\/index.php\/wp-json\/wp\/v2\/posts\/33004\/revisions"}],"predecessor-version":[{"id":33006,"href":"https:\/\/expressaoms.com.br\/index.php\/wp-json\/wp\/v2\/posts\/33004\/revisions\/33006"}],"wp:featuredmedia":[{"embeddable":true,"href":"https:\/\/expressaoms.com.br\/index.php\/wp-json\/wp\/v2\/media\/33005"}],"wp:attachment":[{"href":"https:\/\/expressaoms.com.br\/index.php\/wp-json\/wp\/v2\/media?parent=33004"}],"wp:term":[{"taxonomy":"category","embeddable":true,"href":"https:\/\/expressaoms.com.br\/index.php\/wp-json\/wp\/v2\/categories?post=33004"},{"taxonomy":"post_tag","embeddable":true,"href":"https:\/\/expressaoms.com.br\/index.php\/wp-json\/wp\/v2\/tags?post=33004"}],"curies":[{"name":"wp","href":"https:\/\/api.w.org\/{rel}","templated":true}]}}