{"id":33021,"date":"2025-03-09T08:33:15","date_gmt":"2025-03-09T12:33:15","guid":{"rendered":"https:\/\/expressaoms.com.br\/?p=33021"},"modified":"2025-03-09T08:33:15","modified_gmt":"2025-03-09T12:33:15","slug":"mato-grosso-do-sul-registra-primeira-morte-por-chikungunya-em-2025","status":"publish","type":"post","link":"https:\/\/expressaoms.com.br\/index.php\/2025\/03\/09\/mato-grosso-do-sul-registra-primeira-morte-por-chikungunya-em-2025\/","title":{"rendered":"Mato Grosso do Sul registra primeira morte por Chikungunya em 2025"},"content":{"rendered":"<p>Mato Grosso do Sul registrou a primeira morte por Chikungunya em 2025. A v\u00edtima, uma idosa de 84 anos, morava no munic\u00edpio de Dois Irm\u00e3os do Buriti. Os sintomas come\u00e7aram no dia 1\u00ba de fevereiro e ela faleceu no dia 4. A idosa n\u00e3o possu\u00eda comorbidades.<\/p>\n<p>De acordo com o boletim epidemiol\u00f3gico publicado pela Secretaria de Estado de Sa\u00fade (SES) na sexta-feira (7), nos tr\u00eas primeiros meses do ano, o estado j\u00e1 registrou 2.448 casos prov\u00e1veis de Chikungunya, sendo 309 confirmados no Sistema de Informa\u00e7\u00e3o de Agravos de Notifica\u00e7\u00e3o (SINAN).<\/p>\n<p>No \u00faltimo boletim, publicado h\u00e1 uma semana, o estado havia registrado 1.863 casos prov\u00e1veis e 233 confirmados, 76 a menos do que o registrado nesta semana.<\/p>\n<p>Entre os munic\u00edpios, Jate\u00ed apresenta a maior incid\u00eancia, com 211 casos sendo investigados em uma popula\u00e7\u00e3o de 3.586 habitantes. Sonora, Para\u00edso das \u00c1guas, Gl\u00f3ria de Dourados e Maracaju tamb\u00e9m est\u00e3o na lista de cidades com alta incid\u00eancia da doen\u00e7a.<\/p>\n<pre>Com G1<\/pre>\n","protected":false},"excerpt":{"rendered":"<p>Mato Grosso do Sul registrou a primeira morte por Chikungunya em 2025. A v\u00edtima, uma idosa de 84 anos, morava no munic\u00edpio de Dois Irm\u00e3os do Buriti. Os sintomas come\u00e7aram no dia 1\u00ba de fevereiro e ela faleceu no dia 4. A idosa n\u00e3o possu\u00eda comorbidades. De acordo com o boletim epidemiol\u00f3gico publicado pela Secretaria [&hellip;]<\/p>\n","protected":false},"author":3,"featured_media":32460,"comment_status":"open","ping_status":"open","sticky":false,"template":"","format":"standard","meta":{"om_disable_all_campaigns":false,"_monsterinsights_skip_tracking":false,"_monsterinsights_sitenote_active":false,"_monsterinsights_sitenote_note":"","_monsterinsights_sitenote_category":0,"footnotes":""},"categories":[36,266,44],"tags":[],"aioseo_notices":[],"_links":{"self":[{"href":"https:\/\/expressaoms.com.br\/index.php\/wp-json\/wp\/v2\/posts\/33021"}],"collection":[{"href":"https:\/\/expressaoms.com.br\/index.php\/wp-json\/wp\/v2\/posts"}],"about":[{"href":"https:\/\/expressaoms.com.br\/index.php\/wp-json\/wp\/v2\/types\/post"}],"author":[{"embeddable":true,"href":"https:\/\/expressaoms.com.br\/index.php\/wp-json\/wp\/v2\/users\/3"}],"replies":[{"embeddable":true,"href":"https:\/\/expressaoms.com.br\/index.php\/wp-json\/wp\/v2\/comments?post=33021"}],"version-history":[{"count":1,"href":"https:\/\/expressaoms.com.br\/index.php\/wp-json\/wp\/v2\/posts\/33021\/revisions"}],"predecessor-version":[{"id":33022,"href":"https:\/\/expressaoms.com.br\/index.php\/wp-json\/wp\/v2\/posts\/33021\/revisions\/33022"}],"wp:featuredmedia":[{"embeddable":true,"href":"https:\/\/expressaoms.com.br\/index.php\/wp-json\/wp\/v2\/media\/32460"}],"wp:attachment":[{"href":"https:\/\/expressaoms.com.br\/index.php\/wp-json\/wp\/v2\/media?parent=33021"}],"wp:term":[{"taxonomy":"category","embeddable":true,"href":"https:\/\/expressaoms.com.br\/index.php\/wp-json\/wp\/v2\/categories?post=33021"},{"taxonomy":"post_tag","embeddable":true,"href":"https:\/\/expressaoms.com.br\/index.php\/wp-json\/wp\/v2\/tags?post=33021"}],"curies":[{"name":"wp","href":"https:\/\/api.w.org\/{rel}","templated":true}]}}