{"id":33023,"date":"2025-03-09T08:41:28","date_gmt":"2025-03-09T12:41:28","guid":{"rendered":"https:\/\/expressaoms.com.br\/?p=33023"},"modified":"2025-03-09T08:41:28","modified_gmt":"2025-03-09T12:41:28","slug":"caso-vanessa-inquerito-detalha-como-jornalista-foi-vitima-de-feminicidio-carcere-privado-e-violencia-psicologica","status":"publish","type":"post","link":"https:\/\/expressaoms.com.br\/index.php\/2025\/03\/09\/caso-vanessa-inquerito-detalha-como-jornalista-foi-vitima-de-feminicidio-carcere-privado-e-violencia-psicologica\/","title":{"rendered":"Caso Vanessa: inqu\u00e9rito detalha como jornalista foi v\u00edtima de feminic\u00eddio, c\u00e1rcere privado e viol\u00eancia psicol\u00f3gica"},"content":{"rendered":"<p>A reportagem teve acesso ao relat\u00f3rio final do inqu\u00e9rito policial do caso, que investiga o feminic\u00eddio da jornalista Vanessa Ricarte, de 42 anos, morta pelo ex-noivo, Caio Nascimento, no dia 12 de fevereiro. O documento detalha o ciclo de viol\u00eancia ao qual Vanessa foi submetida antes de morrer.<\/p>\n<p>O inqu\u00e9rito, de 25 p\u00e1ginas, foi assinado pela delegada respons\u00e1vel pelo caso, Analu Ferraz, da Delegacia Especializada no Atendimento \u00e0s Mulheres (Deam). O documento foi entregue \u00e0 Justi\u00e7a para o indiciamento de Caio pelos crimes de feminic\u00eddio, c\u00e1rcere privado e viol\u00eancia psicol\u00f3gica.<\/p>\n<p>O relat\u00f3rio, ap\u00f3s reprodu\u00e7\u00e3o simulada no apartamento da jornalista, tamb\u00e9m conseguiu comprovar a tentativa de homic\u00eddio contra um amigo da jornalista, que estava no local do crime. Os crimes imputados \u00e0 Caio do Nascimento j\u00e1 foram denunciados pelo Minist\u00e9rio P\u00fablico de Mato Grosso do Sul (MPMS) \u00e0 Justi\u00e7a.<\/p>\n<p><img fetchpriority=\"high\" decoding=\"async\" class=\"alignnone size-full wp-image-33024\" src=\"https:\/\/expressaoms.com.br\/wp-content\/uploads\/2025\/03\/whatsapp-image-2025-02-13-at-08.16.20.avif\" alt=\"\" width=\"984\" height=\"1058\" srcset=\"https:\/\/expressaoms.com.br\/wp-content\/uploads\/2025\/03\/whatsapp-image-2025-02-13-at-08.16.20.avif 984w, https:\/\/expressaoms.com.br\/wp-content\/uploads\/2025\/03\/whatsapp-image-2025-02-13-at-08.16.20-279x300.avif 279w, https:\/\/expressaoms.com.br\/wp-content\/uploads\/2025\/03\/whatsapp-image-2025-02-13-at-08.16.20-952x1024.avif 952w, https:\/\/expressaoms.com.br\/wp-content\/uploads\/2025\/03\/whatsapp-image-2025-02-13-at-08.16.20-768x826.avif 768w, https:\/\/expressaoms.com.br\/wp-content\/uploads\/2025\/03\/whatsapp-image-2025-02-13-at-08.16.20-600x645.avif 600w\" sizes=\"(max-width: 984px) 100vw, 984px\" \/><\/p>\n<p>O relat\u00f3rio destaca que Vanessa procurou duas vezes a Deam no dia que foi morta. A primeira, na madrugada do dia 12 de fevereiro, quando registrou boletim de ocorr\u00eancia contra o companheiro Caio, por amea\u00e7a e divulga\u00e7\u00e3o de imagens de nudez. Na ocasi\u00e3o, a jornalista pediu a medida protetiva.<\/p>\n<p>A segunda, foi horas depois, na tarde do dia 12, ap\u00f3s ser encorajada pelos amigos a detalhar os crimes. Desta vez, a v\u00edtima ficou quase 18 minutos na sala da delegada plantonista. Ao sair da delegacia, acompanhada de um amigo, Vanessa voltou para casa para pedir que Caio deixasse o lugar. Foi nesse momento que ela foi esfaqueada com tr\u00eas golpes na regi\u00e3o do t\u00f3rax.<\/p>\n<p>Em depoimento, o amigo que estava com Vanessa no momento do crime, disse que ap\u00f3s esfaquear a jornalista, o agressor foi em sua dire\u00e7\u00e3o, dizendo que iria mat\u00e1-lo. O jovem conseguiu empurrar Vanessa para dentro da cozinha e trancar a porta com a ajuda de uma geladeira. A jornalista foi socorrida e morreu no hospital horas depois.<\/p>\n<blockquote><p>\u201cVanessa foi surpreendida pela covardia, frieza e \u00f3dio de um homem que viu uma mulher (mesmo que com medo) romper o ciclo de viol\u00eancia Caio n\u00e3o aceitou o fim\u201d, diz o documento.<\/p><\/blockquote>\n<p>De acordo com a Pol\u00edcia Civil, mais de dez testemunhas foram ouvidas, sendo que a maioria eram amigos da v\u00edtima. Para a investiga\u00e7\u00e3o, os depoimentos, somados \u00e0s circunst\u00e2ncias em que ocorreram os crimes, comprovam que Caio premeditou o feminic\u00eddio. O documento detalha ainda que durante o interrogat\u00f3rio, Caio n\u00e3o demonstrou arrependimento.<\/p>\n<p>O relat\u00f3rio diz que o agressor subtraiu recursos financeiros da v\u00edtima para sustentar o v\u00edcio em drogas, durante os cinco dias em que a manteve em c\u00e1rcere privado. Vanessa foi obrigada a gastar mil reais para comprar as drogas.<\/p>\n<p>Conforme o relat\u00f3rio da Deam, Caio transformou a jornalista em uma esp\u00e9cie de \u201cpresa\u201d. A v\u00edtima tinha sua rotina controlada e vistoriada pelo autor.<\/p>\n<blockquote><p>\u201cQuando Caio deu conta de que havia conquistado sua \u2018presa\u2019 come\u00e7ou, de maneira quase impercept\u00edvel, a control\u00e1-la como forma de amor. Nos autos t\u00eam apreens\u00e3o de uma rotina completa do dia da Vanessa e com todos os hor\u00e1rios como forma de presta\u00e7\u00e3o de contas\u201d, detalha o relat\u00f3rio.<\/p><\/blockquote>\n<h2>O que diz a defesa de Caio?<\/h2>\n<p>Leia na \u00edntegra o que diz a defesa de Caio do Nascimento:<\/p>\n<p><em>\u201cA defesa de Caio C\u00e9sar Nascimento Pereira informa que acompanha com aten\u00e7\u00e3o o andamento das investiga\u00e7\u00f5es e refor\u00e7a sua confian\u00e7a no devido processo legal, no princ\u00edpio da presun\u00e7\u00e3o de inoc\u00eancia e na garantia do contradit\u00f3rio.<\/em><\/p>\n<p><em>Em rela\u00e7\u00e3o \u00e0s conclus\u00f5es apresentadas no inqu\u00e9rito policial, cabe esclarecer que o relat\u00f3rio reflete uma interpreta\u00e7\u00e3o inicial dos fatos pela autoridade policial, sendo que a defesa ainda ter\u00e1 a oportunidade de se manifestar e apresentar os elementos necess\u00e1rios para o esclarecimento da verdade real no curso do processo judicial.<\/em><\/p>\n<p><em>Por fim, reiteramos o compromisso da defesa com a transpar\u00eancia e com a justi\u00e7a, respeitando o sigilo processual e confiando que todas as circunst\u00e2ncias ser\u00e3o devidamente analisadas pelo Poder Judici\u00e1rio\u201d.<\/em><\/p>\n<pre>Com G1<\/pre>\n","protected":false},"excerpt":{"rendered":"<p>A reportagem teve acesso ao relat\u00f3rio final do inqu\u00e9rito policial do caso, que investiga o feminic\u00eddio da jornalista Vanessa Ricarte, de 42 anos, morta pelo ex-noivo, Caio Nascimento, no dia 12 de fevereiro. O documento detalha o ciclo de viol\u00eancia ao qual Vanessa foi submetida antes de morrer. O inqu\u00e9rito, de 25 p\u00e1ginas, foi assinado [&hellip;]<\/p>\n","protected":false},"author":3,"featured_media":33025,"comment_status":"open","ping_status":"open","sticky":false,"template":"","format":"standard","meta":{"om_disable_all_campaigns":false,"_monsterinsights_skip_tracking":false,"_monsterinsights_sitenote_active":false,"_monsterinsights_sitenote_note":"","_monsterinsights_sitenote_category":0,"footnotes":""},"categories":[27,41,317],"tags":[],"aioseo_notices":[],"_links":{"self":[{"href":"https:\/\/expressaoms.com.br\/index.php\/wp-json\/wp\/v2\/posts\/33023"}],"collection":[{"href":"https:\/\/expressaoms.com.br\/index.php\/wp-json\/wp\/v2\/posts"}],"about":[{"href":"https:\/\/expressaoms.com.br\/index.php\/wp-json\/wp\/v2\/types\/post"}],"author":[{"embeddable":true,"href":"https:\/\/expressaoms.com.br\/index.php\/wp-json\/wp\/v2\/users\/3"}],"replies":[{"embeddable":true,"href":"https:\/\/expressaoms.com.br\/index.php\/wp-json\/wp\/v2\/comments?post=33023"}],"version-history":[{"count":1,"href":"https:\/\/expressaoms.com.br\/index.php\/wp-json\/wp\/v2\/posts\/33023\/revisions"}],"predecessor-version":[{"id":33026,"href":"https:\/\/expressaoms.com.br\/index.php\/wp-json\/wp\/v2\/posts\/33023\/revisions\/33026"}],"wp:featuredmedia":[{"embeddable":true,"href":"https:\/\/expressaoms.com.br\/index.php\/wp-json\/wp\/v2\/media\/33025"}],"wp:attachment":[{"href":"https:\/\/expressaoms.com.br\/index.php\/wp-json\/wp\/v2\/media?parent=33023"}],"wp:term":[{"taxonomy":"category","embeddable":true,"href":"https:\/\/expressaoms.com.br\/index.php\/wp-json\/wp\/v2\/categories?post=33023"},{"taxonomy":"post_tag","embeddable":true,"href":"https:\/\/expressaoms.com.br\/index.php\/wp-json\/wp\/v2\/tags?post=33023"}],"curies":[{"name":"wp","href":"https:\/\/api.w.org\/{rel}","templated":true}]}}