{"id":33082,"date":"2025-03-11T11:59:50","date_gmt":"2025-03-11T15:59:50","guid":{"rendered":"https:\/\/expressaoms.com.br\/?p=33082"},"modified":"2025-03-11T12:00:21","modified_gmt":"2025-03-11T16:00:21","slug":"comunicado-suspensao-temporaria-de-atendimento-na-usf-miguel-nunes-por-problemas-eletricos","status":"publish","type":"post","link":"https:\/\/expressaoms.com.br\/index.php\/2025\/03\/11\/comunicado-suspensao-temporaria-de-atendimento-na-usf-miguel-nunes-por-problemas-eletricos\/","title":{"rendered":"COMUNICADO \u2013 Suspens\u00e3o tempor\u00e1ria de atendimento na USF Miguel Nunes por problemas el\u00e9tricos"},"content":{"rendered":"<p data-raofz=\"16\">A Prefeitura de Tr\u00eas Lagoas, por meio da Secretaria Municipal de Sa\u00fade (SMS), informa que a Unidade de Sa\u00fade da Fam\u00edlia (USF) Miguel Nunes, localizada no Bairro Vila Nova, enfrenta problemas no padr\u00e3o de energia. Por orienta\u00e7\u00e3o da equipe de manuten\u00e7\u00e3o predial, devido ao risco de curto-circuito e inc\u00eandio, o fornecimento de energia foi desligado, e um chamado foi aberto para a empresa prestadora de servi\u00e7o, Neoenergia.<\/p>\n<p data-raofz=\"16\">Diante disso, para garantir a seguran\u00e7a de todos, as atividades na USF permanecer\u00e3o suspensas at\u00e9 a conclus\u00e3o da manuten\u00e7\u00e3o.<\/p>\n<p data-raofz=\"16\">Os pacientes com atendimentos agendados para esta ter\u00e7a-feira, 11 de mar\u00e7o, ser\u00e3o atendidos em outras unidades de sa\u00fade e, se necess\u00e1rio, contar\u00e3o com apoio de transporte.<\/p>\n<p data-raofz=\"16\">Para mais informa\u00e7\u00f5es, entre em contato pelo telefone (67) 99259-5756.<\/p>\n","protected":false},"excerpt":{"rendered":"<p>A Prefeitura de Tr\u00eas Lagoas, por meio da Secretaria Municipal de Sa\u00fade (SMS), informa que a Unidade de Sa\u00fade da Fam\u00edlia (USF) Miguel Nunes, localizada no Bairro Vila Nova, enfrenta problemas no padr\u00e3o de energia. Por orienta\u00e7\u00e3o da equipe de manuten\u00e7\u00e3o predial, devido ao risco de curto-circuito e inc\u00eandio, o fornecimento de energia foi desligado, [&hellip;]<\/p>\n","protected":false},"author":2,"featured_media":33083,"comment_status":"open","ping_status":"open","sticky":false,"template":"","format":"standard","meta":{"om_disable_all_campaigns":false,"_monsterinsights_skip_tracking":false,"_monsterinsights_sitenote_active":false,"_monsterinsights_sitenote_note":"","_monsterinsights_sitenote_category":0,"footnotes":""},"categories":[36,44,48],"tags":[],"aioseo_notices":[],"_links":{"self":[{"href":"https:\/\/expressaoms.com.br\/index.php\/wp-json\/wp\/v2\/posts\/33082"}],"collection":[{"href":"https:\/\/expressaoms.com.br\/index.php\/wp-json\/wp\/v2\/posts"}],"about":[{"href":"https:\/\/expressaoms.com.br\/index.php\/wp-json\/wp\/v2\/types\/post"}],"author":[{"embeddable":true,"href":"https:\/\/expressaoms.com.br\/index.php\/wp-json\/wp\/v2\/users\/2"}],"replies":[{"embeddable":true,"href":"https:\/\/expressaoms.com.br\/index.php\/wp-json\/wp\/v2\/comments?post=33082"}],"version-history":[{"count":1,"href":"https:\/\/expressaoms.com.br\/index.php\/wp-json\/wp\/v2\/posts\/33082\/revisions"}],"predecessor-version":[{"id":33084,"href":"https:\/\/expressaoms.com.br\/index.php\/wp-json\/wp\/v2\/posts\/33082\/revisions\/33084"}],"wp:featuredmedia":[{"embeddable":true,"href":"https:\/\/expressaoms.com.br\/index.php\/wp-json\/wp\/v2\/media\/33083"}],"wp:attachment":[{"href":"https:\/\/expressaoms.com.br\/index.php\/wp-json\/wp\/v2\/media?parent=33082"}],"wp:term":[{"taxonomy":"category","embeddable":true,"href":"https:\/\/expressaoms.com.br\/index.php\/wp-json\/wp\/v2\/categories?post=33082"},{"taxonomy":"post_tag","embeddable":true,"href":"https:\/\/expressaoms.com.br\/index.php\/wp-json\/wp\/v2\/tags?post=33082"}],"curies":[{"name":"wp","href":"https:\/\/api.w.org\/{rel}","templated":true}]}}