{"id":33191,"date":"2025-03-17T11:33:13","date_gmt":"2025-03-17T15:33:13","guid":{"rendered":"https:\/\/expressaoms.com.br\/?p=33191"},"modified":"2025-03-17T11:33:13","modified_gmt":"2025-03-17T15:33:13","slug":"inscreva-se-prefeitura-promove-evento-de-conscientizacao-motivacao-e-empreendedorismo-feminino-nesta-segunda-feira-dia-17","status":"publish","type":"post","link":"https:\/\/expressaoms.com.br\/index.php\/2025\/03\/17\/inscreva-se-prefeitura-promove-evento-de-conscientizacao-motivacao-e-empreendedorismo-feminino-nesta-segunda-feira-dia-17\/","title":{"rendered":"INSCREVA-SE \u2013 Prefeitura promove evento de conscientiza\u00e7\u00e3o, motiva\u00e7\u00e3o e empreendedorismo feminino nesta segunda-feira, dia 17"},"content":{"rendered":"<p data-raofz=\"16\">Nesta segunda-feira, 17 de mar\u00e7o, a Prefeitura de Tr\u00eas Lagoas realizar\u00e1 mais um evento especial em comemora\u00e7\u00e3o ao M\u00eas da Mulher. Dando continuidade \u00e0 programa\u00e7\u00e3o do m\u00eas de mar\u00e7o, a a\u00e7\u00e3o ser\u00e1 voltada \u00e0 conscientiza\u00e7\u00e3o, motiva\u00e7\u00e3o e empreendedorismo feminino.<\/p>\n<p data-raofz=\"16\">O encontro, promovido pela Secretaria Municipal de Gest\u00e3o e Inova\u00e7\u00e3o (SGI), acontecer\u00e1 na C\u00e2mara Municipal a partir das 18h30 e contar\u00e1 com palestras, sorteios e um coffee break especial.<\/p>\n<p data-raofz=\"16\">A cerim\u00f4nia de abertura ser\u00e1 seguida por uma palestra conduzida pela delegada Sayara, que abordar\u00e1 o tema \u201cViol\u00eancia Contra a Mulher: Quebrando o Sil\u00eancio e Construindo uma Cultura de Respeito\u201d. Durante a apresenta\u00e7\u00e3o, ser\u00e3o discutidas a Lei Maria da Penha, estrat\u00e9gias de preven\u00e7\u00e3o e a import\u00e2ncia da rede de apoio no enfrentamento da viol\u00eancia contra a mulher.<\/p>\n<p data-raofz=\"16\">Na sequ\u00eancia, o Servi\u00e7o Brasileiro de Apoio \u00e0s Micro e Pequenas Empresas (SEBRAE) promover\u00e1 a palestra \u201cMotiva\u00e7\u00e3o e Empreendedorismo Feminino\u201d, incentivando as participantes a transformar suas ideias em realidade e fortalecer o protagonismo feminino no mundo dos neg\u00f3cios.<\/p>\n<p data-raofz=\"16\"><strong>INSCRI\u00c7\u00d5ES<\/strong><\/p>\n<p data-raofz=\"16\">O evento \u00e9 gratuito e possui vagas limitadas. As interessadas devem se inscrever pelo link:\u00a0<a role=\"link\" href=\"https:\/\/forms.office.com\/r\/ug7JTpxZSk\" data-raofz=\"16\">https:\/\/forms.office.com\/r\/ug7JTpxZSk<\/a>.<\/p>\n","protected":false},"excerpt":{"rendered":"<p>Nesta segunda-feira, 17 de mar\u00e7o, a Prefeitura de Tr\u00eas Lagoas realizar\u00e1 mais um evento especial em comemora\u00e7\u00e3o ao M\u00eas da Mulher. Dando continuidade \u00e0 programa\u00e7\u00e3o do m\u00eas de mar\u00e7o, a a\u00e7\u00e3o ser\u00e1 voltada \u00e0 conscientiza\u00e7\u00e3o, motiva\u00e7\u00e3o e empreendedorismo feminino. O encontro, promovido pela Secretaria Municipal de Gest\u00e3o e Inova\u00e7\u00e3o (SGI), acontecer\u00e1 na C\u00e2mara Municipal a [&hellip;]<\/p>\n","protected":false},"author":2,"featured_media":33192,"comment_status":"open","ping_status":"open","sticky":false,"template":"","format":"standard","meta":{"om_disable_all_campaigns":false,"_monsterinsights_skip_tracking":false,"_monsterinsights_sitenote_active":false,"_monsterinsights_sitenote_note":"","_monsterinsights_sitenote_category":0,"footnotes":""},"categories":[36,48],"tags":[],"aioseo_notices":[],"_links":{"self":[{"href":"https:\/\/expressaoms.com.br\/index.php\/wp-json\/wp\/v2\/posts\/33191"}],"collection":[{"href":"https:\/\/expressaoms.com.br\/index.php\/wp-json\/wp\/v2\/posts"}],"about":[{"href":"https:\/\/expressaoms.com.br\/index.php\/wp-json\/wp\/v2\/types\/post"}],"author":[{"embeddable":true,"href":"https:\/\/expressaoms.com.br\/index.php\/wp-json\/wp\/v2\/users\/2"}],"replies":[{"embeddable":true,"href":"https:\/\/expressaoms.com.br\/index.php\/wp-json\/wp\/v2\/comments?post=33191"}],"version-history":[{"count":1,"href":"https:\/\/expressaoms.com.br\/index.php\/wp-json\/wp\/v2\/posts\/33191\/revisions"}],"predecessor-version":[{"id":33193,"href":"https:\/\/expressaoms.com.br\/index.php\/wp-json\/wp\/v2\/posts\/33191\/revisions\/33193"}],"wp:featuredmedia":[{"embeddable":true,"href":"https:\/\/expressaoms.com.br\/index.php\/wp-json\/wp\/v2\/media\/33192"}],"wp:attachment":[{"href":"https:\/\/expressaoms.com.br\/index.php\/wp-json\/wp\/v2\/media?parent=33191"}],"wp:term":[{"taxonomy":"category","embeddable":true,"href":"https:\/\/expressaoms.com.br\/index.php\/wp-json\/wp\/v2\/categories?post=33191"},{"taxonomy":"post_tag","embeddable":true,"href":"https:\/\/expressaoms.com.br\/index.php\/wp-json\/wp\/v2\/tags?post=33191"}],"curies":[{"name":"wp","href":"https:\/\/api.w.org\/{rel}","templated":true}]}}