{"id":33278,"date":"2025-03-19T11:14:14","date_gmt":"2025-03-19T15:14:14","guid":{"rendered":"https:\/\/expressaoms.com.br\/?p=33278"},"modified":"2025-03-19T11:14:14","modified_gmt":"2025-03-19T15:14:14","slug":"camara-abre-cpi-para-investigar-irregularidades-no-transporte-publico-de-campo-grande","status":"publish","type":"post","link":"https:\/\/expressaoms.com.br\/index.php\/2025\/03\/19\/camara-abre-cpi-para-investigar-irregularidades-no-transporte-publico-de-campo-grande\/","title":{"rendered":"C\u00e2mara abre CPI para investigar irregularidades no transporte p\u00fablico de Campo Grande"},"content":{"rendered":"<p>Ap\u00f3s parecer favor\u00e1vel da Procuradoria Jur\u00eddica, o presidente da C\u00e2mara Municipal de Campo Grande, vereador Epaminondas Neto, o Papy anunciou, durante a sess\u00e3o ordin\u00e1ria desta ter\u00e7a-feira (18), a instaura\u00e7\u00e3o da CPI (Comiss\u00e3o Parlamentar de Inqu\u00e9rito) para investigar irregularidades no servi\u00e7o de transporte coletivo urbano de Campo Grande, prestado pelo Cons\u00f3rcio Guaicurus.<\/p>\n<p>Dois requerimentos de abertura de CPI foram apresentados \u00e0 Mesa Diretora pelos vereadores Dr. L\u00edvio (contendo 15 assinaturas) e Junior Coringa (contendo 12 assinaturas), sendo que ambos foram analisados pela Procuradoria Jur\u00eddica e receberam parecer favor\u00e1vel \u00e0 instaura\u00e7\u00e3o de procedimento investigat\u00f3rio, tendo em vista o cumprimento dos requisitos formais obrigat\u00f3rios, como fato determinado e prazo certo.<\/p>\n<p>De acordo com o procurador Jur\u00eddico da Casa de Leis, Dr. Gustavo Lazzari, em seu parecer \u201ceventual CPI a ser instaurada deve englobar ambos os requerimentos\u201d, tendo em vista que os dois abarcam os mesmos fatos determinados.<\/p>\n<p>Ambos os requerimentos apresentados buscam a apura\u00e7\u00e3o de eventual descumprimento do Contrato de Concess\u00e3o n. 330, de 25 de outubro de 2012, tendo em vista as den\u00fancias de m\u00e1 presta\u00e7\u00e3o de servi\u00e7os pela empresa concession\u00e1ria e utiliza\u00e7\u00e3o de ve\u00edculos em mau estado de conserva\u00e7\u00e3o e com elevada idade.<\/p>\n<p>Segundo o vereador Junior Coringa, autor do Requerimento, \u201ca prerrogativa do vereador \u00e9 fazer a fiscaliza\u00e7\u00e3o do transporte p\u00fablico. Estou cumprindo com minha obriga\u00e7\u00e3o que \u00e9 fazer a fiscaliza\u00e7\u00e3o. Hoje existe muita reclama\u00e7\u00e3o do transporte coletivo\u201d, afirmou.<\/p>\n<p>Para o vereador Dr. L\u00edvio, que tamb\u00e9m prop\u00f4s Requerimento para abertura de CPI, \u201co objetivo da CPI \u00e9 expor as responsabilidades do Cons\u00f3rcio Guaicurus, expor as responsabilidades da Prefeitura para, a partir da\u00ed, esse relat\u00f3rio ser constru\u00eddo e ent\u00e3o encaminhado ao Minist\u00e9rio P\u00fablico e Tribunal de Contas. A C\u00e2mara n\u00e3o tem esse papel de obrigar a fazer, mas sim de expor um processo de investiga\u00e7\u00e3o\u201d, detalhou.<\/p>\n<p>O presidente da Casa de Leis, vereador Epaminondas Neto, o Papy, destacou que \u201cos temas que s\u00e3o apresentados na CPI, eles ficam exclusivos na investiga\u00e7\u00e3o, n\u00e3o podendo ser adicionados novos temas durante a CPI. Essa CPI tem objetivo de atender a popula\u00e7\u00e3o de forma coletiva, atender quem usa o transporte coletivo, que \u00e9 quem vamos defender nessa investiga\u00e7\u00e3o do transporte, que \u00e9 t\u00e3o importante para nossa cidade. A C\u00e2mara est\u00e1 ao lado das pessoas, pensando sempre no bem-estar da nossa gente\u201d, disse.<\/p>\n<h2>A CPI ter\u00e1 como objetivo investigar:<\/h2>\n<ul>\n<li>a utiliza\u00e7\u00e3o de frota com idade m\u00e9dia e m\u00e1xima dentro do limite contratual e o estado de conserva\u00e7\u00e3o dos ve\u00edculos, nos \u00faltimos cinco anos;<\/li>\n<li>o equil\u00edbrio financeiro contratual ap\u00f3s a aplica\u00e7\u00e3o dos subs\u00eddios p\u00fablicos concedidos pelo Executivo Municipal de Campo Grande \u00e0 empresa concession\u00e1ria por meio das Leis Complementares 519\/2024 e 537\/2024;<\/li>\n<li>a fiscaliza\u00e7\u00e3o feita pela Prefeitura Municipal pela Agereg e pela Agetran no servi\u00e7o de transporte p\u00fablico prestado pela concession\u00e1ria ap\u00f3s a assinatura do TAG (Termo de Ajustamento de Gest\u00e3o) perante o TCE-MS, em novembro de 2020.<\/li>\n<\/ul>\n<p>A CPI ser\u00e1 composta por cinco vereadores, sendo um presidente e um relator, que ir\u00e3o conduzir os trabalhos por 120 dias.<\/p>\n","protected":false},"excerpt":{"rendered":"<p>Ap\u00f3s parecer favor\u00e1vel da Procuradoria Jur\u00eddica, o presidente da C\u00e2mara Municipal de Campo Grande, vereador Epaminondas Neto, o Papy anunciou, durante a sess\u00e3o ordin\u00e1ria desta ter\u00e7a-feira (18), a instaura\u00e7\u00e3o da CPI (Comiss\u00e3o Parlamentar de Inqu\u00e9rito) para investigar irregularidades no servi\u00e7o de transporte coletivo urbano de Campo Grande, prestado pelo Cons\u00f3rcio Guaicurus. Dois requerimentos de abertura [&hellip;]<\/p>\n","protected":false},"author":3,"featured_media":33279,"comment_status":"open","ping_status":"open","sticky":false,"template":"","format":"standard","meta":{"om_disable_all_campaigns":false,"_monsterinsights_skip_tracking":false,"_monsterinsights_sitenote_active":false,"_monsterinsights_sitenote_note":"","_monsterinsights_sitenote_category":0,"footnotes":""},"categories":[27,42],"tags":[],"aioseo_notices":[],"_links":{"self":[{"href":"https:\/\/expressaoms.com.br\/index.php\/wp-json\/wp\/v2\/posts\/33278"}],"collection":[{"href":"https:\/\/expressaoms.com.br\/index.php\/wp-json\/wp\/v2\/posts"}],"about":[{"href":"https:\/\/expressaoms.com.br\/index.php\/wp-json\/wp\/v2\/types\/post"}],"author":[{"embeddable":true,"href":"https:\/\/expressaoms.com.br\/index.php\/wp-json\/wp\/v2\/users\/3"}],"replies":[{"embeddable":true,"href":"https:\/\/expressaoms.com.br\/index.php\/wp-json\/wp\/v2\/comments?post=33278"}],"version-history":[{"count":1,"href":"https:\/\/expressaoms.com.br\/index.php\/wp-json\/wp\/v2\/posts\/33278\/revisions"}],"predecessor-version":[{"id":33280,"href":"https:\/\/expressaoms.com.br\/index.php\/wp-json\/wp\/v2\/posts\/33278\/revisions\/33280"}],"wp:featuredmedia":[{"embeddable":true,"href":"https:\/\/expressaoms.com.br\/index.php\/wp-json\/wp\/v2\/media\/33279"}],"wp:attachment":[{"href":"https:\/\/expressaoms.com.br\/index.php\/wp-json\/wp\/v2\/media?parent=33278"}],"wp:term":[{"taxonomy":"category","embeddable":true,"href":"https:\/\/expressaoms.com.br\/index.php\/wp-json\/wp\/v2\/categories?post=33278"},{"taxonomy":"post_tag","embeddable":true,"href":"https:\/\/expressaoms.com.br\/index.php\/wp-json\/wp\/v2\/tags?post=33278"}],"curies":[{"name":"wp","href":"https:\/\/api.w.org\/{rel}","templated":true}]}}