{"id":3329,"date":"2022-01-05T09:59:43","date_gmt":"2022-01-05T12:59:43","guid":{"rendered":"https:\/\/expressaoms.com.br\/?p=3329"},"modified":"2022-01-05T09:59:43","modified_gmt":"2022-01-05T12:59:43","slug":"bolsonaro-tem-alta-do-hospital-vila-nova-star-em-sao-paulo","status":"publish","type":"post","link":"https:\/\/expressaoms.com.br\/index.php\/2022\/01\/05\/bolsonaro-tem-alta-do-hospital-vila-nova-star-em-sao-paulo\/","title":{"rendered":"Bolsonaro tem alta do Hospital Vila Nova Star em S\u00e3o Paulo"},"content":{"rendered":"<p>Ap\u00f3s dois dias internado no Hospital Vila Nova Star em S\u00e3o Paulo, devido uma obstru\u00e7\u00e3o intestinal, o presidente Jair Bolsonaro informou pelo Twitter que recebeu alta nesta quarta-feira (5). \u201cAlta agora. Obrigado a todos. Tudo posso naquele que me fortalece\u201d, comemorou.<img decoding=\"async\" src=\"https:\/\/agenciabrasil.ebc.com.br\/ebc.png?id=1435305&amp;o=node\" \/><img decoding=\"async\" src=\"https:\/\/agenciabrasil.ebc.com.br\/ebc.gif?id=1435305&amp;o=node\" \/><\/p>\n<p>Ainda n\u00e3o h\u00e1 informa\u00e7\u00f5es sobre o retorno do presidente a Bras\u00edlia e nem como ficar\u00e1 a agenda dele ap\u00f3s alta. Ontem (4), os m\u00e9dicos retiraram a sonda nasog\u00e1strica que o presidente utilizou durante o tratamento e foi descartada a necessidade de realiza\u00e7\u00e3o de nova cirurgia diante do fim da obstru\u00e7\u00e3o com medicamentos.<\/p>\n<p>Tamb\u00e9m nessa ter\u00e7a-feira, imagens postadas nas redes sociais de Bolsonaro e da primeira-dama, Michelle Bolsonaro, registram o presidente sendo avaliado pela equipe m\u00e9dica e caminhando no hospital.<\/p>\n<h2>Hist\u00f3rico<\/h2>\n<p>Bolsonaro estava em f\u00e9rias em Santa Catarina e foi levado para S\u00e3o Paulo na madrugada de segunda (3) com suspeita de nova obstru\u00e7\u00e3o intestinal.<\/p>\n<p>&nbsp;<\/p>\n<pre>Fonte: Ag\u00eancia Brasil<\/pre>\n","protected":false},"excerpt":{"rendered":"<p>Ap\u00f3s dois dias internado no Hospital Vila Nova Star em S\u00e3o Paulo, devido uma obstru\u00e7\u00e3o intestinal, o presidente Jair Bolsonaro informou pelo Twitter que recebeu alta nesta quarta-feira (5). \u201cAlta agora. Obrigado a todos. Tudo posso naquele que me fortalece\u201d, comemorou. Ainda n\u00e3o h\u00e1 informa\u00e7\u00f5es sobre o retorno do presidente a Bras\u00edlia e nem como [&hellip;]<\/p>\n","protected":false},"author":3,"featured_media":0,"comment_status":"open","ping_status":"open","sticky":false,"template":"","format":"standard","meta":{"om_disable_all_campaigns":false,"_monsterinsights_skip_tracking":false,"_monsterinsights_sitenote_active":false,"_monsterinsights_sitenote_note":"","_monsterinsights_sitenote_category":0,"footnotes":""},"categories":[30,42],"tags":[],"aioseo_notices":[],"_links":{"self":[{"href":"https:\/\/expressaoms.com.br\/index.php\/wp-json\/wp\/v2\/posts\/3329"}],"collection":[{"href":"https:\/\/expressaoms.com.br\/index.php\/wp-json\/wp\/v2\/posts"}],"about":[{"href":"https:\/\/expressaoms.com.br\/index.php\/wp-json\/wp\/v2\/types\/post"}],"author":[{"embeddable":true,"href":"https:\/\/expressaoms.com.br\/index.php\/wp-json\/wp\/v2\/users\/3"}],"replies":[{"embeddable":true,"href":"https:\/\/expressaoms.com.br\/index.php\/wp-json\/wp\/v2\/comments?post=3329"}],"version-history":[{"count":1,"href":"https:\/\/expressaoms.com.br\/index.php\/wp-json\/wp\/v2\/posts\/3329\/revisions"}],"predecessor-version":[{"id":3331,"href":"https:\/\/expressaoms.com.br\/index.php\/wp-json\/wp\/v2\/posts\/3329\/revisions\/3331"}],"wp:attachment":[{"href":"https:\/\/expressaoms.com.br\/index.php\/wp-json\/wp\/v2\/media?parent=3329"}],"wp:term":[{"taxonomy":"category","embeddable":true,"href":"https:\/\/expressaoms.com.br\/index.php\/wp-json\/wp\/v2\/categories?post=3329"},{"taxonomy":"post_tag","embeddable":true,"href":"https:\/\/expressaoms.com.br\/index.php\/wp-json\/wp\/v2\/tags?post=3329"}],"curies":[{"name":"wp","href":"https:\/\/api.w.org\/{rel}","templated":true}]}}