{"id":33373,"date":"2025-03-22T10:04:35","date_gmt":"2025-03-22T14:04:35","guid":{"rendered":"https:\/\/expressaoms.com.br\/?p=33373"},"modified":"2025-03-22T10:04:35","modified_gmt":"2025-03-22T14:04:35","slug":"paulo-correa-destaca-iniciativas-voltadas-para-bioeconomia-no-estado","status":"publish","type":"post","link":"https:\/\/expressaoms.com.br\/index.php\/2025\/03\/22\/paulo-correa-destaca-iniciativas-voltadas-para-bioeconomia-no-estado\/","title":{"rendered":"Paulo Corr\u00eaa destaca iniciativas voltadas para bioeconomia no Estado"},"content":{"rendered":"<p>Representando a Assembleia Legislativa, o deputado Paulo Corr\u00eaa, participou, ao lado do governador Eduardo Riedel e de representantes do setor produtivo, \u00a0do lan\u00e7amento de duas iniciativas pioneiras de certifica\u00e7\u00e3o de cr\u00e9ditos de biodiversidade, um modelo que recompensa o produtor rural que preserva sua propriedade, protegendo a fauna e garantindo um futuro sustent\u00e1vel.<\/p>\n<p>O Programa Jaguar, do Instituto Homem Pantaneiro, protege a on\u00e7a-pintada, s\u00edmbolo de Mato Grosso do Sul, enquanto o Projeto Fazenda Cristal investe no florestamento com bambu, ajudando na remo\u00e7\u00e3o de g\u00e1s carb\u00f4nico da atmosfera.<\/p>\n<p>Como autor da Lei Estadual n\u00ba 5.235\/2018, que criou o Programa Estadual de Pagamento por Servi\u00e7os Ambientais (PSA), Paulo Corr\u00eaa, disse que estava \u201cimensamente feliz em ver iniciativas como essas saindo do papel e beneficiando quem cuida do nosso meio ambiente.\u201d<\/p>\n<p><img fetchpriority=\"high\" decoding=\"async\" class=\"alignnone size-full wp-image-33375\" src=\"https:\/\/expressaoms.com.br\/wp-content\/uploads\/2025\/03\/paulo-correa-2.jpg\" alt=\"\" width=\"1067\" height=\"712\" srcset=\"https:\/\/expressaoms.com.br\/wp-content\/uploads\/2025\/03\/paulo-correa-2.jpg 1067w, https:\/\/expressaoms.com.br\/wp-content\/uploads\/2025\/03\/paulo-correa-2-300x200.jpg 300w, https:\/\/expressaoms.com.br\/wp-content\/uploads\/2025\/03\/paulo-correa-2-1024x683.jpg 1024w, https:\/\/expressaoms.com.br\/wp-content\/uploads\/2025\/03\/paulo-correa-2-768x512.jpg 768w, https:\/\/expressaoms.com.br\/wp-content\/uploads\/2025\/03\/paulo-correa-2-600x400.jpg 600w\" sizes=\"(max-width: 1067px) 100vw, 1067px\" \/><\/p>\n<h2><strong>Biodiversidade<\/strong><\/h2>\n<p>\u00c9 uma grande contribui\u00e7\u00e3o, de produ\u00e7\u00e3o da natureza que abrange carbono, biodiversidade e \u00e1gua. E posiciona o Mato Grosso do Sul na agenda global de produ\u00e7\u00e3o de alimentos e transi\u00e7\u00e3o energ\u00e9tica. \u00c9 a materializa\u00e7\u00e3o do conceito e da linha de trabalho\u201d, disse Riedel.<\/p>\n<p>Com atua\u00e7\u00e3o direta na conserva\u00e7\u00e3o da fauna e da flora pantaneira, o IHP (Instituto do Homem Pantaneiro) j\u00e1 tem trabalho reconhecimento com a primeira certifica\u00e7\u00e3o de cr\u00e9dito de carbono comercializado no mercado volunt\u00e1rio e apresentou a implanta\u00e7\u00e3o \u2013 in\u00e9dita no pa\u00eds \u2013 de cr\u00e9dito de biodiversidade. O mecanismo inovador de pagamento por servi\u00e7os ambientais, remunera propriet\u00e1rios e gestores de \u00e1reas por iniciativas de conserva\u00e7\u00e3o e prote\u00e7\u00e3o do meio ambiente.<\/p>\n<p>\u201cEsta iniciativa coloca o Mato Grosso do Sul na vanguarda, por valorizar e reconhecer, que al\u00e9m de voca\u00e7\u00e3o agropecu\u00e1ria, tamb\u00e9m \u00e9 um estado de produ\u00e7\u00e3o da natureza. O projeto \u00e9 valoriza a on\u00e7a-pintada, que vai gerar cr\u00e9dito e trazendo o mercado para valorizar aqueles que protegem a esp\u00e9cie\u201d, afirmou o diretor-presidente do IHP, \u00c2ngelo Rabelo.<\/p>\n","protected":false},"excerpt":{"rendered":"<p>Representando a Assembleia Legislativa, o deputado Paulo Corr\u00eaa, participou, ao lado do governador Eduardo Riedel e de representantes do setor produtivo, \u00a0do lan\u00e7amento de duas iniciativas pioneiras de certifica\u00e7\u00e3o de cr\u00e9ditos de biodiversidade, um modelo que recompensa o produtor rural que preserva sua propriedade, protegendo a fauna e garantindo um futuro sustent\u00e1vel. O Programa Jaguar, [&hellip;]<\/p>\n","protected":false},"author":3,"featured_media":33376,"comment_status":"open","ping_status":"open","sticky":false,"template":"","format":"standard","meta":{"om_disable_all_campaigns":false,"_monsterinsights_skip_tracking":false,"_monsterinsights_sitenote_active":false,"_monsterinsights_sitenote_note":"","_monsterinsights_sitenote_category":0,"footnotes":""},"categories":[266,42],"tags":[],"aioseo_notices":[],"_links":{"self":[{"href":"https:\/\/expressaoms.com.br\/index.php\/wp-json\/wp\/v2\/posts\/33373"}],"collection":[{"href":"https:\/\/expressaoms.com.br\/index.php\/wp-json\/wp\/v2\/posts"}],"about":[{"href":"https:\/\/expressaoms.com.br\/index.php\/wp-json\/wp\/v2\/types\/post"}],"author":[{"embeddable":true,"href":"https:\/\/expressaoms.com.br\/index.php\/wp-json\/wp\/v2\/users\/3"}],"replies":[{"embeddable":true,"href":"https:\/\/expressaoms.com.br\/index.php\/wp-json\/wp\/v2\/comments?post=33373"}],"version-history":[{"count":1,"href":"https:\/\/expressaoms.com.br\/index.php\/wp-json\/wp\/v2\/posts\/33373\/revisions"}],"predecessor-version":[{"id":33377,"href":"https:\/\/expressaoms.com.br\/index.php\/wp-json\/wp\/v2\/posts\/33373\/revisions\/33377"}],"wp:featuredmedia":[{"embeddable":true,"href":"https:\/\/expressaoms.com.br\/index.php\/wp-json\/wp\/v2\/media\/33376"}],"wp:attachment":[{"href":"https:\/\/expressaoms.com.br\/index.php\/wp-json\/wp\/v2\/media?parent=33373"}],"wp:term":[{"taxonomy":"category","embeddable":true,"href":"https:\/\/expressaoms.com.br\/index.php\/wp-json\/wp\/v2\/categories?post=33373"},{"taxonomy":"post_tag","embeddable":true,"href":"https:\/\/expressaoms.com.br\/index.php\/wp-json\/wp\/v2\/tags?post=33373"}],"curies":[{"name":"wp","href":"https:\/\/api.w.org\/{rel}","templated":true}]}}