{"id":33546,"date":"2025-03-31T10:26:08","date_gmt":"2025-03-31T14:26:08","guid":{"rendered":"https:\/\/expressaoms.com.br\/?p=33546"},"modified":"2025-03-31T16:56:21","modified_gmt":"2025-03-31T20:56:21","slug":"saude-prefeitura-inicia-processo-para-nova-unidade-que-vai-transformar-atendimento-na-cidade","status":"publish","type":"post","link":"https:\/\/expressaoms.com.br\/index.php\/2025\/03\/31\/saude-prefeitura-inicia-processo-para-nova-unidade-que-vai-transformar-atendimento-na-cidade\/","title":{"rendered":"SA\u00daDE: Prefeitura inicia processo para nova unidade que vai transformar atendimento na cidade"},"content":{"rendered":"<p><em><strong>Obra estrat\u00e9gica vai descentralizar atendimento e reduzir espera por servi\u00e7os emergenciais na cidade<\/strong><\/em><\/p>\n<p><strong>Tha\u00eds Dias<\/strong><\/p>\n<p>A Prefeitura de Tr\u00eas Lagoas deu in\u00edcio ao processo licitat\u00f3rio para a constru\u00e7\u00e3o da Unidade de Sa\u00fade da Fam\u00edlia Miguel Nunes, um projeto estrat\u00e9gico que vai muito al\u00e9m de uma simples unidade b\u00e1sica. Com investimento de R$ 4,9 milh\u00f5es e prazo de 450 dias para conclus\u00e3o, esta obra representa a pe\u00e7a fundamental para a t\u00e3o esperada segunda UPA 24 horas da cidade. O processo competitivo, que ter\u00e1 suas propostas abertas em 14 de abril, est\u00e1 sendo conduzido com rigor t\u00e9cnico, adotando o crit\u00e9rio de menor pre\u00e7o e exigindo das empresas interessadas o cumprimento de todos os requisitos legais e t\u00e9cnicos.<\/p>\n<p>Atualmente, os moradores das regi\u00f5es mais afastadas, enfrentam grandes dificuldades para acessar o \u00fanico servi\u00e7o de urg\u00eancia dispon\u00edvel na UPA do Vila Carioca. A nova unidade, que ser\u00e1 constru\u00edda no bairro Vila Nova seguindo o padr\u00e3o UBS Porte IV do Minist\u00e9rio da Sa\u00fade, vem para descentralizar o atendimento e reduzir significativamente os tempos de espera em situa\u00e7\u00f5es emergenciais. O prefeito Cassiano Maia enfatizou que esta \u00e9 uma resposta concreta \u00e0s demandas da popula\u00e7\u00e3o, que h\u00e1 anos clama por melhores condi\u00e7\u00f5es de acesso \u00e0 sa\u00fade.<\/p>\n<p>Integrada ao Programa de Acelera\u00e7\u00e3o do Crescimento (Novo PAC), a obra representa um avan\u00e7o hist\u00f3rico para a sa\u00fade p\u00fablica de Tr\u00eas Lagoas. Quando conclu\u00edda, funcionar\u00e1 em sistema complementar \u00e0 UPA existente, criando uma rede integrada de atendimento que beneficiar\u00e1 toda a popula\u00e7\u00e3o. Al\u00e9m da estrutura f\u00edsica moderna, o projeto prev\u00ea a otimiza\u00e7\u00e3o dos fluxos de atendimento, garantindo maior efici\u00eancia nos servi\u00e7os prestados \u00e0 comunidade. Enquanto aguardam a nova unidade, os moradores podem ter a certeza de que, em breve, ter\u00e3o acesso a um servi\u00e7o de sa\u00fade mais \u00e1gil, pr\u00f3ximo e de qualidade.<\/p>\n","protected":false},"excerpt":{"rendered":"<p>Obra estrat\u00e9gica vai descentralizar atendimento e reduzir espera por servi\u00e7os emergenciais na cidade Tha\u00eds Dias A Prefeitura de Tr\u00eas Lagoas deu in\u00edcio ao processo licitat\u00f3rio para a constru\u00e7\u00e3o da Unidade de Sa\u00fade da Fam\u00edlia Miguel Nunes, um projeto estrat\u00e9gico que vai muito al\u00e9m de uma simples unidade b\u00e1sica. Com investimento de R$ 4,9 milh\u00f5es e [&hellip;]<\/p>\n","protected":false},"author":3,"featured_media":33547,"comment_status":"open","ping_status":"open","sticky":false,"template":"","format":"standard","meta":{"om_disable_all_campaigns":false,"_monsterinsights_skip_tracking":false,"_monsterinsights_sitenote_active":false,"_monsterinsights_sitenote_note":"","_monsterinsights_sitenote_category":0,"footnotes":""},"categories":[36,44,48],"tags":[253,361,172,362],"aioseo_notices":[],"_links":{"self":[{"href":"https:\/\/expressaoms.com.br\/index.php\/wp-json\/wp\/v2\/posts\/33546"}],"collection":[{"href":"https:\/\/expressaoms.com.br\/index.php\/wp-json\/wp\/v2\/posts"}],"about":[{"href":"https:\/\/expressaoms.com.br\/index.php\/wp-json\/wp\/v2\/types\/post"}],"author":[{"embeddable":true,"href":"https:\/\/expressaoms.com.br\/index.php\/wp-json\/wp\/v2\/users\/3"}],"replies":[{"embeddable":true,"href":"https:\/\/expressaoms.com.br\/index.php\/wp-json\/wp\/v2\/comments?post=33546"}],"version-history":[{"count":4,"href":"https:\/\/expressaoms.com.br\/index.php\/wp-json\/wp\/v2\/posts\/33546\/revisions"}],"predecessor-version":[{"id":33558,"href":"https:\/\/expressaoms.com.br\/index.php\/wp-json\/wp\/v2\/posts\/33546\/revisions\/33558"}],"wp:featuredmedia":[{"embeddable":true,"href":"https:\/\/expressaoms.com.br\/index.php\/wp-json\/wp\/v2\/media\/33547"}],"wp:attachment":[{"href":"https:\/\/expressaoms.com.br\/index.php\/wp-json\/wp\/v2\/media?parent=33546"}],"wp:term":[{"taxonomy":"category","embeddable":true,"href":"https:\/\/expressaoms.com.br\/index.php\/wp-json\/wp\/v2\/categories?post=33546"},{"taxonomy":"post_tag","embeddable":true,"href":"https:\/\/expressaoms.com.br\/index.php\/wp-json\/wp\/v2\/tags?post=33546"}],"curies":[{"name":"wp","href":"https:\/\/api.w.org\/{rel}","templated":true}]}}