{"id":33667,"date":"2025-04-04T06:53:00","date_gmt":"2025-04-04T10:53:00","guid":{"rendered":"https:\/\/expressaoms.com.br\/?p=33667"},"modified":"2025-04-04T06:53:00","modified_gmt":"2025-04-04T10:53:00","slug":"prefeitura-de-tres-lagoas-retira-bancos-vandalizados-na-avenida-filinto-muller","status":"publish","type":"post","link":"https:\/\/expressaoms.com.br\/index.php\/2025\/04\/04\/prefeitura-de-tres-lagoas-retira-bancos-vandalizados-na-avenida-filinto-muller\/","title":{"rendered":"Prefeitura de Tr\u00eas Lagoas retira bancos vandalizados na avenida Filinto Muller"},"content":{"rendered":"<p data-raofz=\"16\">A Prefeitura de Tr\u00eas Lagoas, por meio da equipe do Departamento de Servi\u00e7os P\u00fablicos (DSP), da Secretaria Municipal de Infraestrutura, Transporte e Tr\u00e2nsito (SEINTRA), realizou nesta quinta-feira, dia 03 de abril, remo\u00e7\u00e3o de tr\u00eas bancos de concreto que foram vandalizados na Avenida Filinto Muller.<\/p>\n<p data-raofz=\"16\">O vandalismo compromete n\u00e3o apenas a est\u00e9tica da cidade, mas tamb\u00e9m a qualidade dos espa\u00e7os p\u00fablicos utilizados pela popula\u00e7\u00e3o al\u00e9m de gerar custos adicionais para os cofres municipais, que poderiam ser investidos em novas melhorias para a cidade.<\/p>\n<p data-raofz=\"16\">A Prefeitura refor\u00e7a a import\u00e2ncia do cuidado com os bens p\u00fablicos e pede a colabora\u00e7\u00e3o da popula\u00e7\u00e3o para preservar os espa\u00e7os de uso coletivo. Caso presencie atos de vandalismo, a orienta\u00e7\u00e3o \u00e9 denunciar \u00e0s autoridades competentes, como a Pol\u00edcia Militar atrav\u00e9s do telefone 190 para que as devidas provid\u00eancias sejam tomadas.<\/p>\n<div id=\"wg_138740_17437637435683\" class=\"woowgallery-wrapper wg-id-138740 type-woowgallery\" data-raofz=\"16\">\n<div class=\"woowgallery-amron\" data-raofz=\"16\">\n<div class=\"woow-gal-amron-masonry-collection\" data-raofz=\"16\">\n<div class=\"woow-gal-amron-header\" data-raofz=\"16\">\n<div data-raofz=\"16\"><\/div>\n<\/div>\n<div class=\"woow-gal-amron-content\" data-raofz=\"16\">\n<div class=\"woow-gal-amron-collection-column\" data-raofz=\"16\">\n<div class=\"pgc-rev-original-prop-thumb-view woow-gal-amron-thumb\" data-raofz=\"16\">\n<div class=\"pgc-rev-original-prop-thumb-main-wrap\" data-raofz=\"16\"><\/div>\n<\/div>\n<\/div>\n<\/div>\n<\/div>\n<\/div>\n<\/div>\n","protected":false},"excerpt":{"rendered":"<p>A Prefeitura de Tr\u00eas Lagoas, por meio da equipe do Departamento de Servi\u00e7os P\u00fablicos (DSP), da Secretaria Municipal de Infraestrutura, Transporte e Tr\u00e2nsito (SEINTRA), realizou nesta quinta-feira, dia 03 de abril, remo\u00e7\u00e3o de tr\u00eas bancos de concreto que foram vandalizados na Avenida Filinto Muller. O vandalismo compromete n\u00e3o apenas a est\u00e9tica da cidade, mas tamb\u00e9m [&hellip;]<\/p>\n","protected":false},"author":2,"featured_media":33668,"comment_status":"open","ping_status":"open","sticky":false,"template":"","format":"standard","meta":{"om_disable_all_campaigns":false,"_monsterinsights_skip_tracking":false,"_monsterinsights_sitenote_active":false,"_monsterinsights_sitenote_note":"","_monsterinsights_sitenote_category":0,"footnotes":""},"categories":[36,48],"tags":[],"aioseo_notices":[],"_links":{"self":[{"href":"https:\/\/expressaoms.com.br\/index.php\/wp-json\/wp\/v2\/posts\/33667"}],"collection":[{"href":"https:\/\/expressaoms.com.br\/index.php\/wp-json\/wp\/v2\/posts"}],"about":[{"href":"https:\/\/expressaoms.com.br\/index.php\/wp-json\/wp\/v2\/types\/post"}],"author":[{"embeddable":true,"href":"https:\/\/expressaoms.com.br\/index.php\/wp-json\/wp\/v2\/users\/2"}],"replies":[{"embeddable":true,"href":"https:\/\/expressaoms.com.br\/index.php\/wp-json\/wp\/v2\/comments?post=33667"}],"version-history":[{"count":1,"href":"https:\/\/expressaoms.com.br\/index.php\/wp-json\/wp\/v2\/posts\/33667\/revisions"}],"predecessor-version":[{"id":33669,"href":"https:\/\/expressaoms.com.br\/index.php\/wp-json\/wp\/v2\/posts\/33667\/revisions\/33669"}],"wp:featuredmedia":[{"embeddable":true,"href":"https:\/\/expressaoms.com.br\/index.php\/wp-json\/wp\/v2\/media\/33668"}],"wp:attachment":[{"href":"https:\/\/expressaoms.com.br\/index.php\/wp-json\/wp\/v2\/media?parent=33667"}],"wp:term":[{"taxonomy":"category","embeddable":true,"href":"https:\/\/expressaoms.com.br\/index.php\/wp-json\/wp\/v2\/categories?post=33667"},{"taxonomy":"post_tag","embeddable":true,"href":"https:\/\/expressaoms.com.br\/index.php\/wp-json\/wp\/v2\/tags?post=33667"}],"curies":[{"name":"wp","href":"https:\/\/api.w.org\/{rel}","templated":true}]}}