{"id":3369,"date":"2022-01-06T14:18:44","date_gmt":"2022-01-06T17:18:44","guid":{"rendered":"https:\/\/expressaoms.com.br\/?p=3369"},"modified":"2022-01-06T14:18:44","modified_gmt":"2022-01-06T17:18:44","slug":"concurso-delegado-da-pcms-sad-convoca-aprovados-para-avaliacao-medico-odontologica","status":"publish","type":"post","link":"https:\/\/expressaoms.com.br\/index.php\/2022\/01\/06\/concurso-delegado-da-pcms-sad-convoca-aprovados-para-avaliacao-medico-odontologica\/","title":{"rendered":"Concurso Delegado da PCMS: SAD convoca aprovados para avalia\u00e7\u00e3o m\u00e9dico-odontol\u00f3gica"},"content":{"rendered":"<p>A Secretarias de Administra\u00e7\u00e3o e Desburocratiza\u00e7\u00e3o (SAD) e de Justi\u00e7a e Seguran\u00e7a P\u00fablica (Sejusp) publicaram na edi\u00e7\u00e3o de hoje (06) do Di\u00e1rio Oficial do Estado, os editais de convoca\u00e7\u00e3o para avalia\u00e7\u00e3o m\u00e9dico-odontol\u00f3gica de candidatos aprovados para a categorial funcional de Delegado de Pol\u00edcia, do concurso da PCMS.<\/p>\n<p>De acordo com o documento, a avalia\u00e7\u00e3o ser\u00e1 realizada em Campo Grande por junta especial de sa\u00fade, constitu\u00edda por profissionais da \u00e1rea designados especificamente para este fim. Etapas, locais de realiza\u00e7\u00e3o das avalia\u00e7\u00f5es e documentos necess\u00e1rios para apresenta\u00e7\u00e3o est\u00e3o listados na publica\u00e7\u00e3o, assim como, os crit\u00e9rios de elimina\u00e7\u00e3o de candidatos nesta etapa do certame.<\/p>\n<p>A publica\u00e7\u00e3o est\u00e1 dispon\u00edvel entre as p\u00e1ginas 163 e 170 do Di\u00e1rio Oficial do Estado e pode ser acessada pelo link www.imprensaoficial.ms.gov.br.<\/p>\n","protected":false},"excerpt":{"rendered":"<p>A Secretarias de Administra\u00e7\u00e3o e Desburocratiza\u00e7\u00e3o (SAD) e de Justi\u00e7a e Seguran\u00e7a P\u00fablica (Sejusp) publicaram na edi\u00e7\u00e3o de hoje (06) do Di\u00e1rio Oficial do Estado, os editais de convoca\u00e7\u00e3o para avalia\u00e7\u00e3o m\u00e9dico-odontol\u00f3gica de candidatos aprovados para a categorial funcional de Delegado de Pol\u00edcia, do concurso da PCMS. De acordo com o documento, a avalia\u00e7\u00e3o ser\u00e1 [&hellip;]<\/p>\n","protected":false},"author":3,"featured_media":0,"comment_status":"open","ping_status":"open","sticky":false,"template":"","format":"standard","meta":{"om_disable_all_campaigns":false,"_monsterinsights_skip_tracking":false,"_monsterinsights_sitenote_active":false,"_monsterinsights_sitenote_note":"","_monsterinsights_sitenote_category":0,"footnotes":""},"categories":[30,41],"tags":[],"aioseo_notices":[],"_links":{"self":[{"href":"https:\/\/expressaoms.com.br\/index.php\/wp-json\/wp\/v2\/posts\/3369"}],"collection":[{"href":"https:\/\/expressaoms.com.br\/index.php\/wp-json\/wp\/v2\/posts"}],"about":[{"href":"https:\/\/expressaoms.com.br\/index.php\/wp-json\/wp\/v2\/types\/post"}],"author":[{"embeddable":true,"href":"https:\/\/expressaoms.com.br\/index.php\/wp-json\/wp\/v2\/users\/3"}],"replies":[{"embeddable":true,"href":"https:\/\/expressaoms.com.br\/index.php\/wp-json\/wp\/v2\/comments?post=3369"}],"version-history":[{"count":1,"href":"https:\/\/expressaoms.com.br\/index.php\/wp-json\/wp\/v2\/posts\/3369\/revisions"}],"predecessor-version":[{"id":3371,"href":"https:\/\/expressaoms.com.br\/index.php\/wp-json\/wp\/v2\/posts\/3369\/revisions\/3371"}],"wp:attachment":[{"href":"https:\/\/expressaoms.com.br\/index.php\/wp-json\/wp\/v2\/media?parent=3369"}],"wp:term":[{"taxonomy":"category","embeddable":true,"href":"https:\/\/expressaoms.com.br\/index.php\/wp-json\/wp\/v2\/categories?post=3369"},{"taxonomy":"post_tag","embeddable":true,"href":"https:\/\/expressaoms.com.br\/index.php\/wp-json\/wp\/v2\/tags?post=3369"}],"curies":[{"name":"wp","href":"https:\/\/api.w.org\/{rel}","templated":true}]}}