{"id":33733,"date":"2025-04-07T05:26:42","date_gmt":"2025-04-07T09:26:42","guid":{"rendered":"https:\/\/expressaoms.com.br\/?p=33733"},"modified":"2025-04-07T07:29:09","modified_gmt":"2025-04-07T11:29:09","slug":"tres-lagoas-inicia-a-semana-com-tempo-instavel-e-chance-de-chuva-isolada","status":"publish","type":"post","link":"https:\/\/expressaoms.com.br\/index.php\/2025\/04\/07\/tres-lagoas-inicia-a-semana-com-tempo-instavel-e-chance-de-chuva-isolada\/","title":{"rendered":"Tr\u00eas Lagoas inicia a semana com tempo inst\u00e1vel e chance de chuva isolada"},"content":{"rendered":"<p class=\"\" data-start=\"79\" data-end=\"329\">A semana come\u00e7a com tempo inst\u00e1vel em Tr\u00eas Lagoas. Nesta segunda-feira (7), a previs\u00e3o \u00e9 de c\u00e9u com muitas nuvens durante todo o dia e possibilidade de chuvas isoladas em diversos pontos da cidade, segundo dados meteorol\u00f3gicos.<\/p>\n<p class=\"\" data-start=\"331\" data-end=\"560\">As temperaturas devem variar entre 20\u00b0C e 33\u00b0C, com o calor ainda presente apesar do tempo fechado. A maior umidade relativa do ar e o aumento da nebulosidade favorecem pancadas de chuva, principalmente durante a tarde e a noite.<\/p>\n<p class=\"\" data-start=\"562\" data-end=\"841\">Para os pr\u00f3ximos dias, o cen\u00e1rio n\u00e3o deve mudar muito. A previs\u00e3o aponta continuidade das instabilidades, com per\u00edodos de sol intercalados por nuvens e possibilidade de chuvas esparsas, exigindo aten\u00e7\u00e3o redobrada da popula\u00e7\u00e3o, especialmente em \u00e1reas com hist\u00f3rico de alagamentos.<\/p>\n<p class=\"\" data-start=\"843\" data-end=\"1069\">O clima mais \u00famido tamb\u00e9m traz al\u00edvio moment\u00e2neo para a baixa umidade t\u00edpica da regi\u00e3o, mas especialistas alertam para cuidados com mudan\u00e7as bruscas de temperatura, que podem afetar a sa\u00fade, especialmente de crian\u00e7as e idosos.<\/p>\n","protected":false},"excerpt":{"rendered":"<p>A semana come\u00e7a com tempo inst\u00e1vel em Tr\u00eas Lagoas. Nesta segunda-feira (7), a previs\u00e3o \u00e9 de c\u00e9u com muitas nuvens durante todo o dia e possibilidade de chuvas isoladas em diversos pontos da cidade, segundo dados meteorol\u00f3gicos. As temperaturas devem variar entre 20\u00b0C e 33\u00b0C, com o calor ainda presente apesar do tempo fechado. A [&hellip;]<\/p>\n","protected":false},"author":2,"featured_media":33734,"comment_status":"open","ping_status":"open","sticky":false,"template":"","format":"standard","meta":{"om_disable_all_campaigns":false,"_monsterinsights_skip_tracking":false,"_monsterinsights_sitenote_active":false,"_monsterinsights_sitenote_note":"","_monsterinsights_sitenote_category":0,"footnotes":""},"categories":[36,47,48],"tags":[],"aioseo_notices":[],"_links":{"self":[{"href":"https:\/\/expressaoms.com.br\/index.php\/wp-json\/wp\/v2\/posts\/33733"}],"collection":[{"href":"https:\/\/expressaoms.com.br\/index.php\/wp-json\/wp\/v2\/posts"}],"about":[{"href":"https:\/\/expressaoms.com.br\/index.php\/wp-json\/wp\/v2\/types\/post"}],"author":[{"embeddable":true,"href":"https:\/\/expressaoms.com.br\/index.php\/wp-json\/wp\/v2\/users\/2"}],"replies":[{"embeddable":true,"href":"https:\/\/expressaoms.com.br\/index.php\/wp-json\/wp\/v2\/comments?post=33733"}],"version-history":[{"count":1,"href":"https:\/\/expressaoms.com.br\/index.php\/wp-json\/wp\/v2\/posts\/33733\/revisions"}],"predecessor-version":[{"id":33735,"href":"https:\/\/expressaoms.com.br\/index.php\/wp-json\/wp\/v2\/posts\/33733\/revisions\/33735"}],"wp:featuredmedia":[{"embeddable":true,"href":"https:\/\/expressaoms.com.br\/index.php\/wp-json\/wp\/v2\/media\/33734"}],"wp:attachment":[{"href":"https:\/\/expressaoms.com.br\/index.php\/wp-json\/wp\/v2\/media?parent=33733"}],"wp:term":[{"taxonomy":"category","embeddable":true,"href":"https:\/\/expressaoms.com.br\/index.php\/wp-json\/wp\/v2\/categories?post=33733"},{"taxonomy":"post_tag","embeddable":true,"href":"https:\/\/expressaoms.com.br\/index.php\/wp-json\/wp\/v2\/tags?post=33733"}],"curies":[{"name":"wp","href":"https:\/\/api.w.org\/{rel}","templated":true}]}}