{"id":33801,"date":"2025-04-09T08:50:34","date_gmt":"2025-04-09T12:50:34","guid":{"rendered":"https:\/\/expressaoms.com.br\/?p=33801"},"modified":"2025-04-09T08:51:36","modified_gmt":"2025-04-09T12:51:36","slug":"do-evento-de-hoje-aos-empregos-de-amanha-o-divisor-de-aguas-que-a-arauco-traz-para-ms","status":"publish","type":"post","link":"https:\/\/expressaoms.com.br\/index.php\/2025\/04\/09\/do-evento-de-hoje-aos-empregos-de-amanha-o-divisor-de-aguas-que-a-arauco-traz-para-ms\/","title":{"rendered":"Do evento de hoje aos empregos de amanh\u00e3, o divisor de \u00e1guas que a Arauco traz para MS"},"content":{"rendered":"<p><em><strong>Pedra fundamental da Arauco \u00e9 lan\u00e7ada hoje e coloca a regi\u00e3o no mapa global da celulose<\/strong><\/em><\/p>\n<p><strong>Thais Dias<\/strong><\/p>\n<p>Nesta quarta-feira (9), o vice-presidente Geraldo Alckmin participa da cerim\u00f4nia de lan\u00e7amento da pedra fundamental da f\u00e1brica de celulose da Arauco em Inoc\u00eancia, um marco para o desenvolvimento econ\u00f4mico de Mato Grosso do Sul. Com um investimento de US$ 4,6 bilh\u00f5es, o Projeto Sucuri\u00fa promete gerar milhares de empregos, impulsionar a cadeia produtiva e consolidar a regi\u00e3o como um dos principais polos de celulose do mundo.<\/p>\n<p>A nova unidade, que deve entrar em opera\u00e7\u00e3o no final de 2027, ter\u00e1 capacidade para produzir 3,5 milh\u00f5es de toneladas de fibra curta de celulose por ano. Durante as obras, ser\u00e3o criadas mais de 14 mil oportunidades de trabalho, e, ap\u00f3s o in\u00edcio das opera\u00e7\u00f5es, a expectativa \u00e9 de cerca de 6 mil empregos diretos e indiretos nas \u00e1reas florestal, industrial e de log\u00edstica. Al\u00e9m disso, a Arauco j\u00e1 planeja uma segunda fase de expans\u00e3o, que pode dobrar a capacidade produtiva da f\u00e1brica.<\/p>\n<p>A empresa tamb\u00e9m est\u00e1 investindo em 400 mil hectares de florestas de eucalipto no entorno da f\u00e1brica, garantindo mat\u00e9ria-prima sustent\u00e1vel e fortalecendo o agroneg\u00f3cio regional. Outro destaque do projeto \u00e9 a gera\u00e7\u00e3o de energia limpa: a usina associada \u00e0 f\u00e1brica ter\u00e1 capacidade de produzir 400 MW, sendo 200 MW para consumo interno e o excedente destinado ao sistema el\u00e9trico nacional, suficiente para abastecer uma cidade de 800 mil habitantes.<\/p>\n<p>A chegada da Arauco refor\u00e7a a posi\u00e7\u00e3o de Tr\u00eas Lagoas e regi\u00e3o como o Vale da Celulose, atraindo novos investimentos e movimentando setores como com\u00e9rcio, servi\u00e7os, log\u00edstica e infraestrutura. Com outras gigantes do setor, como Suzano e Eldorado, j\u00e1 instaladas na regi\u00e3o, e a poss\u00edvel chegada da Bracell em \u00c1gua Clara, Mato Grosso do Sul se consolida como um dos maiores produtores de celulose do pa\u00eds, impulsionando a economia e gerando desenvolvimento para toda a popula\u00e7\u00e3o.<\/p>\n<p>&nbsp;<\/p>\n","protected":false},"excerpt":{"rendered":"<p>Pedra fundamental da Arauco \u00e9 lan\u00e7ada hoje e coloca a regi\u00e3o no mapa global da celulose Thais Dias Nesta quarta-feira (9), o vice-presidente Geraldo Alckmin participa da cerim\u00f4nia de lan\u00e7amento da pedra fundamental da f\u00e1brica de celulose da Arauco em Inoc\u00eancia, um marco para o desenvolvimento econ\u00f4mico de Mato Grosso do Sul. Com um investimento [&hellip;]<\/p>\n","protected":false},"author":3,"featured_media":33802,"comment_status":"open","ping_status":"open","sticky":false,"template":"","format":"standard","meta":{"om_disable_all_campaigns":false,"_monsterinsights_skip_tracking":false,"_monsterinsights_sitenote_active":false,"_monsterinsights_sitenote_note":"","_monsterinsights_sitenote_category":0,"footnotes":""},"categories":[31,36,267,48],"tags":[363,85,253,361,354,172],"aioseo_notices":[],"_links":{"self":[{"href":"https:\/\/expressaoms.com.br\/index.php\/wp-json\/wp\/v2\/posts\/33801"}],"collection":[{"href":"https:\/\/expressaoms.com.br\/index.php\/wp-json\/wp\/v2\/posts"}],"about":[{"href":"https:\/\/expressaoms.com.br\/index.php\/wp-json\/wp\/v2\/types\/post"}],"author":[{"embeddable":true,"href":"https:\/\/expressaoms.com.br\/index.php\/wp-json\/wp\/v2\/users\/3"}],"replies":[{"embeddable":true,"href":"https:\/\/expressaoms.com.br\/index.php\/wp-json\/wp\/v2\/comments?post=33801"}],"version-history":[{"count":1,"href":"https:\/\/expressaoms.com.br\/index.php\/wp-json\/wp\/v2\/posts\/33801\/revisions"}],"predecessor-version":[{"id":33803,"href":"https:\/\/expressaoms.com.br\/index.php\/wp-json\/wp\/v2\/posts\/33801\/revisions\/33803"}],"wp:featuredmedia":[{"embeddable":true,"href":"https:\/\/expressaoms.com.br\/index.php\/wp-json\/wp\/v2\/media\/33802"}],"wp:attachment":[{"href":"https:\/\/expressaoms.com.br\/index.php\/wp-json\/wp\/v2\/media?parent=33801"}],"wp:term":[{"taxonomy":"category","embeddable":true,"href":"https:\/\/expressaoms.com.br\/index.php\/wp-json\/wp\/v2\/categories?post=33801"},{"taxonomy":"post_tag","embeddable":true,"href":"https:\/\/expressaoms.com.br\/index.php\/wp-json\/wp\/v2\/tags?post=33801"}],"curies":[{"name":"wp","href":"https:\/\/api.w.org\/{rel}","templated":true}]}}