{"id":33826,"date":"2025-04-10T19:59:20","date_gmt":"2025-04-10T23:59:20","guid":{"rendered":"https:\/\/expressaoms.com.br\/?p=33826"},"modified":"2025-04-10T20:38:45","modified_gmt":"2025-04-11T00:38:45","slug":"os-primeiros-100-dias-de-cassiano-maia-entre-obras-polemas-e-um-novo-jeito-de-govnar","status":"publish","type":"post","link":"https:\/\/expressaoms.com.br\/index.php\/2025\/04\/10\/os-primeiros-100-dias-de-cassiano-maia-entre-obras-polemas-e-um-novo-jeito-de-govnar\/","title":{"rendered":"Os primeiros 100 dias de Cassiano Maia: Entre obras, pol\u00eamicas e um novo jeito de governar"},"content":{"rendered":"\t\t<div data-elementor-type=\"wp-post\" data-elementor-id=\"33826\" class=\"elementor elementor-33826\" data-elementor-post-type=\"post\">\n\t\t\t\t<div class=\"elementor-element elementor-element-792e5e95 e-flex e-con-boxed e-con e-parent\" data-id=\"792e5e95\" data-element_type=\"container\">\n\t\t\t\t\t<div class=\"e-con-inner\">\n\t\t\t\t<div class=\"elementor-element elementor-element-76ef1cc2 elementor-widget elementor-widget-text-editor\" data-id=\"76ef1cc2\" data-element_type=\"widget\" data-widget_type=\"text-editor.default\">\n\t\t\t\t<div class=\"elementor-widget-container\">\n\t\t\t\t\t\t\t\t\t<p><em><strong>Prefeito esclarece os bastidores da regulariza\u00e7\u00e3o de kits escolares, a pol\u00eamica na educa\u00e7\u00e3o e os planos para o desenvolvimento econ\u00f4mico<\/strong><\/em><\/p><p>\u00a0<\/p><p><strong>Tha\u00eds Dias e Sebasti\u00e3o Rodrigues<\/strong><\/p><p>Ao completar os primeiros cem dias \u00e0 frente da Prefeitura de Tr\u00eas Lagoas, o m\u00e9dico e prefeito Dr. Cassiano Maia (PSDB) fez um balan\u00e7o minucioso das a\u00e7\u00f5es implementadas em sua gest\u00e3o, destacando os avan\u00e7os conquistados e os desafios que ainda precisam ser superados. Em entrevista exclusiva ao <strong>Express\u00e3o MS<\/strong> nesta quinta-feira (10), o gestor respondeu v\u00e1rias perguntas e tra\u00e7ou um panorama completo das principais \u00e1reas da administra\u00e7\u00e3o municipal, revelando detalhes sobre as medidas tomadas para resolver problemas estruturais herdados da gest\u00e3o anterior e as estrat\u00e9gias adotadas para cumprir as 21 metas estabelecidas em seu plano de governo. Al\u00e9m de temas sens\u00edveis, como a condena\u00e7\u00e3o judicial da secret\u00e1ria municipal de Educa\u00e7\u00e3o e o suposto rompimento com o ex-prefeito\u00a0Angelo Guerreiro (PSDB).<\/p><h2>Ilumina\u00e7\u00e3o P\u00fablica<\/h2><p>Para o prefeito, o come\u00e7o do mandato foi marcado pela necessidade de enfrentar quest\u00f5es urgentes que demandavam interven\u00e7\u00e3o imediata. Na \u00e1rea de ilumina\u00e7\u00e3o p\u00fablica, um dos problemas mais cr\u00edticos apontados pela popula\u00e7\u00e3o que constantemente publicava nas redes sociais que os bairros se encontravam \u00e0s escuras, a prefeitura conseguiu destravar o processo de Parceria P\u00fablico-Privada (PPP) que estava paralisado. &#8220;Enfrentamos uma s\u00e9rie de entraves burocr\u00e1ticos e legais que impediam a concretiza\u00e7\u00e3o desse projeto essencial para a cidade&#8221;, explicou o prefeito. Ap\u00f3s intensas negocia\u00e7\u00f5es e ajustes nos processos licitat\u00f3rios, o contrato foi finalmente assinado, permitindo o in\u00edcio das obras de substitui\u00e7\u00e3o das l\u00e2mpadas convencionais por tecnologia LED e a amplia\u00e7\u00e3o dos pontos de ilumina\u00e7\u00e3o em toda a cidade.<\/p><blockquote><p>&#8220;Nos pr\u00f3ximos 60 dias, os moradores j\u00e1 poder\u00e3o perceber visualmente as primeiras mudan\u00e7as, o que representar\u00e1 n\u00e3o apenas uma melhoria na ilumina\u00e7\u00e3o, mas principalmente um avan\u00e7o significativo na seguran\u00e7a p\u00fablica&#8221;, afirmou Cassiano Maia.<\/p><\/blockquote><p class=\"elementor-heading-title elementor-size-default\"><strong>Leia tamb\u00e9m<\/strong>:<\/p><h4 class=\"elementor-heading-title elementor-size-default\">\u00a0<\/h4><h4 class=\"elementor-heading-title elementor-size-default\"><a href=\"https:\/\/expressaoms.com.br\/index.php\/2025\/04\/10\/prefeito-defende-presuncao-da-inocencia-no-caso-da-secretaria-de-educacao\/\">Prefeito defende presun\u00e7\u00e3o da inoc\u00eancia no caso da secret\u00e1ria de Educa\u00e7\u00e3o<\/a><\/h4><div>\u00a0<\/div><h4 class=\"elementor-heading-title elementor-size-default\"><a href=\"https:\/\/expressaoms.com.br\/index.php\/2025\/04\/10\/dr-cassiano-maia-nega-rompimento-com-angelo-guerreiro\/\">Dr. Cassiano Maia nega rompimento com Angelo Guerreiro<\/a><\/h4><div>\u00a0<\/div><h2>Administra\u00e7\u00e3o e Exonera\u00e7\u00f5es<\/h2><p>A reorganiza\u00e7\u00e3o da m\u00e1quina p\u00fablica foi outro desafio enfrentado nos primeiros dias de governo. O prefeito revelou que foi necess\u00e1rio realizar 1.881 exonera\u00e7\u00f5es de cargos comissionados para adequar a folha de pagamento aos par\u00e2metros da Lei de Responsabilidade Fiscal.<\/p><blockquote><p>&#8220;Quando assumimos, encontramos uma situa\u00e7\u00e3o complicada em rela\u00e7\u00e3o ao percentual de comprometimento da receita com pessoal. Tivemos que tomar medidas duras, mas necess\u00e1rias para colocar as contas em ordem&#8221;, justificou.<\/p><\/blockquote><p>Paralelamente, a Administra\u00e7\u00e3o Municipal implementou uma s\u00e9rie de medidas para valorizar os servidores p\u00fablicos, como a equaliza\u00e7\u00e3o do vale alimenta\u00e7\u00e3o em R$ 500 para todos os funcion\u00e1rios, a revis\u00e3o criteriosa do pagamento de insalubridades (especialmente para profissionais que atuaram na linha de frente durante a pandemia da Covid-19), foram encontrados nas folhas de pagamento que alguns profissionais ainda recebiam insalubridade por conta da pandemia, al\u00e9m da regulamenta\u00e7\u00e3o mais r\u00edgida do sistema de horas extras. &#8220;Antes, as horas extras eram vistas quase como um complemento salarial, sem o devido controle. Agora, estamos fiscalizando rigorosamente para que sejam pagas apenas quando realmente trabalhadas&#8221;, explicou o prefeito. Uma das pr\u00f3ximas metas nessa \u00e1rea \u00e9 estender o benef\u00edcio do vale alimenta\u00e7\u00e3o aos professores, \u00fanica categoria que ainda n\u00e3o recebe o aux\u00edlio.<\/p><h2>Transporte Coletivo<\/h2><p>O transporte coletivo, outra dor cr\u00f4nica apontada pelos tr\u00eas-lagoenses, recebeu aten\u00e7\u00e3o especial da nova gest\u00e3o. Ap\u00f3s destravar processos licitat\u00f3rios que estavam parados, a prefeitura conseguiu ampliar a frota para 12 \u00f4nibus, todos equipados com ar-condicionado e o devido conforto que a popula\u00e7\u00e3o merece. &#8220;Estamos monitorando cuidadosamente a opera\u00e7\u00e3o durante esses primeiros 60 dias para identificar poss\u00edveis ajustes necess\u00e1rios nas linhas e hor\u00e1rios&#8221;, detalhou o prefeito. J\u00e1 no transporte escolar rural, outro problema herdado, a solu\u00e7\u00e3o veio ap\u00f3s articula\u00e7\u00e3o com o Minist\u00e9rio P\u00fablico para regularizar a situa\u00e7\u00e3o antes do in\u00edcio do ano letivo. &#8220;Foi um trabalho intenso, mas essencial para garantir o direito \u00e0 educa\u00e7\u00e3o das nossas crian\u00e7as&#8221;, destacou Cassiano Maia.<\/p><h2><strong>Sa\u00fade com novas estrat\u00e9gias e investimentos<\/strong><\/h2><p>Na \u00e1rea da sa\u00fade, onde o prefeito tem expertise profissional, as a\u00e7\u00f5es foram direcionadas para melhorar tanto o atendimento emergencial quanto o eletivo. Uma das principais medidas foi a decis\u00e3o de construir um Posto de Sa\u00fade Porte 4 no bairro Vila Nova, que funcionar\u00e1 24 horas, complementando o trabalho da UPA do S\u00e3o Carlos. &#8220;Essa nova unidade vai desafogar o sistema e garantir um atendimento mais \u00e1gil \u00e0 popula\u00e7\u00e3o&#8221;, explicou. Para reduzir as filas por consultas especializadas, a administra\u00e7\u00e3o est\u00e1 ampliando o credenciamento de m\u00e9dicos e investindo em telemedicina. &#8220;Atrav\u00e9s dessa tecnologia, nossos pacientes poder\u00e3o ter acesso a especialistas de outros centros, como S\u00e3o Paulo, sem precisar se deslocar&#8221;, afirmou.<\/p><p>J\u00e1 para o atendimento eletivo \u2013 que inclui consultas, exames e cirurgias \u2013, a estrat\u00e9gia tem sido ampliar a oferta de especialidades. &#8220;Aumentamos a contrata\u00e7\u00e3o de\u00a0angiologistas, endocrinologistas pedi\u00e1tricos e neurologistas, reduzindo significativamente as filas&#8221;, disse o prefeito. Al\u00e9m disso, a administra\u00e7\u00e3o municipal est\u00e1 investindo no\u00a0credenciamento de m\u00e9dicos\u00a0que j\u00e1 atendem na rede privada, permitindo que os usu\u00e1rios do SUS tenham acesso ao mesmo n\u00edvel de assist\u00eancia.<\/p><p>Sobre o delicado tema dos medicamentos de alto custo, o prefeito foi enf\u00e1tico ao explicar as dificuldades:<\/p><blockquote><p>&#8220;Muitas vezes enfrentamos licita\u00e7\u00f5es desertas porque os pre\u00e7os tabelados pelo governo n\u00e3o acompanham o mercado. Quando isso acontece, recorremos a modalidades emergenciais para n\u00e3o deixar a popula\u00e7\u00e3o desassistida&#8221;.<\/p><\/blockquote><p>O prefeito explicou que as compras s\u00e3o divididas entre rem\u00e9dios\u00a0pactuados\u00a0(com pre\u00e7os tabelados pelo governo federal e estadual) e\u00a0n\u00e3o pactuados, que s\u00e3o mais dif\u00edceis de adquirir devido \u00e0 burocracia licitat\u00f3ria. &#8220;A medicina avan\u00e7a r\u00e1pido, e muitas vezes os novos medicamentos n\u00e3o est\u00e3o inclu\u00eddos nas tabelas oficiais, o que dificulta a compra&#8221;, disse. Para contornar o problema, a gest\u00e3o est\u00e1 mapeando as principais demandas judicializadas e estudando alternativas, como licita\u00e7\u00f5es emergenciais, quando necess\u00e1rio.<\/p><p><img fetchpriority=\"high\" decoding=\"async\" class=\" wp-image-33827 alignleft\" src=\"https:\/\/expressaoms.com.br\/wp-content\/uploads\/2025\/04\/WhatsApp-Image-2025-04-10-at-18.57.03-scaled.jpeg\" alt=\"\" width=\"251\" height=\"334\" srcset=\"https:\/\/expressaoms.com.br\/wp-content\/uploads\/2025\/04\/WhatsApp-Image-2025-04-10-at-18.57.03-scaled.jpeg 1920w, https:\/\/expressaoms.com.br\/wp-content\/uploads\/2025\/04\/WhatsApp-Image-2025-04-10-at-18.57.03-225x300.jpeg 225w, https:\/\/expressaoms.com.br\/wp-content\/uploads\/2025\/04\/WhatsApp-Image-2025-04-10-at-18.57.03-768x1024.jpeg 768w, https:\/\/expressaoms.com.br\/wp-content\/uploads\/2025\/04\/WhatsApp-Image-2025-04-10-at-18.57.03-1152x1536.jpeg 1152w, https:\/\/expressaoms.com.br\/wp-content\/uploads\/2025\/04\/WhatsApp-Image-2025-04-10-at-18.57.03-1536x2048.jpeg 1536w, https:\/\/expressaoms.com.br\/wp-content\/uploads\/2025\/04\/WhatsApp-Image-2025-04-10-at-18.57.03-600x800.jpeg 600w\" sizes=\"(max-width: 251px) 100vw, 251px\" \/><\/p><h2><strong>Assist\u00eancia Social com Expans\u00e3o de Projetos e Parcerias Estrat\u00e9gicas<\/strong><\/h2><p>Em um balan\u00e7o detalhado sobre as a\u00e7\u00f5es na \u00e1rea de assist\u00eancia social, Maia destacou os avan\u00e7os significativos alcan\u00e7ados em seus primeiros meses de gest\u00e3o, com foco especial na amplia\u00e7\u00e3o de projetos sociais que beneficiam crian\u00e7as, adolescentes e fam\u00edlias em situa\u00e7\u00e3o de vulnerabilidade. O prefeito enfatizou a import\u00e2ncia de iniciativas como o AABB Comunidade e o CRASE, al\u00e9m de revelar planos para otimizar o uso dos espa\u00e7os p\u00fablicos municipais e estabelecer uma parceria in\u00e9dita com a APAE.<\/p><p>O projeto AABB Comunidade, realizado em parceria com o Banco do Brasil, tem se consolidado como uma das principais pol\u00edticas sociais do munic\u00edpio. Atualmente atendendo 450 crian\u00e7as e adolescentes no contraturno escolar, o programa coloca Tr\u00eas Lagoas como o terceiro maior projeto desse modelo em todo o pa\u00eds.<\/p><blockquote><p>&#8220;Nossa meta \u00e9 chegar a 500 vagas, o que nos tornar\u00e1 a segunda maior cidade brasileira nessa iniciativa&#8221;, afirmou o prefeito.<\/p><\/blockquote><p>O programa oferece uma estrutura completa com refor\u00e7o escolar, atividades culturais e pr\u00e1ticas esportivas, proporcionando n\u00e3o apenas desenvolvimento educacional, mas tamb\u00e9m al\u00edvio para fam\u00edlias que precisam conciliar trabalho e cuidados com os filhos. &#8220;O custo de vida est\u00e1 alto, e muitos pais precisam trabalhar o dia todo. Esse projeto d\u00e1 tranquilidade \u00e0s fam\u00edlias e oportunidades \u00e0s crian\u00e7as&#8221;, explicou Cassiano Maia.<\/p><p>Al\u00e9m do AABB Comunidade, a prefeitura mant\u00e9m o CRASE &#8211; Centro de Refer\u00eancia de Assist\u00eancia Social e Educacional, outro projeto de contraturno escolar que segue a mesma linha de atendimento integral \u00e0 crian\u00e7a e ao adolescente. O prefeito ressaltou a necessidade de &#8220;capilarizar&#8221; esses servi\u00e7os, levando atividades para diferentes regi\u00f5es da cidade. Uma das estrat\u00e9gias para isso \u00e9 a revitaliza\u00e7\u00e3o das pra\u00e7as p\u00fablicas constru\u00eddas na gest\u00e3o anterior.<\/p><blockquote><p>&#8220;Queremos transformar essas pra\u00e7as em polos de atividades, com melhorias na infraestrutura como cobertura de quadras, constru\u00e7\u00e3o de vesti\u00e1rios e espa\u00e7os para aulas&#8221;, detalhou.<\/p><\/blockquote><p>A ideia \u00e9 que esses locais possam receber professores e monitores para oferecer atividades recreativas e educativas no contraturno, ampliando o alcance das pol\u00edticas sociais.<\/p><h2>APAE<\/h2><p>Outro tema abordado foi a situa\u00e7\u00e3o da APAE, que enfrenta desafios com um pr\u00e9dio inacabado e problemas de acessibilidade. O prefeito revelou que j\u00e1 houve reuni\u00f5es produtivas com a diretoria da entidade e que a prefeitura est\u00e1 trabalhando em uma solu\u00e7\u00e3o inovadora.<\/p><blockquote><p>&#8220;O grande entrave da APAE \u00e9 que eles gastam seus recursos com custeio de atendimentos que, na verdade, s\u00e3o de responsabilidade do poder p\u00fablico&#8221;, explicou.<\/p><\/blockquote><p>A proposta da administra\u00e7\u00e3o municipal \u00e9 assumir esses custos operacionais, liberando os recursos da entidade para investimentos na estrutura f\u00edsica. &#8220;Assim, eles poder\u00e3o usar as doa\u00e7\u00f5es e arrecada\u00e7\u00f5es de eventos para concluir as obras necess\u00e1rias, sem comprometer o atendimento&#8221;, complementou o prefeito, destacando que essa parceria vai garantir melhores condi\u00e7\u00f5es para o acolhimento de crian\u00e7as e adolescentes.<\/p><p>O prefeito Cassiano Maia enfatizou que essas a\u00e7\u00f5es fazem parte de uma vis\u00e3o integrada de assist\u00eancia social, que combina projetos estruturados com parcerias estrat\u00e9gicas. &#8220;N\u00e3o se trata apenas de manter programas, mas de criar condi\u00e7\u00f5es para que eles se expandam e atinjam cada vez mais pessoas&#8221;, concluiu, refor\u00e7ando o compromisso com pol\u00edticas p\u00fablicas que promovam dignidade e oportunidades para todas as fam\u00edlias tr\u00eas-lagoenses.<\/p><h2><strong>Desenvolvimento Econ\u00f4mico<\/strong><\/h2><p>No campo do desenvolvimento econ\u00f4mico, a expectativa gira em torno da retomada das obras da UFN3 e dos investimentos da Arauco em Inoc\u00eancia, que impactar\u00e3o positivamente a regi\u00e3o. &#8220;Estamos em di\u00e1logo constante com o Instituto Federal para qualificar nossa m\u00e3o de obra e aproveitar ao m\u00e1ximo essas oportunidades&#8221;, afirmou Cassiano Maia.<\/p><p>&#8220;Estivemos em contato direto com a Petrobras e outras empresas durante recentes viagens a Bras\u00edlia e S\u00e3o Paulo&#8221;, relatou o prefeito, explicando que as companhias j\u00e1 demonstram preocupa\u00e7\u00e3o com a qualifica\u00e7\u00e3o da m\u00e3o de obra local.<\/p><blockquote><p>&#8220;Existe um trabalho conjunto sendo desenvolvido com o SEBRAE e principalmente com o Instituto Federal para ampliar a oferta de cursos profissionalizantes, pois queremos que nossa popula\u00e7\u00e3o esteja preparada para absorver esses novos empregos que vir\u00e3o&#8221;, afirmou Cassiano Maia, lembrando das li\u00e7\u00f5es aprendidas com a chegada anterior de grandes ind\u00fastrias como Suzano e Eldorado.<\/p><\/blockquote><p>O prefeito foi enf\u00e1tico ao destacar que esse novo ciclo de desenvolvimento traz oportunidades, mas tamb\u00e9m desafios que exigem planejamento meticuloso.<\/p><p>&#8220;A retomada da UFN3 e os investimentos da Arauco v\u00e3o aumentar significativamente nossa arrecada\u00e7\u00e3o, mas tamb\u00e9m pressionar nossos servi\u00e7os p\u00fablicos. J\u00e1 estamos nos preparando para isso&#8221;, explicou, citando como exemplo a necessidade de ampliar a capacidade da UPA, que atualmente atende 150 mil habitantes, para suportar o crescimento populacional esperado.<\/p><p><img decoding=\"async\" class=\"alignright wp-image-33840\" src=\"https:\/\/expressaoms.com.br\/wp-content\/uploads\/2025\/04\/5.jpg\" alt=\"\" width=\"450\" height=\"270\" srcset=\"https:\/\/expressaoms.com.br\/wp-content\/uploads\/2025\/04\/5.jpg 1517w, https:\/\/expressaoms.com.br\/wp-content\/uploads\/2025\/04\/5-300x180.jpg 300w, https:\/\/expressaoms.com.br\/wp-content\/uploads\/2025\/04\/5-1024x614.jpg 1024w, https:\/\/expressaoms.com.br\/wp-content\/uploads\/2025\/04\/5-768x461.jpg 768w, https:\/\/expressaoms.com.br\/wp-content\/uploads\/2025\/04\/5-600x360.jpg 600w\" sizes=\"(max-width: 450px) 100vw, 450px\" \/><\/p><h2>Habita\u00e7\u00e3o<\/h2><p>Na \u00e1rea de habita\u00e7\u00e3o, outro ponto sens\u00edvel, a administra\u00e7\u00e3o municipal enfrenta o desafio da escassez de \u00e1reas regulares. &#8220;Tivemos problemas no processo licitat\u00f3rio das casas na Vila Piloto por quest\u00f5es legais, mas estamos trabalhando em alternativas&#8221;, revelou o prefeito. Uma das solu\u00e7\u00f5es em andamento \u00e9 a parceria com a Superintend\u00eancia do Patrim\u00f4nio da Uni\u00e3o (SPU) para regulariza\u00e7\u00e3o de terrenos p\u00fablicos. &#8220;Essa regulariza\u00e7\u00e3o \u00e9 fundamental para viabilizarmos novos projetos habitacionais e evitar a especula\u00e7\u00e3o imobili\u00e1ria que sempre acompanha esses grandes investimentos&#8221;, analisou.<\/p><h2>Obras<\/h2><p>As obras de infraestrutura receberam aten\u00e7\u00e3o especial, com a retomada de servi\u00e7os de pavimenta\u00e7\u00e3o e macrodrenagem em \u00e1reas cr\u00edticas como o Vila Alegre, tradicionalmente afetada por alagamentos. &#8220;Al\u00e9m de manter as obras herdadas, j\u00e1 iniciamos novos projetos, como a rotat\u00f3ria pr\u00f3xima \u00e0 AEMS e melhorias no acesso ao transporte escolar&#8221;, enumerou o prefeito.<\/p><p>O parque linear em frente \u00e0 prefeitura foi citado como exemplo dessa pol\u00edtica de urbaniza\u00e7\u00e3o que alia funcionalidade e qualidade de vida.<\/p><p>&#8220;Todas nossas obras de infraestrutura est\u00e3o sendo pensadas n\u00e3o apenas para resolver problemas imediatos, mas para preparar a cidade para esse novo ciclo de desenvolvimento que se inicia&#8221;, concluiu o prefeito, ressaltando que o planejamento integrado entre desenvolvimento econ\u00f4mico, infraestrutura e servi\u00e7os p\u00fablicos ser\u00e1 fundamental para que Tr\u00eas Lagoas possa colher os frutos desses investimentos sem comprometer a qualidade de vida da popula\u00e7\u00e3o.<\/p><p>&#8220;Estamos construindo as bases para uma gest\u00e3o transparente e eficiente, sempre com foco no bem-estar da popula\u00e7\u00e3o tr\u00eas-lagoense&#8221;, finalizou.<\/p><p>Com um misto de realismo sobre as dificuldades e otimismo quanto ao futuro, a administra\u00e7\u00e3o municipal segue trabalhando para transformar as 21 metas do plano de governo em realidade concreta para os moradores da cidade.<\/p><h2>Kits Escolares<\/h2><p>Sobre o atraso na entrega dos kits escolares para alunos do Ensino Fundamental 1 e 2 em Tr\u00eas Lagoas, Maia reconheceu a frustra\u00e7\u00e3o de pais e estudantes, mas garantiu que a situa\u00e7\u00e3o j\u00e1 foi totalmente regularizada.<\/p><p>Na entrevista, o gestor explicou que a administra\u00e7\u00e3o municipal enfrentou contratempos devido a prazos de licita\u00e7\u00e3o herdados do processo de transi\u00e7\u00e3o de governo. &#8220;N\u00f3s sofremos, porque gostar\u00edamos que os kits tivessem sido entregues antes do in\u00edcio das aulas&#8221;, afirmou o prefeito.<\/p><p>O problema ocorreu porque as empresas vencedoras da licita\u00e7\u00e3o \u2013 iniciada ainda na gest\u00e3o anterior \u2013 precisaram cumprir cronogramas de entrega que coincidiram com o per\u00edodo de volta \u00e0s aulas em todo o pa\u00eds. &#8220;O Volta \u00e0s Aulas \u00e9 nacional, e essas empresas atendem v\u00e1rias cidades. Elas cumpriram os prazos legalmente estabelecidos, mas isso acabou impactando nosso munic\u00edpio&#8221;, explicou Cassiano Maia.<\/p><p>Como resultado, parte dos estudantes s\u00f3 recebeu os materiais no final de mar\u00e7o e in\u00edcio de abril, ap\u00f3s o in\u00edcio do ano letivo. No entanto, o prefeito garantiu que todos os alunos j\u00e1 est\u00e3o com seus kits completos. &#8220;Foi um n\u00famero significativo de atrasos, mas hoje a situa\u00e7\u00e3o est\u00e1 regularizada&#8221;, afirmou.<\/p><p>O prefeito tamb\u00e9m destacou que a experi\u00eancia serviu de aprendizado para a gest\u00e3o. &#8220;Vamos antecipar esses processos licitat\u00f3rios no pr\u00f3ximo ano para evitar que isso se repita&#8221;, prometeu, demonstrando sensibilidade \u00e0s necessidades das fam\u00edlias tr\u00eas-lagoenses.<\/p>\t\t\t\t\t\t\t\t<\/div>\n\t\t\t\t<\/div>\n\t\t\t\t\t<\/div>\n\t\t\t\t<\/div>\n\t\t\t\t<\/div>\n\t\t","protected":false},"excerpt":{"rendered":"<p>Prefeito esclarece os bastidores da regulariza\u00e7\u00e3o de kits escolares, a pol\u00eamica na educa\u00e7\u00e3o e os planos para o desenvolvimento econ\u00f4mico \u00a0 Tha\u00eds Dias e Sebasti\u00e3o Rodrigues Ao completar os primeiros cem dias \u00e0 frente da Prefeitura de Tr\u00eas Lagoas, o m\u00e9dico e prefeito Dr. Cassiano Maia (PSDB) fez um balan\u00e7o minucioso das a\u00e7\u00f5es implementadas em [&hellip;]<\/p>\n","protected":false},"author":3,"featured_media":33847,"comment_status":"open","ping_status":"open","sticky":false,"template":"","format":"standard","meta":{"om_disable_all_campaigns":false,"_monsterinsights_skip_tracking":false,"_monsterinsights_sitenote_active":false,"_monsterinsights_sitenote_note":"","_monsterinsights_sitenote_category":0,"footnotes":""},"categories":[42,48],"tags":[377,378,188,376,172],"aioseo_notices":[],"_links":{"self":[{"href":"https:\/\/expressaoms.com.br\/index.php\/wp-json\/wp\/v2\/posts\/33826"}],"collection":[{"href":"https:\/\/expressaoms.com.br\/index.php\/wp-json\/wp\/v2\/posts"}],"about":[{"href":"https:\/\/expressaoms.com.br\/index.php\/wp-json\/wp\/v2\/types\/post"}],"author":[{"embeddable":true,"href":"https:\/\/expressaoms.com.br\/index.php\/wp-json\/wp\/v2\/users\/3"}],"replies":[{"embeddable":true,"href":"https:\/\/expressaoms.com.br\/index.php\/wp-json\/wp\/v2\/comments?post=33826"}],"version-history":[{"count":10,"href":"https:\/\/expressaoms.com.br\/index.php\/wp-json\/wp\/v2\/posts\/33826\/revisions"}],"predecessor-version":[{"id":33856,"href":"https:\/\/expressaoms.com.br\/index.php\/wp-json\/wp\/v2\/posts\/33826\/revisions\/33856"}],"wp:featuredmedia":[{"embeddable":true,"href":"https:\/\/expressaoms.com.br\/index.php\/wp-json\/wp\/v2\/media\/33847"}],"wp:attachment":[{"href":"https:\/\/expressaoms.com.br\/index.php\/wp-json\/wp\/v2\/media?parent=33826"}],"wp:term":[{"taxonomy":"category","embeddable":true,"href":"https:\/\/expressaoms.com.br\/index.php\/wp-json\/wp\/v2\/categories?post=33826"},{"taxonomy":"post_tag","embeddable":true,"href":"https:\/\/expressaoms.com.br\/index.php\/wp-json\/wp\/v2\/tags?post=33826"}],"curies":[{"name":"wp","href":"https:\/\/api.w.org\/{rel}","templated":true}]}}