{"id":33862,"date":"2025-04-11T11:03:21","date_gmt":"2025-04-11T15:03:21","guid":{"rendered":"https:\/\/expressaoms.com.br\/?p=33862"},"modified":"2025-04-11T11:03:46","modified_gmt":"2025-04-11T15:03:46","slug":"fim-de-semana-tera-tempo-estavel-com-possibilidade-de-chuva-moderada-no-estado","status":"publish","type":"post","link":"https:\/\/expressaoms.com.br\/index.php\/2025\/04\/11\/fim-de-semana-tera-tempo-estavel-com-possibilidade-de-chuva-moderada-no-estado\/","title":{"rendered":"Fim de semana ter\u00e1 tempo est\u00e1vel, com possibilidade de chuva moderada no Estado"},"content":{"rendered":"<p>A previs\u00e3o para este fim de semana no Estado \u00e9 de tempo est\u00e1vel, com sol e varia\u00e7\u00e3o de nebulosidade, no entanto podem ocorrer chuvas moderadas em diferentes regi\u00f5es, e casos pontuais at\u00e9 de tempestades acompanhadas de raios, principalmente no s\u00e1bado (12) a tarde e a noite.<\/p>\n<p>Segundo o Cemtec (Centro de Monitoramento do Tempo e do Clima de MS), nesta sexta-feira (11) a previs\u00e3o indica tempo com sol e varia\u00e7\u00e3o de nebulosidade devido a atua\u00e7\u00e3o de um sistema de alta press\u00e3o atmosf\u00e9rica, que deixar\u00e1 o tempo mais firme de forma geral. Contudo, de forma mais pontual, podem ocorrer pancadas de chuvas e tempestades, com destaque para as regi\u00f5es centro-norte, oeste e leste do Estado.<\/p>\n<p>J\u00e1 no fim de semana o tempo continua com sol, mas tendo probabilidade para chuvas moderadas e tempestades acompanhadas de raios e rajadas de vento. \u00a0Essa situa\u00e7\u00e3o meteorol\u00f3gica ocorre devido ao intenso transporte de calor e umidade, aliado a atua\u00e7\u00e3o de uma \u00e1rea de baixa press\u00e3o atmosf\u00e9rica sobre o Paraguai. Al\u00e9m disso, o avan\u00e7o de cavados e a atua\u00e7\u00e3o de uma frente fria oce\u00e2nica favorece a forma\u00e7\u00e3o de nuvens e chuvas.<\/p>\n<p>Em rela\u00e7\u00e3o as temperaturas s\u00e3o previstas m\u00ednimas entre 18-21\u00b0C e m\u00e1ximas entre 24-31\u00b0C para as regi\u00f5es sul e sudeste do Estado. Nas regi\u00f5es sudoeste e pantaneira s\u00e3o previstas m\u00ednimas entre 21-24\u00b0C e m\u00e1ximas entre 27-30\u00b0C.<\/p>\n<p>Para o bols\u00e3o, leste e norte fica entre 20\u00b0C (m\u00ednima) e 32\u00b0C (m\u00e1xima). J\u00e1 na Capital vai variar entre 21\u00b0C e 29\u00b0C. Os ventos atuam do quadrante norte com valores entre 30-50 km\/h e, pontualmente, podem ocorrer rajadas de vento acima de 50 km\/h.<\/p>\n<p>Veja os mapas para sexta, s\u00e1bado e domingo.<\/p>\n<div id=\"gallery-1\" class=\"gallery galleryid-508013 gallery-columns-3 gallery-size-thumbnail\">\n<figure class=\"gallery-item\">\n<div class=\"gallery-icon landscape\"><a href=\"https:\/\/agenciadenoticias.ms.gov.br\/fim-de-semana-tera-tempo-estavel-com-possibilidade-de-chuva-moderada-no-estado\/attachment\/1104\/\"><img decoding=\"async\" class=\"attachment-thumbnail size-thumbnail\" src=\"https:\/\/agenciadenoticias.ms.gov.br\/wp-content\/uploads\/2025\/04\/1104-150x150.jpg\" alt=\"\" width=\"150\" height=\"150\" \/><\/a><\/div>\n<\/figure>\n<figure class=\"gallery-item\">\n<div class=\"gallery-icon landscape\"><a href=\"https:\/\/agenciadenoticias.ms.gov.br\/fim-de-semana-tera-tempo-estavel-com-possibilidade-de-chuva-moderada-no-estado\/attachment\/1204\/\"><img decoding=\"async\" class=\"attachment-thumbnail size-thumbnail\" src=\"https:\/\/agenciadenoticias.ms.gov.br\/wp-content\/uploads\/2025\/04\/1204-150x150.jpg\" alt=\"\" width=\"150\" height=\"150\" \/><\/a><\/div>\n<\/figure>\n<figure class=\"gallery-item\">\n<div class=\"gallery-icon landscape\"><a href=\"https:\/\/agenciadenoticias.ms.gov.br\/fim-de-semana-tera-tempo-estavel-com-possibilidade-de-chuva-moderada-no-estado\/attachment\/1304\/\"><img decoding=\"async\" class=\"attachment-thumbnail size-thumbnail\" src=\"https:\/\/agenciadenoticias.ms.gov.br\/wp-content\/uploads\/2025\/04\/1304-150x150.jpg\" alt=\"\" width=\"150\" height=\"150\" \/><\/a><\/div>\n<\/figure>\n<\/div>\n","protected":false},"excerpt":{"rendered":"<p>A previs\u00e3o para este fim de semana no Estado \u00e9 de tempo est\u00e1vel, com sol e varia\u00e7\u00e3o de nebulosidade, no entanto podem ocorrer chuvas moderadas em diferentes regi\u00f5es, e casos pontuais at\u00e9 de tempestades acompanhadas de raios, principalmente no s\u00e1bado (12) a tarde e a noite. Segundo o Cemtec (Centro de Monitoramento do Tempo e [&hellip;]<\/p>\n","protected":false},"author":3,"featured_media":33863,"comment_status":"open","ping_status":"open","sticky":false,"template":"","format":"standard","meta":{"om_disable_all_campaigns":false,"_monsterinsights_skip_tracking":false,"_monsterinsights_sitenote_active":false,"_monsterinsights_sitenote_note":"","_monsterinsights_sitenote_category":0,"footnotes":""},"categories":[36,266,47],"tags":[],"aioseo_notices":[],"_links":{"self":[{"href":"https:\/\/expressaoms.com.br\/index.php\/wp-json\/wp\/v2\/posts\/33862"}],"collection":[{"href":"https:\/\/expressaoms.com.br\/index.php\/wp-json\/wp\/v2\/posts"}],"about":[{"href":"https:\/\/expressaoms.com.br\/index.php\/wp-json\/wp\/v2\/types\/post"}],"author":[{"embeddable":true,"href":"https:\/\/expressaoms.com.br\/index.php\/wp-json\/wp\/v2\/users\/3"}],"replies":[{"embeddable":true,"href":"https:\/\/expressaoms.com.br\/index.php\/wp-json\/wp\/v2\/comments?post=33862"}],"version-history":[{"count":1,"href":"https:\/\/expressaoms.com.br\/index.php\/wp-json\/wp\/v2\/posts\/33862\/revisions"}],"predecessor-version":[{"id":33864,"href":"https:\/\/expressaoms.com.br\/index.php\/wp-json\/wp\/v2\/posts\/33862\/revisions\/33864"}],"wp:featuredmedia":[{"embeddable":true,"href":"https:\/\/expressaoms.com.br\/index.php\/wp-json\/wp\/v2\/media\/33863"}],"wp:attachment":[{"href":"https:\/\/expressaoms.com.br\/index.php\/wp-json\/wp\/v2\/media?parent=33862"}],"wp:term":[{"taxonomy":"category","embeddable":true,"href":"https:\/\/expressaoms.com.br\/index.php\/wp-json\/wp\/v2\/categories?post=33862"},{"taxonomy":"post_tag","embeddable":true,"href":"https:\/\/expressaoms.com.br\/index.php\/wp-json\/wp\/v2\/tags?post=33862"}],"curies":[{"name":"wp","href":"https:\/\/api.w.org\/{rel}","templated":true}]}}