{"id":34041,"date":"2025-04-21T08:41:35","date_gmt":"2025-04-21T12:41:35","guid":{"rendered":"https:\/\/expressaoms.com.br\/?p=34041"},"modified":"2025-04-21T08:41:35","modified_gmt":"2025-04-21T12:41:35","slug":"papa-francisco-morre-aos-88-anos-anuncia-o-vaticano","status":"publish","type":"post","link":"https:\/\/expressaoms.com.br\/index.php\/2025\/04\/21\/papa-francisco-morre-aos-88-anos-anuncia-o-vaticano\/","title":{"rendered":"Papa Francisco morre aos 88 anos, anuncia o Vaticano"},"content":{"rendered":"<p>Um m\u00eas depois de receber alta do hospital com pneumonia infecciosa, o Papa Francisco morreu aos 88 anos, anunciou a Santa S\u00e9 na segunda-feira (21). Ele fez sua \u00faltima apari\u00e7\u00e3o p\u00fablica no domingo (20), durante as celebra\u00e7\u00f5es da P\u00e1scoa na Pra\u00e7a de S\u00e3o Pedro, no Vaticano, para uma caminhada surpresa. O pont\u00edfice foi eleito em 2013 ap\u00f3s a ren\u00fancia de Bento XVI.<\/p>\n<p>&#8220;Esta manh\u00e3, \u00e0s 7h35 (hor\u00e1rio local, 2h35 em Bras\u00edlia), o Bispo de Roma, Francisco, retornou \u00e0 casa do Pai. Toda a sua vida foi dedicada ao servi\u00e7o do Senhor e da sua Igreja&#8221;, anunciou o cardeal camerlengo Kevin Farrell em um comunicado divulgado pelo Vaticano.<\/p>\n<p>O Papa Francisco deixou o Hospital Gemelli, em Roma, em 23 de mar\u00e7o, ap\u00f3s cinco semanas de convalescen\u00e7a de uma pneumonia. Ele havia aparecido em p\u00fablico apenas duas vezes desde ent\u00e3o: quando deixou o hospital e na celebra\u00e7\u00e3o Urbi et Orbi da P\u00e1scoa no domingo. Na ocasi\u00e3o, com a apar\u00eancia enfraquecida, Francisco fez um \u00faltimo passeio no Papam\u00f3vel entre milhares de fi\u00e9is na Pra\u00e7a de S\u00e3o Pedro. Durante a celebra\u00e7\u00e3o, visivelmente debilitado, o papa delegou a leitura de seu texto a um de seus colaboradores, conseguindo pronunciar apenas algumas palavras, com a voz ofegante.<\/p>\n<p>O pont\u00edfice, que nos \u00faltimos anos usava cadeira de rodas, sofria de problemas no quadril, dores no joelho, infec\u00e7\u00f5es respirat\u00f3rias, mas insistia em manter um ritmo fren\u00e9tico de trabalho, apesar das advert\u00eancias dos m\u00e9dicos.<\/p>\n<p>De acordo com as regras do Vaticano, um funeral deve ser realizado em nove dias, seguido por um per\u00edodo de 15 a 20 dias de organiza\u00e7\u00e3o do conclave, durante o qual os cardeais eleitores, quase 80% dos quais foram escolhidos pelo pr\u00f3prio Francisco, ter\u00e3o a dif\u00edcil tarefa de eleger o sucessor. Enquanto isso, o cardeal camerlengo irland\u00eas, Kevin Farrell, atuar\u00e1 como &#8220;papa interino&#8221;.<\/p>\n<p>Francisco revelou no final de 2023 que desejava ser enterrado na Bas\u00edlica de Santa Maria Maggiore, no centro de Roma, e n\u00e3o na cripta da Bas\u00edlica de S\u00e3o Pedro, como outros pont\u00edfices. Esta seria a primeira vez, em mais de tr\u00eas s\u00e9culos, que um papa seria enterrado no local.<\/p>\n<p>O Vaticano tamb\u00e9m havia comunicado em novembro, um ritual simplificado para os funerais papais, incluindo o sepultamento em um caix\u00e3o simples de madeira e zinco, sinalizando o fim dos tr\u00eas caix\u00f5es de cipreste, chumbo e carvalho.<\/p>\n<h2>Primeiro papa jesu\u00edta e sul-americano<\/h2>\n<p>Em 12 anos de pontificado, o primeiro papa jesu\u00edta e sul-americano da hist\u00f3ria se comprometeu incansavelmente com a defesa dos migrantes, do meio ambiente e da justi\u00e7a social, sem questionar as posi\u00e7\u00f5es da Igreja sobre o aborto ou o celibato dos padres.<\/p>\n<p>Os alertas sobre sua sa\u00fade se multiplicaram, ao mesmo tempo em que alimentavam especula\u00e7\u00f5es sobre uma poss\u00edvel ren\u00fancia, em linha com seu antecessor Bento XVI.<\/p>\n<p>O l\u00edder espiritual de quase 1,4 bilh\u00e3o de cat\u00f3licos foi hospitalizado duas vezes em 2023, uma delas para a realiza\u00e7\u00e3o de uma grande cirurgia abdominal. Ele foi for\u00e7ado a cancelar v\u00e1rios compromissos nos \u00faltimos meses.<\/p>\n<p>Desde os 21 anos, Jorge Bergoglio sofria de pleurisia aguda, uma inflama\u00e7\u00e3o da membrana que envolve os pulm\u00f5es, e os cirurgi\u00f5es tiveram que remover parte do \u00f3rg\u00e3o.<\/p>\n<p>F\u00e3 de m\u00fasica e futebol e trabalhador incans\u00e1vel, o papa costumava realizar cerca de dez audi\u00eancias por dia. Em setembro, ele fez a viagem mais longa de seu pontificado, uma jornada de 12 dias at\u00e9 as fronteiras do Sudeste Asi\u00e1tico e da Oceania.<\/p>\n<p>Em Roma e no exterior, o &#8220;papa dos confins da terra&#8221;, eleito em 13 de mar\u00e7o de 2013, denunciou incansavelmente todas as formas de viol\u00eancia, do tr\u00e1fico de pessoas aos desastres migrat\u00f3rios e \u00e0 explora\u00e7\u00e3o econ\u00f4mica.<\/p>\n<p>Em 11 de fevereiro, ele condenou novamente as expuls\u00f5es em massa de migrantes do presidente americano Donald Trump, atraindo a ira da Casa Branca.<\/p>\n<p>Feroz oponente do com\u00e9rcio de armas, o ex-arcebispo de Buenos Aires permaneceu impotente diante dos conflitos na Ucr\u00e2nia e no Oriente M\u00e9dio, apesar dos in\u00fameros apelos pela paz.<\/p>\n<h2>Cr\u00edticas<\/h2>\n<p>Pol\u00edtico astuto, com sua franqueza abrasiva, Francisco tamb\u00e9m queria reformar a C\u00faria \u2014 o governo central da Santa S\u00e9 \u2014 corro\u00edda pela in\u00e9rcia, desenvolver o papel das mulheres e dos leigos na Igreja Cat\u00f3lica e limpar as finan\u00e7as obscuras do Vaticano.<\/p>\n<p>Diante da pedocriminalidade na Igreja, ele levantou o segredo pontif\u00edcio e obrigou religiosos e leigos a denunciar os casos \u00e0 sua hierarquia. No entanto, sua atua\u00e7\u00e3o n\u00e3o convenceu associa\u00e7\u00f5es de v\u00edtimas, que o criticam por n\u00e3o ter ido longe o suficiente.<\/p>\n<p>Comprometido com o di\u00e1logo inter-religioso, particularmente com o islamismo, ele defendeu at\u00e9 o fim uma Igreja &#8220;aberta a todos&#8221;, recebendo cr\u00edticas de movimentos populistas por seu apoio aos migrantes.<\/p>\n<p>Embora tenha despertado grande fervor popular, ele tamb\u00e9m foi duramente criticado pela oposi\u00e7\u00e3o conservadora por sua suposta falta de ortodoxia e por uma governan\u00e7a considerada autorit\u00e1ria.<\/p>\n<p>Decis\u00f5es como a abertura de b\u00ean\u00e7\u00e3os para casais do mesmo sexo no final de 2023, ou a restri\u00e7\u00e3o de celebra\u00e7\u00f5es de missas em latim geraram indigna\u00e7\u00e3o entre os setores mais tradicionais da Igreja.<\/p>\n<p>O estilo de Francisco, que preferia usar um s\u00f3brio apartamento de dois c\u00f4modos de 70 m\u00b2 em vez do luxuoso pal\u00e1cio apost\u00f3lico, tamb\u00e9m levou a acusa\u00e7\u00f5es de dessacraliza\u00e7\u00e3o excessiva do of\u00edcio.<\/p>\n<p>O 266\u00ba papa, mais interessado nas &#8220;periferias&#8221; do planeta do que nos principais pa\u00edses ocidentais, tamb\u00e9m reorientou os debates dentro da Igreja, como sua enc\u00edclica ecol\u00f3gica e social &#8220;Laudato si&#8221;, de 2015, uma not\u00f3ria cr\u00edtica \u00e0s finan\u00e7as que exalta a preserva\u00e7\u00e3o do planeta.<\/p>\n<pre>(Com AFP)\r\nFoto: \u00a9 AP\/Andrew Medichini<\/pre>\n","protected":false},"excerpt":{"rendered":"<p>Um m\u00eas depois de receber alta do hospital com pneumonia infecciosa, o Papa Francisco morreu aos 88 anos, anunciou a Santa S\u00e9 na segunda-feira (21). Ele fez sua \u00faltima apari\u00e7\u00e3o p\u00fablica no domingo (20), durante as celebra\u00e7\u00f5es da P\u00e1scoa na Pra\u00e7a de S\u00e3o Pedro, no Vaticano, para uma caminhada surpresa. O pont\u00edfice foi eleito em [&hellip;]<\/p>\n","protected":false},"author":3,"featured_media":34042,"comment_status":"open","ping_status":"open","sticky":false,"template":"","format":"standard","meta":{"om_disable_all_campaigns":false,"_monsterinsights_skip_tracking":false,"_monsterinsights_sitenote_active":false,"_monsterinsights_sitenote_note":"","_monsterinsights_sitenote_category":0,"footnotes":""},"categories":[246],"tags":[404,406,401,403,402,405],"aioseo_notices":[],"_links":{"self":[{"href":"https:\/\/expressaoms.com.br\/index.php\/wp-json\/wp\/v2\/posts\/34041"}],"collection":[{"href":"https:\/\/expressaoms.com.br\/index.php\/wp-json\/wp\/v2\/posts"}],"about":[{"href":"https:\/\/expressaoms.com.br\/index.php\/wp-json\/wp\/v2\/types\/post"}],"author":[{"embeddable":true,"href":"https:\/\/expressaoms.com.br\/index.php\/wp-json\/wp\/v2\/users\/3"}],"replies":[{"embeddable":true,"href":"https:\/\/expressaoms.com.br\/index.php\/wp-json\/wp\/v2\/comments?post=34041"}],"version-history":[{"count":1,"href":"https:\/\/expressaoms.com.br\/index.php\/wp-json\/wp\/v2\/posts\/34041\/revisions"}],"predecessor-version":[{"id":34043,"href":"https:\/\/expressaoms.com.br\/index.php\/wp-json\/wp\/v2\/posts\/34041\/revisions\/34043"}],"wp:featuredmedia":[{"embeddable":true,"href":"https:\/\/expressaoms.com.br\/index.php\/wp-json\/wp\/v2\/media\/34042"}],"wp:attachment":[{"href":"https:\/\/expressaoms.com.br\/index.php\/wp-json\/wp\/v2\/media?parent=34041"}],"wp:term":[{"taxonomy":"category","embeddable":true,"href":"https:\/\/expressaoms.com.br\/index.php\/wp-json\/wp\/v2\/categories?post=34041"},{"taxonomy":"post_tag","embeddable":true,"href":"https:\/\/expressaoms.com.br\/index.php\/wp-json\/wp\/v2\/tags?post=34041"}],"curies":[{"name":"wp","href":"https:\/\/api.w.org\/{rel}","templated":true}]}}