{"id":34211,"date":"2025-04-25T16:08:24","date_gmt":"2025-04-25T20:08:24","guid":{"rendered":"https:\/\/expressaoms.com.br\/?p=34211"},"modified":"2025-04-25T16:08:24","modified_gmt":"2025-04-25T20:08:24","slug":"balneario-de-tres-lagoas-estara-fechado-ate-30-de-abril-para-preparativos-do-torneio-de-pesca","status":"publish","type":"post","link":"https:\/\/expressaoms.com.br\/index.php\/2025\/04\/25\/balneario-de-tres-lagoas-estara-fechado-ate-30-de-abril-para-preparativos-do-torneio-de-pesca\/","title":{"rendered":"Balne\u00e1rio de Tr\u00eas Lagoas estar\u00e1 fechado at\u00e9 30 de abril para preparativos do Torneio de Pesca"},"content":{"rendered":"<p>A Prefeitura de Tr\u00eas Lagoas, por meio da Secretaria Municipal de Desenvolvimento Econ\u00f4mico, Ci\u00eancia e Tecnologia (SEDECT), informa que o Balne\u00e1rio Municipal Miguel Jorge Tabox permanecer\u00e1 fechado neste final de semana e seguir\u00e1 sem atendimento ao p\u00fablico at\u00e9 o dia 30 de abril.<\/p>\n<p>A medida \u00e9 necess\u00e1ria para a finaliza\u00e7\u00e3o da organiza\u00e7\u00e3o estrutural do tradicional Torneio de Pesca Esportiva, que ser\u00e1 realizado entre os dias 1 e 3 de maio, e contar\u00e1 com diversas atra\u00e7\u00f5es para toda a popula\u00e7\u00e3o.<\/p>\n<p>A \u00e1rea dos quiosques continuar\u00e1 interditada posteriormente, pois segue em obras de reestrutura\u00e7\u00e3o. O espa\u00e7o contar\u00e1 com melhorias que visam oferecer mais conforto e seguran\u00e7a aos frequentadores.<\/p>\n<p>O Balne\u00e1rio ser\u00e1 reaberto ao p\u00fablico normalmente a partir do dia 6 de maio.<\/p>\n","protected":false},"excerpt":{"rendered":"<p>A Prefeitura de Tr\u00eas Lagoas, por meio da Secretaria Municipal de Desenvolvimento Econ\u00f4mico, Ci\u00eancia e Tecnologia (SEDECT), informa que o Balne\u00e1rio Municipal Miguel Jorge Tabox permanecer\u00e1 fechado neste final de semana e seguir\u00e1 sem atendimento ao p\u00fablico at\u00e9 o dia 30 de abril. A medida \u00e9 necess\u00e1ria para a finaliza\u00e7\u00e3o da organiza\u00e7\u00e3o estrutural do tradicional [&hellip;]<\/p>\n","protected":false},"author":3,"featured_media":34213,"comment_status":"open","ping_status":"open","sticky":false,"template":"","format":"standard","meta":{"om_disable_all_campaigns":false,"_monsterinsights_skip_tracking":false,"_monsterinsights_sitenote_active":false,"_monsterinsights_sitenote_note":"","_monsterinsights_sitenote_category":0,"footnotes":""},"categories":[35,36,48],"tags":[253,361,172],"aioseo_notices":[],"_links":{"self":[{"href":"https:\/\/expressaoms.com.br\/index.php\/wp-json\/wp\/v2\/posts\/34211"}],"collection":[{"href":"https:\/\/expressaoms.com.br\/index.php\/wp-json\/wp\/v2\/posts"}],"about":[{"href":"https:\/\/expressaoms.com.br\/index.php\/wp-json\/wp\/v2\/types\/post"}],"author":[{"embeddable":true,"href":"https:\/\/expressaoms.com.br\/index.php\/wp-json\/wp\/v2\/users\/3"}],"replies":[{"embeddable":true,"href":"https:\/\/expressaoms.com.br\/index.php\/wp-json\/wp\/v2\/comments?post=34211"}],"version-history":[{"count":2,"href":"https:\/\/expressaoms.com.br\/index.php\/wp-json\/wp\/v2\/posts\/34211\/revisions"}],"predecessor-version":[{"id":34216,"href":"https:\/\/expressaoms.com.br\/index.php\/wp-json\/wp\/v2\/posts\/34211\/revisions\/34216"}],"wp:featuredmedia":[{"embeddable":true,"href":"https:\/\/expressaoms.com.br\/index.php\/wp-json\/wp\/v2\/media\/34213"}],"wp:attachment":[{"href":"https:\/\/expressaoms.com.br\/index.php\/wp-json\/wp\/v2\/media?parent=34211"}],"wp:term":[{"taxonomy":"category","embeddable":true,"href":"https:\/\/expressaoms.com.br\/index.php\/wp-json\/wp\/v2\/categories?post=34211"},{"taxonomy":"post_tag","embeddable":true,"href":"https:\/\/expressaoms.com.br\/index.php\/wp-json\/wp\/v2\/tags?post=34211"}],"curies":[{"name":"wp","href":"https:\/\/api.w.org\/{rel}","templated":true}]}}