{"id":34233,"date":"2025-04-26T11:47:35","date_gmt":"2025-04-26T15:47:35","guid":{"rendered":"https:\/\/expressaoms.com.br\/?p=34233"},"modified":"2025-04-27T10:38:43","modified_gmt":"2025-04-27T14:38:43","slug":"corpo-de-papa-francisco-e-sepultado-na-basilica-de-santa-maria-maior","status":"publish","type":"post","link":"https:\/\/expressaoms.com.br\/index.php\/2025\/04\/26\/corpo-de-papa-francisco-e-sepultado-na-basilica-de-santa-maria-maior\/","title":{"rendered":"Corpo do papa Francisco \u00e9 sepultado na Bas\u00edlica de Santa Maria Maior"},"content":{"rendered":"<p>O corpo do papa Francisco foi trasladado at\u00e9 a Bas\u00edlica de Santa Maria Maior, onde foi sepultado \u00e0s 13h30 (hor\u00e1rio local) deste s\u00e1bado (26), conforme pedido do pont\u00edfice. O enterro ocorreu ap\u00f3s a missa de Ex\u00e9quias na Bas\u00edlica de S\u00e3o Pedro<\/p>\n<p>De acordo com o Vaticano, cerca de 150 mil pessoas se posicionaram nas ruas de Roma para prestar homenagens, se despedir de Francisco e acompanhar a passagem do cortejo.<\/p>\n<p>\u00c0s 13h, teve in\u00edcio o rito de sepultamento, presidido pelo cardeal camerlengo Kevin Farrell na presen\u00e7a de outros religiosos e tamb\u00e9m de membros da fam\u00edlia de Francisco. Meia hora depois, a cerim\u00f4nia foi encerrada.<\/p>\n<p>\u201cPapa Francisco agora repousa no nicho sepulcral na nave lateral, entre a Capela Sforza e a Capela Paulina, onde se encontra o \u00edcone de Maria Salus Popoli Romani. Podemos ter a certeza de que os dois jamais se separar\u00e3o\u201d, destacou a Santa S\u00e9, em nota.<\/p>\n<p>O t\u00famulo, por escolha do pr\u00f3prio papa, \u00e9 simples \u2013 composto apenas pela inscri\u00e7\u00e3o \u201cFranciscus\u201d e uma cruz ao centro. Um detalhe, entretanto, d\u00e1 car\u00e1ter pessoal ao local: o t\u00famulo foi constru\u00eddo com uma pedra extra\u00edda da regi\u00e3o da Lig\u00faria, na It\u00e1lia, onde nasceu o bisav\u00f4 do pont\u00edfice.<\/p>\n","protected":false},"excerpt":{"rendered":"<p>O corpo do papa Francisco foi trasladado at\u00e9 a Bas\u00edlica de Santa Maria Maior, onde foi sepultado \u00e0s 13h30 (hor\u00e1rio local) deste s\u00e1bado (26), conforme pedido do pont\u00edfice. O enterro ocorreu ap\u00f3s a missa de Ex\u00e9quias na Bas\u00edlica de S\u00e3o Pedro De acordo com o Vaticano, cerca de 150 mil pessoas se posicionaram nas ruas [&hellip;]<\/p>\n","protected":false},"author":3,"featured_media":34234,"comment_status":"open","ping_status":"open","sticky":false,"template":"","format":"standard","meta":{"om_disable_all_campaigns":false,"_monsterinsights_skip_tracking":false,"_monsterinsights_sitenote_active":false,"_monsterinsights_sitenote_note":"","_monsterinsights_sitenote_category":0,"footnotes":""},"categories":[246,36],"tags":[],"aioseo_notices":[],"_links":{"self":[{"href":"https:\/\/expressaoms.com.br\/index.php\/wp-json\/wp\/v2\/posts\/34233"}],"collection":[{"href":"https:\/\/expressaoms.com.br\/index.php\/wp-json\/wp\/v2\/posts"}],"about":[{"href":"https:\/\/expressaoms.com.br\/index.php\/wp-json\/wp\/v2\/types\/post"}],"author":[{"embeddable":true,"href":"https:\/\/expressaoms.com.br\/index.php\/wp-json\/wp\/v2\/users\/3"}],"replies":[{"embeddable":true,"href":"https:\/\/expressaoms.com.br\/index.php\/wp-json\/wp\/v2\/comments?post=34233"}],"version-history":[{"count":2,"href":"https:\/\/expressaoms.com.br\/index.php\/wp-json\/wp\/v2\/posts\/34233\/revisions"}],"predecessor-version":[{"id":34241,"href":"https:\/\/expressaoms.com.br\/index.php\/wp-json\/wp\/v2\/posts\/34233\/revisions\/34241"}],"wp:featuredmedia":[{"embeddable":true,"href":"https:\/\/expressaoms.com.br\/index.php\/wp-json\/wp\/v2\/media\/34234"}],"wp:attachment":[{"href":"https:\/\/expressaoms.com.br\/index.php\/wp-json\/wp\/v2\/media?parent=34233"}],"wp:term":[{"taxonomy":"category","embeddable":true,"href":"https:\/\/expressaoms.com.br\/index.php\/wp-json\/wp\/v2\/categories?post=34233"},{"taxonomy":"post_tag","embeddable":true,"href":"https:\/\/expressaoms.com.br\/index.php\/wp-json\/wp\/v2\/tags?post=34233"}],"curies":[{"name":"wp","href":"https:\/\/api.w.org\/{rel}","templated":true}]}}