{"id":34338,"date":"2025-04-30T08:22:59","date_gmt":"2025-04-30T12:22:59","guid":{"rendered":"https:\/\/expressaoms.com.br\/?p=34338"},"modified":"2025-04-30T08:22:59","modified_gmt":"2025-04-30T12:22:59","slug":"chacara-dos-poderes-mpms-pede-a-justica-cumprimento-de-sentenca-que-mandou-prefeitura-de-campo-grande-recuperar-corrego-pedregulho","status":"publish","type":"post","link":"https:\/\/expressaoms.com.br\/index.php\/2025\/04\/30\/chacara-dos-poderes-mpms-pede-a-justica-cumprimento-de-sentenca-que-mandou-prefeitura-de-campo-grande-recuperar-corrego-pedregulho\/","title":{"rendered":"Ch\u00e1cara dos Poderes: MPMS pede \u00e0 Justi\u00e7a cumprimento de senten\u00e7a que mandou Prefeitura de Campo Grande recuperar c\u00f3rrego Pedregulho"},"content":{"rendered":"<p>O Minist\u00e9rio P\u00fablico de Mato Grosso do Sul (MPMS), por meio da 42\u00aa Promotoria de Justi\u00e7a de Campo Grande protocolou na Justi\u00e7a um pedido de tutela provis\u00f3ria de urg\u00eancia cautelar para garantir o cumprimento das obriga\u00e7\u00f5es judiciais relacionadas \u00e0 recupera\u00e7\u00e3o ambiental do C\u00f3rrego Pedregulho, localizado na Ch\u00e1cara dos Poderes, em Campo Grande, regi\u00e3o onde os moradores enfrentam dificuldades de mobilidade por causa dos reflexos das chuvas intensas dos \u00faltimos dias nas vias sem asfaltamento.<\/p>\n<p>As determina\u00e7\u00f5es est\u00e3o em senten\u00e7a que j\u00e1 transitou em julgado e mesmo assim n\u00e3o foram cumpridas pelo munic\u00edpio de Campo Grande.<\/p>\n<p>O pleito \u00e0 Vara de Cumprimento de Senten\u00e7as de Contenciosos Coletivos \u00e9 para assegurar a execu\u00e7\u00e3o de medidas concretas e definitivas para a recupera\u00e7\u00e3o da \u00e1rea degradada, conforme senten\u00e7a proferida em a\u00e7\u00f5es civis p\u00fablicas. Foram tr\u00eas a\u00e7\u00f5es sentenciadas de uma \u00fanica vez.<\/p>\n<p>A decis\u00e3o judicial transitada em julgado em agosto de 2023 imp\u00f5e ao munic\u00edpio de Campo Grande a responsabilidade pela elabora\u00e7\u00e3o e execu\u00e7\u00e3o de um projeto de recupera\u00e7\u00e3o de \u00e1rea degradada, conten\u00e7\u00e3o dos processos erosivos, reconstitui\u00e7\u00e3o da mata ciliar ao longo do c\u00f3rrego, adequa\u00e7\u00e3o do sistema de drenagem urbana, entre outras a\u00e7\u00f5es.<\/p>\n<p>Apesar da determina\u00e7\u00e3o judicial, n\u00e3o houve qualquer iniciativa concreta por parte da administra\u00e7\u00e3o municipal para cumprimento da senten\u00e7a, alerta a 42\u00aa Promotoria de Justi\u00e7a na manifesta\u00e7\u00e3o \u00e0 Justi\u00e7a.<\/p>\n<p>&#8220;A in\u00e9rcia da administra\u00e7\u00e3o municipal em cumprir a decis\u00e3o do judici\u00e1rio est\u00e1 provocando preju\u00edzos de grande magnitude ao meio ambiente, agravando o processo erosivo e comprometendo a integridade ecol\u00f3gica do C\u00f3rrego Pedregulho e seu entorno\u201d, descreve a manifesta\u00e7\u00e3o assinada pela Promotora de Justi\u00e7a Andr\u00e9ia Cristina Peres da Silva.<\/p>\n<p>De acordo com o documento, \u201ca omiss\u00e3o reiterada no cumprimento das obriga\u00e7\u00f5es judiciais imp\u00f5e danos concretos aos recursos h\u00eddricos, \u00e0 fauna, \u00e0 flora e \u00e0 seguran\u00e7a dos cidad\u00e3os que moram e que precisam transitar pelo local, al\u00e9m de violar o direito fundamental ao meio ambiente ecologicamente equilibrado, previsto no art. 225 da Constitui\u00e7\u00e3o Federal&#8221;.<\/p>\n<h2>Bloqueio de valores<\/h2>\n<p>Diante desse cen\u00e1rio, a Promotoria de Justi\u00e7a solicita o bloqueio de valores nas contas do munic\u00edpio de Campo Grande, em montante suficiente \u00e0 multa j\u00e1 fixada no t\u00edtulo judicial, al\u00e9m da ado\u00e7\u00e3o de outras medidas coercitivas que o Ju\u00edzo entenda pertinentes. A multa pode chegar ao valor m\u00e1ximo de R$ 500 mil.<\/p>\n<p>Na manifesta\u00e7\u00e3o protocolada, \u00e9 enfatizada a urg\u00eancia da interven\u00e7\u00e3o para evitar a consolida\u00e7\u00e3o do dano ambiental e garantir a efetividade da decis\u00e3o judicial.<\/p>\n<p>Outro ponto ressaltado \u00e9 que a demanda judicial come\u00e7ou em 2012 e at\u00e9 hoje n\u00e3o houve solu\u00e7\u00e3o para as quest\u00f5es apontadas.<\/p>\n<p>A manifesta\u00e7\u00e3o tamb\u00e9m inclui o pedido de intima\u00e7\u00e3o da prefeita Adriane Lopes, para comprovar o cumprimento da senten\u00e7a judicial, conforme a S\u00famula 410 do Superior Tribunal de Justi\u00e7a (STJ), que exige a intima\u00e7\u00e3o pessoal do devedor para a cobran\u00e7a de multa pelo descumprimento de obriga\u00e7\u00e3o de fazer ou n\u00e3o fazer.<\/p>\n","protected":false},"excerpt":{"rendered":"<p>O Minist\u00e9rio P\u00fablico de Mato Grosso do Sul (MPMS), por meio da 42\u00aa Promotoria de Justi\u00e7a de Campo Grande protocolou na Justi\u00e7a um pedido de tutela provis\u00f3ria de urg\u00eancia cautelar para garantir o cumprimento das obriga\u00e7\u00f5es judiciais relacionadas \u00e0 recupera\u00e7\u00e3o ambiental do C\u00f3rrego Pedregulho, localizado na Ch\u00e1cara dos Poderes, em Campo Grande, regi\u00e3o onde os [&hellip;]<\/p>\n","protected":false},"author":3,"featured_media":34339,"comment_status":"open","ping_status":"open","sticky":false,"template":"","format":"standard","meta":{"om_disable_all_campaigns":false,"_monsterinsights_skip_tracking":false,"_monsterinsights_sitenote_active":false,"_monsterinsights_sitenote_note":"","_monsterinsights_sitenote_category":0,"footnotes":""},"categories":[27],"tags":[],"aioseo_notices":[],"_links":{"self":[{"href":"https:\/\/expressaoms.com.br\/index.php\/wp-json\/wp\/v2\/posts\/34338"}],"collection":[{"href":"https:\/\/expressaoms.com.br\/index.php\/wp-json\/wp\/v2\/posts"}],"about":[{"href":"https:\/\/expressaoms.com.br\/index.php\/wp-json\/wp\/v2\/types\/post"}],"author":[{"embeddable":true,"href":"https:\/\/expressaoms.com.br\/index.php\/wp-json\/wp\/v2\/users\/3"}],"replies":[{"embeddable":true,"href":"https:\/\/expressaoms.com.br\/index.php\/wp-json\/wp\/v2\/comments?post=34338"}],"version-history":[{"count":1,"href":"https:\/\/expressaoms.com.br\/index.php\/wp-json\/wp\/v2\/posts\/34338\/revisions"}],"predecessor-version":[{"id":34340,"href":"https:\/\/expressaoms.com.br\/index.php\/wp-json\/wp\/v2\/posts\/34338\/revisions\/34340"}],"wp:featuredmedia":[{"embeddable":true,"href":"https:\/\/expressaoms.com.br\/index.php\/wp-json\/wp\/v2\/media\/34339"}],"wp:attachment":[{"href":"https:\/\/expressaoms.com.br\/index.php\/wp-json\/wp\/v2\/media?parent=34338"}],"wp:term":[{"taxonomy":"category","embeddable":true,"href":"https:\/\/expressaoms.com.br\/index.php\/wp-json\/wp\/v2\/categories?post=34338"},{"taxonomy":"post_tag","embeddable":true,"href":"https:\/\/expressaoms.com.br\/index.php\/wp-json\/wp\/v2\/tags?post=34338"}],"curies":[{"name":"wp","href":"https:\/\/api.w.org\/{rel}","templated":true}]}}