{"id":34520,"date":"2025-05-06T18:32:56","date_gmt":"2025-05-06T22:32:56","guid":{"rendered":"https:\/\/expressaoms.com.br\/?p=34520"},"modified":"2025-05-07T10:36:33","modified_gmt":"2025-05-07T14:36:33","slug":"ms-ativo-riedel-paulo-correa-e-liderancas-discutem-investimentos-para-jardim-bodoquena-e-bataguassu","status":"publish","type":"post","link":"https:\/\/expressaoms.com.br\/index.php\/2025\/05\/06\/ms-ativo-riedel-paulo-correa-e-liderancas-discutem-investimentos-para-jardim-bodoquena-e-bataguassu\/","title":{"rendered":"MS Ativo: Riedel, Paulo Corr\u00eaa e lideran\u00e7as discutem investimentos para Jardim, Bodoquena e Bataguassu"},"content":{"rendered":"<p>\u201cFortalecer o municipalismo \u00e9 garantir que os investimentos cheguem onde as pessoas vivem. Nosso papel \u00e9 ouvir as lideran\u00e7as, entender as necessidades reais e trabalhar para que o desenvolvimento alcance cada bairro, cada rua, cada comunidade dos nossos munic\u00edpios\u201d, destacou o deputado estadual Paulo Corr\u00eaa, 1\u00ba secret\u00e1rio da Assembleia Legislativa, durante mais uma rodada do MS Ativo, realizada nesta ter\u00e7a-feira (6), em Campo Grande.<\/p>\n<p>Ao lado do governador Eduardo Riedel, Corr\u00eaa se reuniu com prefeitos e vereadores de Jardim, Bodoquena e Bataguassu para debater obras priorit\u00e1rias e novos investimentos que atendam as demandas locais.<\/p>\n<blockquote><p>\u201c\u00c9 ouvindo quem est\u00e1 na ponta que conseguimos construir solu\u00e7\u00f5es concretas. O MS Ativo \u00e9 a prova de que o Governo do Estado est\u00e1 comprometido com uma pol\u00edtica que escuta, planeja e entrega resultados\u201d, afirmou o parlamentar.<\/p><\/blockquote>\n<p>Na avalia\u00e7\u00e3o do governador Eduardo Riedel, o di\u00e1logo com os munic\u00edpios \u00e9 a base para uma gest\u00e3o eficiente e alinhada com as necessidades reais da popula\u00e7\u00e3o.<\/p>\n<blockquote><p>\u201cA gente n\u00e3o pode governar de longe. O que estamos fazendo com o MS Ativo \u00e9 definir prioridades junto com os prefeitos, e isso \u00e9 essencial para garantir que os investimentos tenham impacto direto na vida das pessoas\u201d, afirmou Riedel.<\/p><\/blockquote>\n<p>Entre as demandas apresentadas, Jardim destacou a necessidade urgente de drenagem e pavimenta\u00e7\u00e3o asf\u00e1ltica, j\u00e1 que apenas 41% das vias do munic\u00edpio s\u00e3o asfaltadas. A obra do Residencial S\u00e3o Paulo foi apontada como prioridade imediata.<\/p>\n<p><img fetchpriority=\"high\" decoding=\"async\" class=\"alignnone size-full wp-image-34521\" src=\"https:\/\/expressaoms.com.br\/wp-content\/uploads\/2025\/05\/WhatsApp-Image-2025-05-07-at-10.32.40-2.jpeg\" alt=\"\" width=\"1600\" height=\"1066\" srcset=\"https:\/\/expressaoms.com.br\/wp-content\/uploads\/2025\/05\/WhatsApp-Image-2025-05-07-at-10.32.40-2.jpeg 1600w, https:\/\/expressaoms.com.br\/wp-content\/uploads\/2025\/05\/WhatsApp-Image-2025-05-07-at-10.32.40-2-300x200.jpeg 300w, https:\/\/expressaoms.com.br\/wp-content\/uploads\/2025\/05\/WhatsApp-Image-2025-05-07-at-10.32.40-2-1024x682.jpeg 1024w, https:\/\/expressaoms.com.br\/wp-content\/uploads\/2025\/05\/WhatsApp-Image-2025-05-07-at-10.32.40-2-768x512.jpeg 768w, https:\/\/expressaoms.com.br\/wp-content\/uploads\/2025\/05\/WhatsApp-Image-2025-05-07-at-10.32.40-2-1536x1023.jpeg 1536w, https:\/\/expressaoms.com.br\/wp-content\/uploads\/2025\/05\/WhatsApp-Image-2025-05-07-at-10.32.40-2-600x400.jpeg 600w\" sizes=\"(max-width: 1600px) 100vw, 1600px\" \/><\/p>\n<p>J\u00e1 em Bodoquena, o foco \u00e9 o asfaltamento e a drenagem da regi\u00e3o central da cidade, fundamental para impulsionar o turismo, uma das principais voca\u00e7\u00f5es do munic\u00edpio.<\/p>\n<p>Em Bataguassu, a previs\u00e3o de crescimento acelerado \u2014 com a implanta\u00e7\u00e3o da planta industrial da Bracell, que representa um investimento de R$ 16 bilh\u00f5es \u2014 exige obras de infraestrutura urbana, especialmente em drenagem e pavimenta\u00e7\u00e3o, para preparar a cidade para o novo ciclo de desenvolvimento.<\/p>\n<p>Participaram das reuni\u00f5es os prefeitos Guga (Jardim), Girleide Rovari (Bodoquena) e Wanderleia Caravina (Bataguassu), al\u00e9m de vereadores e demais lideran\u00e7as municipais. A rodada refor\u00e7a o papel do MS Ativo como um dos principais instrumentos de fortalecimento do municipalismo e do desenvolvimento regional de Mato Grosso do Sul.<\/p>\n","protected":false},"excerpt":{"rendered":"<p>\u201cFortalecer o municipalismo \u00e9 garantir que os investimentos cheguem onde as pessoas vivem. Nosso papel \u00e9 ouvir as lideran\u00e7as, entender as necessidades reais e trabalhar para que o desenvolvimento alcance cada bairro, cada rua, cada comunidade dos nossos munic\u00edpios\u201d, destacou o deputado estadual Paulo Corr\u00eaa, 1\u00ba secret\u00e1rio da Assembleia Legislativa, durante mais uma rodada do [&hellip;]<\/p>\n","protected":false},"author":3,"featured_media":34522,"comment_status":"open","ping_status":"open","sticky":false,"template":"","format":"standard","meta":{"om_disable_all_campaigns":false,"_monsterinsights_skip_tracking":false,"_monsterinsights_sitenote_active":false,"_monsterinsights_sitenote_note":"","_monsterinsights_sitenote_category":0,"footnotes":""},"categories":[191,266,42],"tags":[],"aioseo_notices":[],"_links":{"self":[{"href":"https:\/\/expressaoms.com.br\/index.php\/wp-json\/wp\/v2\/posts\/34520"}],"collection":[{"href":"https:\/\/expressaoms.com.br\/index.php\/wp-json\/wp\/v2\/posts"}],"about":[{"href":"https:\/\/expressaoms.com.br\/index.php\/wp-json\/wp\/v2\/types\/post"}],"author":[{"embeddable":true,"href":"https:\/\/expressaoms.com.br\/index.php\/wp-json\/wp\/v2\/users\/3"}],"replies":[{"embeddable":true,"href":"https:\/\/expressaoms.com.br\/index.php\/wp-json\/wp\/v2\/comments?post=34520"}],"version-history":[{"count":1,"href":"https:\/\/expressaoms.com.br\/index.php\/wp-json\/wp\/v2\/posts\/34520\/revisions"}],"predecessor-version":[{"id":34523,"href":"https:\/\/expressaoms.com.br\/index.php\/wp-json\/wp\/v2\/posts\/34520\/revisions\/34523"}],"wp:featuredmedia":[{"embeddable":true,"href":"https:\/\/expressaoms.com.br\/index.php\/wp-json\/wp\/v2\/media\/34522"}],"wp:attachment":[{"href":"https:\/\/expressaoms.com.br\/index.php\/wp-json\/wp\/v2\/media?parent=34520"}],"wp:term":[{"taxonomy":"category","embeddable":true,"href":"https:\/\/expressaoms.com.br\/index.php\/wp-json\/wp\/v2\/categories?post=34520"},{"taxonomy":"post_tag","embeddable":true,"href":"https:\/\/expressaoms.com.br\/index.php\/wp-json\/wp\/v2\/tags?post=34520"}],"curies":[{"name":"wp","href":"https:\/\/api.w.org\/{rel}","templated":true}]}}