{"id":34599,"date":"2025-05-08T17:09:54","date_gmt":"2025-05-08T21:09:54","guid":{"rendered":"https:\/\/expressaoms.com.br\/?p=34599"},"modified":"2025-05-08T17:09:54","modified_gmt":"2025-05-08T21:09:54","slug":"marcia-amaral-busca-recursos-e-parcerias-em-reuniao-com-deputado-pedro-caravina-em-campo-grande","status":"publish","type":"post","link":"https:\/\/expressaoms.com.br\/index.php\/2025\/05\/08\/marcia-amaral-busca-recursos-e-parcerias-em-reuniao-com-deputado-pedro-caravina-em-campo-grande\/","title":{"rendered":"M\u00e1rcia Amaral busca recursos e parcerias em reuni\u00e3o com deputado Pedro Caravina em Campo Grande"},"content":{"rendered":"<p>Na \u00faltima quarta-feira (7), a prefeita M\u00e1rcia Amaral esteve no gabinete do deputado estadual Pedro Arlei Caravina, em Campo Grande, para tratar de demandas priorit\u00e1rias para Brasil\u00e2ndia. O encontro teve como objetivo garantir recursos parlamentares e discutir projetos de gera\u00e7\u00e3o de emprego e renda, com foco especial no empreendedorismo feminino e no desenvolvimento econ\u00f4mico do munic\u00edpio.<\/p>\n<p>Durante a reuni\u00e3o, a prefeita refor\u00e7ou a import\u00e2ncia do apoio do deputado para viabilizar investimentos em sa\u00fade, por meio de emendas parlamentares, e apresentou projetos em andamento que visam atrair empresas e criar oportunidades de trabalho para a popula\u00e7\u00e3o.<\/p>\n<h2>Demandas<\/h2>\n<p>Deputado Pedro Caravina destacou o compromisso com a cidade:<br \/>\n&#8220;Recebi nossa prefeita M\u00e1rcia Amaral, que veio com for\u00e7a buscar melhorias para Brasil\u00e2ndia. Tratamos de emendas para a sa\u00fade e estou comprometido em ajudar a trazer investimentos. Em breve, estarei no munic\u00edpio para conhecer de perto as necessidades e trabalhar juntos por mais desenvolvimento.&#8221;<\/p>\n<p>A prefeita M\u00e1rcia Amaral agradeceu o apoio e refor\u00e7ou a parceria:<br \/>\n&#8220;Vim convidar o deputado para uma visita institucional e apresentar nossas demandas. Al\u00e9m da Sa\u00fade, estamos focados em gera\u00e7\u00e3o de empregos, especialmente para as mulheres, e na atra\u00e7\u00e3o de empresas. Contamos com o apoio do deputado e do governo do estado para impulsionar a economia local.&#8221;<\/p>\n<h2>Perspectivas Futuras<\/h2>\n<p>O deputado citou ainda a chegada de novas empresas a Bataguassu e regi\u00e3o, que devem impactar positivamente toda a \u00e1rea, incluindo Brasil\u00e2ndia. Ele adiantou que est\u00e1 articulando com o governador a possibilidade de implanta\u00e7\u00e3o de um parque empresarial no munic\u00edpio, o que poderia atrair ind\u00fastrias e criar empregos.<\/p>\n<p>A prefeitura segue trabalhando em projetos estruturantes, e a parceria com a Assembleia Legislativa \u00e9 fundamental para conquistar os recursos necess\u00e1rios.<\/p>\n","protected":false},"excerpt":{"rendered":"<p>Na \u00faltima quarta-feira (7), a prefeita M\u00e1rcia Amaral esteve no gabinete do deputado estadual Pedro Arlei Caravina, em Campo Grande, para tratar de demandas priorit\u00e1rias para Brasil\u00e2ndia. O encontro teve como objetivo garantir recursos parlamentares e discutir projetos de gera\u00e7\u00e3o de emprego e renda, com foco especial no empreendedorismo feminino e no desenvolvimento econ\u00f4mico do [&hellip;]<\/p>\n","protected":false},"author":3,"featured_media":34600,"comment_status":"open","ping_status":"open","sticky":false,"template":"","format":"standard","meta":{"om_disable_all_campaigns":false,"_monsterinsights_skip_tracking":false,"_monsterinsights_sitenote_active":false,"_monsterinsights_sitenote_note":"","_monsterinsights_sitenote_category":0,"footnotes":""},"categories":[26,193],"tags":[],"aioseo_notices":[],"_links":{"self":[{"href":"https:\/\/expressaoms.com.br\/index.php\/wp-json\/wp\/v2\/posts\/34599"}],"collection":[{"href":"https:\/\/expressaoms.com.br\/index.php\/wp-json\/wp\/v2\/posts"}],"about":[{"href":"https:\/\/expressaoms.com.br\/index.php\/wp-json\/wp\/v2\/types\/post"}],"author":[{"embeddable":true,"href":"https:\/\/expressaoms.com.br\/index.php\/wp-json\/wp\/v2\/users\/3"}],"replies":[{"embeddable":true,"href":"https:\/\/expressaoms.com.br\/index.php\/wp-json\/wp\/v2\/comments?post=34599"}],"version-history":[{"count":1,"href":"https:\/\/expressaoms.com.br\/index.php\/wp-json\/wp\/v2\/posts\/34599\/revisions"}],"predecessor-version":[{"id":34601,"href":"https:\/\/expressaoms.com.br\/index.php\/wp-json\/wp\/v2\/posts\/34599\/revisions\/34601"}],"wp:featuredmedia":[{"embeddable":true,"href":"https:\/\/expressaoms.com.br\/index.php\/wp-json\/wp\/v2\/media\/34600"}],"wp:attachment":[{"href":"https:\/\/expressaoms.com.br\/index.php\/wp-json\/wp\/v2\/media?parent=34599"}],"wp:term":[{"taxonomy":"category","embeddable":true,"href":"https:\/\/expressaoms.com.br\/index.php\/wp-json\/wp\/v2\/categories?post=34599"},{"taxonomy":"post_tag","embeddable":true,"href":"https:\/\/expressaoms.com.br\/index.php\/wp-json\/wp\/v2\/tags?post=34599"}],"curies":[{"name":"wp","href":"https:\/\/api.w.org\/{rel}","templated":true}]}}