{"id":34632,"date":"2025-05-09T14:18:29","date_gmt":"2025-05-09T18:18:29","guid":{"rendered":"https:\/\/expressaoms.com.br\/?p=34632"},"modified":"2025-05-09T14:28:00","modified_gmt":"2025-05-09T18:28:00","slug":"marcelo-gopfert-conquista-o-brasileiro-e-agora-mira-o-mundial-de-jiu-jitsu","status":"publish","type":"post","link":"https:\/\/expressaoms.com.br\/index.php\/2025\/05\/09\/marcelo-gopfert-conquista-o-brasileiro-e-agora-mira-o-mundial-de-jiu-jitsu\/","title":{"rendered":"Marcelo Gopfert Conquista o Brasileiro e Agora Mira o Mundial de Jiu-Jitsu"},"content":{"rendered":"<p><em><strong>Depois de vencer na faixa branca, ele busca novo t\u00edtulo para colocar Tr\u00eas Lagoas no mapa do esporte<\/strong><\/em><\/p>\n<p><strong>Thais Dias<\/strong><\/p>\n<p>O jiu-jitsu entrou na vida de Marcelo Marthes Gopfert de forma inesperada, mas acabou se tornando uma paix\u00e3o que transformou sua rotina e uniu ainda mais sua fam\u00edlia. Tudo come\u00e7ou em 2022, quando seus filhos, Enzo Davi Pereira Gopfert e Marcela Pereira Gopfert, ingressaram no projeto social do Tatu Fight Team. Marcelo, sempre presente nos treinos dos filhos, era um espectador dedicado, incentivando e acompanhando cada evolu\u00e7\u00e3o deles no tatame. Foi ent\u00e3o que o professor do projeto, vendo seu interesse constante, fez um convite que mudaria sua trajet\u00f3ria: &#8220;Por que voc\u00ea n\u00e3o experimenta treinar tamb\u00e9m?&#8221;<\/p>\n<p>Sem pretens\u00f5es de se tornar um competidor, Marcelo aceitou o desafio apenas para entender melhor o esporte que seus filhos tanto gostavam. Naquela primeira aula, descobriu que o jiu-jitsu era muito mais do que golpes e t\u00e9cnicas \u2013 era sobre disciplina, supera\u00e7\u00e3o e crescimento pessoal. Aos poucos, o que come\u00e7ou como uma atividade para acompanhar Enzo e Marcela se transformou em uma rotina de treinos intensos.<\/p>\n<p>Pouco tempo depois de come\u00e7ar a treinar, Marcelo decidiu testar seus conhecimentos em competi\u00e7\u00f5es. Sua estreia foi no\u00a0Sulamericano de Jiu-Jitsu em S\u00e3o Paulo, representando o Tatu Fight Team. A experi\u00eancia, por\u00e9m, n\u00e3o foi como ele imaginava: foi derrotado logo na primeira luta. Mas, longe de desanim\u00e1-lo, aquela queda serviu como combust\u00edvel para evoluir. &#8220;Perder me mostrou que eu precisava me dedicar mais, estudar o jiu-jitsu al\u00e9m dos treinos&#8221;, relembra.<\/p>\n<p>A partir dali, Marcelo passou a se empenhar ainda mais, absorvendo cada ensinamento dos professores e aprendendo com cada advers\u00e1rio que enfrentava. As derrotas se tornaram degraus para vit\u00f3rias futuras. E elas n\u00e3o demoraram a chegar.<\/p>\n<p>Em 2024, j\u00e1 com mais experi\u00eancia e confian\u00e7a, Marcelo come\u00e7ou a colher os frutos de sua dedica\u00e7\u00e3o. Na\u00a0faixa branca, conquistou t\u00edtulos expressivos, como o\u00a0Panamericano e o Mundial, dois dos torneios mais respeitados do circuito. Al\u00e9m disso, venceu v\u00e1rias competi\u00e7\u00f5es regionais no interior de\u00a0Mato Grosso do Sul e S\u00e3o Paulo, consolidando seu nome no cen\u00e1rio do jiu-jitsu master.<\/p>\n<p>Seu desempenho foi t\u00e3o consistente que, no final de 2024, seu treinador o indicou para a gradua\u00e7\u00e3o \u00e0\u00a0faixa azul. Em\u00a0dezembro daquele ano, Marcelo recebeu a nova faixa em uma cerim\u00f4nia emocionante, marcando o in\u00edcio de uma nova fase em sua carreira.<\/p>\n<p>O ano de 2025 come\u00e7ou com grandes conquistas para Marcelo e seus filhos. Juntos, venceram v\u00e1rios torneios no interior de\u00a0S\u00e3o Paulo e Mato Grosso do Sul, incluindo o\u00a0Campeonato Estadual de Mato Grosso do Sul, organizado pela federa\u00e7\u00e3o local. Mas o grande objetivo de Marcelo era claro: disputar o\u00a0Brasileiro da CBJJ, o maior campeonato nacional da modalidade.<\/p>\n<p>No dia\u00a028 de abril, em\u00a0Barueri (SP), ele encarou o desafio. Sua chave tinha atletas de alto n\u00edvel, incluindo o campe\u00e3o brasileiro de 2024. Mas Marcelo estava preparado. Em tr\u00eas lutas dominantes,\u00a0n\u00e3o sofreu nenhum ponto\u00a0e venceu todas as disputas, subindo ao lugar mais alto do p\u00f3dio como\u00a0Campe\u00e3o Brasileiro na categoria Master 3, faixa azul \u2013 leve.<\/p>\n<h2><strong>A Inspira\u00e7\u00e3o Vem de Casa<\/strong><\/h2>\n<p>Ao contr\u00e1rio de muitos atletas, Marcelo n\u00e3o teve um \u00eddolo famoso como refer\u00eancia. Sua maior motiva\u00e7\u00e3o sempre foram\u00a0Enzo e Marcela, que desde o in\u00edcio trilharam o caminho do jiu-jitsu ao seu lado. &#8220;Ver meus filhos treinando e competindo me d\u00e1 for\u00e7a para continuar&#8221;, diz. Hoje, os tr\u00eas formam uma fam\u00edlia de atletas, compartilhando treinos, viagens e conquistas.<\/p>\n<p>Com mais de\u00a030 competi\u00e7\u00f5es\u00a0no curr\u00edculo \u2013 incluindo seis participa\u00e7\u00f5es em 2025, todas com vit\u00f3rias \u2013, Marcelo j\u00e1 est\u00e1 focado em seu pr\u00f3ximo grande desafio: o\u00a0Mundial de Jiu-Jitsu, que acontecer\u00e1 em\u00a0dezembro de 2025, em S\u00e3o Paulo. &#8220;J\u00e1 ganhei o Mundial na faixa branca. Agora, quero repetir o feito na azul&#8221;, afirma, determinado.<\/p>\n<p>Al\u00e9m do apoio da fam\u00edlia, Marcelo conta com o incentivo da\u00a0Prefeitura de Tr\u00eas Lagoas, por meio da\u00a0Secretaria Municipal de Esporte, Juventude e Lazer (SEJUVEL), que viabiliza sua participa\u00e7\u00e3o em competi\u00e7\u00f5es. &#8220;\u00c9 uma honra representar minha cidade e mostrar que, com esfor\u00e7o, podemos alcan\u00e7ar grandes coisas&#8221;, diz. Atualmente, ele treina na\u00a0equipe Bar\u00e3o Jiu Jitsu, sob a orienta\u00e7\u00e3o do professor\u00a0Mois\u00e9s dos Santos, que tem sido pe\u00e7a fundamental em sua evolu\u00e7\u00e3o.<\/p>\n<p>Com uma trajet\u00f3ria marcada por resili\u00eancia e amor ao esporte, Marcelo Marthes Gopfert prova que nunca \u00e9 tarde para come\u00e7ar e que, com dedica\u00e7\u00e3o, at\u00e9 os maiores sonhos podem se tornar realidade. Sua hist\u00f3ria n\u00e3o \u00e9 apenas sobre t\u00edtulos, mas sobre supera\u00e7\u00e3o, fam\u00edlia e a certeza de que o jiu-jitsu vai muito al\u00e9m do tatame \u2013 \u00e9 um estilo de vida.<\/p>\n<p>Agora, com o\u00a0Brasileiro no curr\u00edculo e o Mundial no horizonte, Marcelo segue treinando forte, pronto para escrever os pr\u00f3ximos cap\u00edtulos dessa jornada inspiradora.<\/p>\n<p><img fetchpriority=\"high\" decoding=\"async\" class=\"alignnone wp-image-34637\" src=\"https:\/\/expressaoms.com.br\/wp-content\/uploads\/2025\/05\/WhatsApp-Image-2025-05-09-at-15.05.23-2-225x300.jpeg\" alt=\"\" width=\"413\" height=\"550\" srcset=\"https:\/\/expressaoms.com.br\/wp-content\/uploads\/2025\/05\/WhatsApp-Image-2025-05-09-at-15.05.23-2-225x300.jpeg 225w, https:\/\/expressaoms.com.br\/wp-content\/uploads\/2025\/05\/WhatsApp-Image-2025-05-09-at-15.05.23-2.jpeg 586w\" sizes=\"(max-width: 413px) 100vw, 413px\" \/> <img decoding=\"async\" class=\"alignnone wp-image-34636\" src=\"https:\/\/expressaoms.com.br\/wp-content\/uploads\/2025\/05\/WhatsApp-Image-2025-05-09-at-15.05.23-1.jpeg\" alt=\"\" width=\"412\" height=\"550\" srcset=\"https:\/\/expressaoms.com.br\/wp-content\/uploads\/2025\/05\/WhatsApp-Image-2025-05-09-at-15.05.23-1.jpeg 590w, https:\/\/expressaoms.com.br\/wp-content\/uploads\/2025\/05\/WhatsApp-Image-2025-05-09-at-15.05.23-1-225x300.jpeg 225w\" sizes=\"(max-width: 412px) 100vw, 412px\" \/><\/p>\n","protected":false},"excerpt":{"rendered":"<p>Depois de vencer na faixa branca, ele busca novo t\u00edtulo para colocar Tr\u00eas Lagoas no mapa do esporte Thais Dias O jiu-jitsu entrou na vida de Marcelo Marthes Gopfert de forma inesperada, mas acabou se tornando uma paix\u00e3o que transformou sua rotina e uniu ainda mais sua fam\u00edlia. Tudo come\u00e7ou em 2022, quando seus filhos, [&hellip;]<\/p>\n","protected":false},"author":3,"featured_media":34638,"comment_status":"open","ping_status":"open","sticky":false,"template":"","format":"standard","meta":{"om_disable_all_campaigns":false,"_monsterinsights_skip_tracking":false,"_monsterinsights_sitenote_active":false,"_monsterinsights_sitenote_note":"","_monsterinsights_sitenote_category":0,"footnotes":""},"categories":[34,36,48],"tags":[253,361,172],"aioseo_notices":[],"_links":{"self":[{"href":"https:\/\/expressaoms.com.br\/index.php\/wp-json\/wp\/v2\/posts\/34632"}],"collection":[{"href":"https:\/\/expressaoms.com.br\/index.php\/wp-json\/wp\/v2\/posts"}],"about":[{"href":"https:\/\/expressaoms.com.br\/index.php\/wp-json\/wp\/v2\/types\/post"}],"author":[{"embeddable":true,"href":"https:\/\/expressaoms.com.br\/index.php\/wp-json\/wp\/v2\/users\/3"}],"replies":[{"embeddable":true,"href":"https:\/\/expressaoms.com.br\/index.php\/wp-json\/wp\/v2\/comments?post=34632"}],"version-history":[{"count":4,"href":"https:\/\/expressaoms.com.br\/index.php\/wp-json\/wp\/v2\/posts\/34632\/revisions"}],"predecessor-version":[{"id":34650,"href":"https:\/\/expressaoms.com.br\/index.php\/wp-json\/wp\/v2\/posts\/34632\/revisions\/34650"}],"wp:featuredmedia":[{"embeddable":true,"href":"https:\/\/expressaoms.com.br\/index.php\/wp-json\/wp\/v2\/media\/34638"}],"wp:attachment":[{"href":"https:\/\/expressaoms.com.br\/index.php\/wp-json\/wp\/v2\/media?parent=34632"}],"wp:term":[{"taxonomy":"category","embeddable":true,"href":"https:\/\/expressaoms.com.br\/index.php\/wp-json\/wp\/v2\/categories?post=34632"},{"taxonomy":"post_tag","embeddable":true,"href":"https:\/\/expressaoms.com.br\/index.php\/wp-json\/wp\/v2\/tags?post=34632"}],"curies":[{"name":"wp","href":"https:\/\/api.w.org\/{rel}","templated":true}]}}