{"id":34674,"date":"2025-05-10T06:50:53","date_gmt":"2025-05-10T10:50:53","guid":{"rendered":"https:\/\/expressaoms.com.br\/?p=34674"},"modified":"2025-05-10T10:54:27","modified_gmt":"2025-05-10T14:54:27","slug":"fim-de-semana-no-estado-sera-marcado-por-mudancas-no-tempo-e-queda-nas-temperaturas","status":"publish","type":"post","link":"https:\/\/expressaoms.com.br\/index.php\/2025\/05\/10\/fim-de-semana-no-estado-sera-marcado-por-mudancas-no-tempo-e-queda-nas-temperaturas\/","title":{"rendered":"Fim de semana no Estado ser\u00e1 marcado por mudan\u00e7as no tempo e queda nas temperaturas"},"content":{"rendered":"<p>A previs\u00e3o para este fim de semana em Mato Grosso do Sul indica mudan\u00e7as significativas nas condi\u00e7\u00f5es do tempo, com destaque para a chegada de uma frente fria que deve provocar instabilidades, pancadas de chuva e queda nas temperaturas em grande parte do Estado.<\/p>\n<p>Neste s\u00e1bado (10), a influ\u00eancia da frente fria deve manter o tempo inst\u00e1vel em algumas regi\u00f5es. A previs\u00e3o indica sol com varia\u00e7\u00e3o de nuvens, possibilidade de chuvas e tempestades isoladas, especialmente nas regi\u00f5es sul e sudoeste do Estado. As temperaturas come\u00e7am a cair, principalmente no Cone-Sul e Grande Dourados, onde as m\u00ednimas ficam entre 15\u00b0C e 17\u00b0C, e as m\u00e1ximas entre 21\u00b0C e 25\u00b0C.<\/p>\n<p>Na regi\u00e3o sudoeste e pantaneira, os term\u00f4metros devem marcar m\u00ednimas entre 19\u00b0C e 22\u00b0C, com m\u00e1ximas de at\u00e9 27\u00b0C. No bols\u00e3o, leste e norte, as m\u00ednimas ficam entre 20\u00b0C e 22\u00b0C, com m\u00e1ximas entre 28\u00b0C e 33\u00b0C. Em Campo Grande, s\u00e3o esperadas m\u00ednimas de 18\u00b0C a 20\u00b0C e m\u00e1xima de at\u00e9 26\u00b0C. Os ventos mudam para o quadrante sul e ganham for\u00e7a, com velocidades entre 30 km\/h e 50 km\/h e rajadas pontuais mais intensas.<\/p>\n<p>J\u00e1 no domingo (11), a atua\u00e7\u00e3o de um sistema de alta press\u00e3o p\u00f3s-frontal estabiliza o tempo em grande parte de Mato Grosso do Sul. A previs\u00e3o \u00e9 de sol com varia\u00e7\u00e3o de nebulosidade e tempo mais seco, embora n\u00e3o se descarte a ocorr\u00eancia de pancadas de chuva isoladas, especialmente nas regi\u00f5es centro-norte e nordeste do Estado.<\/p>\n<p>As temperaturas seguem mais amenas: no sul, Cone-Sul e Grande Dourados, as m\u00ednimas ficam entre 12\u00b0C e 15\u00b0C, com m\u00e1ximas entre 23\u00b0C e 25\u00b0C. No sudoeste e Pantanal, m\u00ednimas de 17\u00b0C a 20\u00b0C e m\u00e1ximas de at\u00e9 28\u00b0C. No bols\u00e3o, leste e norte, os term\u00f4metros variam entre 18\u00b0C e 21\u00b0C nas m\u00ednimas, e entre 27\u00b0C e 30\u00b0C nas m\u00e1ximas. Campo Grande ter\u00e1 m\u00ednima entre 17\u00b0C e 19\u00b0C e m\u00e1xima de at\u00e9 28\u00b0C. Os ventos sopram entre os quadrantes sul e leste, com intensidade de 30 km\/h a 50 km\/h e rajadas ocasionais acima disso.<\/p>\n<div id=\"gallery-1\" class=\"gallery galleryid-509902 gallery-columns-1 gallery-size-large\">\n<figure class=\"gallery-item\">\n<div class=\"gallery-icon landscape\"><a href=\"https:\/\/agenciadenoticias.ms.gov.br\/fim-de-semana-no-estado-sera-marcado-por-mudancas-no-tempo-e-queda-nas-temperaturas\/attachment\/1005\/\"><img fetchpriority=\"high\" decoding=\"async\" class=\"attachment-large size-large\" src=\"https:\/\/agenciadenoticias.ms.gov.br\/wp-content\/uploads\/2025\/05\/1005.jpg\" sizes=\"(max-width: 571px) 100vw, 571px\" srcset=\"https:\/\/agenciadenoticias.ms.gov.br\/wp-content\/uploads\/2025\/05\/1005.jpg 571w, https:\/\/agenciadenoticias.ms.gov.br\/wp-content\/uploads\/2025\/05\/1005-300x219.jpg 300w, https:\/\/agenciadenoticias.ms.gov.br\/wp-content\/uploads\/2025\/05\/1005-329x240.jpg 329w\" alt=\"\" width=\"571\" height=\"417\" \/><\/a><\/div>\n<\/figure>\n<figure class=\"gallery-item\">\n<div class=\"gallery-icon landscape\"><a href=\"https:\/\/agenciadenoticias.ms.gov.br\/fim-de-semana-no-estado-sera-marcado-por-mudancas-no-tempo-e-queda-nas-temperaturas\/attachment\/1105\/\"><img decoding=\"async\" class=\"attachment-large size-large\" src=\"https:\/\/agenciadenoticias.ms.gov.br\/wp-content\/uploads\/2025\/05\/1105.jpg\" sizes=\"auto, (max-width: 568px) 100vw, 568px\" srcset=\"https:\/\/agenciadenoticias.ms.gov.br\/wp-content\/uploads\/2025\/05\/1105.jpg 568w, https:\/\/agenciadenoticias.ms.gov.br\/wp-content\/uploads\/2025\/05\/1105-300x217.jpg 300w, https:\/\/agenciadenoticias.ms.gov.br\/wp-content\/uploads\/2025\/05\/1105-332x240.jpg 332w\" alt=\"\" width=\"568\" height=\"410\" \/><\/a><\/div>\n<\/figure>\n<\/div>\n<p>&nbsp;<\/p>\n","protected":false},"excerpt":{"rendered":"<p>A previs\u00e3o para este fim de semana em Mato Grosso do Sul indica mudan\u00e7as significativas nas condi\u00e7\u00f5es do tempo, com destaque para a chegada de uma frente fria que deve provocar instabilidades, pancadas de chuva e queda nas temperaturas em grande parte do Estado. Neste s\u00e1bado (10), a influ\u00eancia da frente fria deve manter o [&hellip;]<\/p>\n","protected":false},"author":3,"featured_media":34675,"comment_status":"open","ping_status":"open","sticky":false,"template":"","format":"standard","meta":{"om_disable_all_campaigns":false,"_monsterinsights_skip_tracking":false,"_monsterinsights_sitenote_active":false,"_monsterinsights_sitenote_note":"","_monsterinsights_sitenote_category":0,"footnotes":""},"categories":[36,266,47],"tags":[],"aioseo_notices":[],"_links":{"self":[{"href":"https:\/\/expressaoms.com.br\/index.php\/wp-json\/wp\/v2\/posts\/34674"}],"collection":[{"href":"https:\/\/expressaoms.com.br\/index.php\/wp-json\/wp\/v2\/posts"}],"about":[{"href":"https:\/\/expressaoms.com.br\/index.php\/wp-json\/wp\/v2\/types\/post"}],"author":[{"embeddable":true,"href":"https:\/\/expressaoms.com.br\/index.php\/wp-json\/wp\/v2\/users\/3"}],"replies":[{"embeddable":true,"href":"https:\/\/expressaoms.com.br\/index.php\/wp-json\/wp\/v2\/comments?post=34674"}],"version-history":[{"count":1,"href":"https:\/\/expressaoms.com.br\/index.php\/wp-json\/wp\/v2\/posts\/34674\/revisions"}],"predecessor-version":[{"id":34676,"href":"https:\/\/expressaoms.com.br\/index.php\/wp-json\/wp\/v2\/posts\/34674\/revisions\/34676"}],"wp:featuredmedia":[{"embeddable":true,"href":"https:\/\/expressaoms.com.br\/index.php\/wp-json\/wp\/v2\/media\/34675"}],"wp:attachment":[{"href":"https:\/\/expressaoms.com.br\/index.php\/wp-json\/wp\/v2\/media?parent=34674"}],"wp:term":[{"taxonomy":"category","embeddable":true,"href":"https:\/\/expressaoms.com.br\/index.php\/wp-json\/wp\/v2\/categories?post=34674"},{"taxonomy":"post_tag","embeddable":true,"href":"https:\/\/expressaoms.com.br\/index.php\/wp-json\/wp\/v2\/tags?post=34674"}],"curies":[{"name":"wp","href":"https:\/\/api.w.org\/{rel}","templated":true}]}}