{"id":34677,"date":"2025-05-10T11:03:10","date_gmt":"2025-05-10T15:03:10","guid":{"rendered":"https:\/\/expressaoms.com.br\/?p=34677"},"modified":"2025-05-10T11:03:10","modified_gmt":"2025-05-10T15:03:10","slug":"rota-da-celulose-vai-qualificar-rodovias-impulsionar-economia-e-mudar-realidade-de-muitas-pessoas","status":"publish","type":"post","link":"https:\/\/expressaoms.com.br\/index.php\/2025\/05\/10\/rota-da-celulose-vai-qualificar-rodovias-impulsionar-economia-e-mudar-realidade-de-muitas-pessoas\/","title":{"rendered":"Rota da Celulose vai qualificar rodovias, impulsionar economia e mudar realidade de muitas pessoas"},"content":{"rendered":"<p>Com a realiza\u00e7\u00e3o do\u00a0<a href=\"https:\/\/agenciadenoticias.ms.gov.br\/mato-grosso-do-sul-bate-o-martelo-rota-da-celulose-tem-consorcio-vencedor-em-disputa-na-bolsa-de-valores\/\">leil\u00e3o da Rota da Celulose<\/a>, cinco rodovias v\u00e3o ganhar investimentos bilion\u00e1rios da iniciativa privada para qualificar a log\u00edstica da regi\u00e3o. Estas melhorias v\u00e3o ajudar n\u00e3o apenas o escoamento da produ\u00e7\u00e3o, mas a vida das pessoas que passam pelas estradas, tendo mais seguran\u00e7a e rapidez, assim como comerciantes, produtores, empres\u00e1rios e quem mora nas cidades beneficiadas.<\/p>\n<figure id=\"attachment_509717\" class=\"wp-caption alignright\" aria-describedby=\"caption-attachment-509717\"><a href=\"https:\/\/agenciadenoticias.ms.gov.br\/wp-content\/uploads\/2025\/05\/BR-262-Foto-Saul-Schramm-3-scaled.jpg\"><img fetchpriority=\"high\" decoding=\"async\" class=\"wp-image-509717 size-medium\" src=\"https:\/\/agenciadenoticias.ms.gov.br\/wp-content\/uploads\/2025\/05\/BR-262-Foto-Saul-Schramm-3-300x182.jpg\" sizes=\"(max-width: 300px) 100vw, 300px\" srcset=\"https:\/\/agenciadenoticias.ms.gov.br\/wp-content\/uploads\/2025\/05\/BR-262-Foto-Saul-Schramm-3-300x182.jpg 300w, https:\/\/agenciadenoticias.ms.gov.br\/wp-content\/uploads\/2025\/05\/BR-262-Foto-Saul-Schramm-3-1024x621.jpg 1024w, https:\/\/agenciadenoticias.ms.gov.br\/wp-content\/uploads\/2025\/05\/BR-262-Foto-Saul-Schramm-3-768x466.jpg 768w, https:\/\/agenciadenoticias.ms.gov.br\/wp-content\/uploads\/2025\/05\/BR-262-Foto-Saul-Schramm-3-1536x931.jpg 1536w, https:\/\/agenciadenoticias.ms.gov.br\/wp-content\/uploads\/2025\/05\/BR-262-Foto-Saul-Schramm-3-2048x1241.jpg 2048w, https:\/\/agenciadenoticias.ms.gov.br\/wp-content\/uploads\/2025\/05\/BR-262-Foto-Saul-Schramm-3-350x212.jpg 350w, https:\/\/agenciadenoticias.ms.gov.br\/wp-content\/uploads\/2025\/05\/BR-262-Foto-Saul-Schramm-3-scaled.jpg 1920w\" alt=\"\" width=\"300\" height=\"182\" \/><\/a><figcaption id=\"caption-attachment-509717\" class=\"wp-caption-text\"><em>Rodovia BR-262 (Foto: Saul Schramm\/Secom)<\/em><\/figcaption><\/figure>\n<p>Saindo de Campo Grande rumo a Tr\u00eas Lagoas, a primeira rodovia que ser\u00e1 concessionada \u00e9 a BR-262. A chegada da f\u00e1brica da Suzano em Ribas do Rio Pardo mudou a realidade da estrada, que passou a receber grandes movimentos e tornou o tr\u00e2nsito mais lento e perigoso. Ela vai ganhar uma nova realidade daqui para frente.<\/p>\n<p>\u201cMoro h\u00e1 30 anos em Ribas do Rio Pardo, compramos uma fazenda aqui em 1981. O leil\u00e3o desta rodovia (BR-262) vai melhorar 1000% para gente, pois a gente viaja direto na rodovia para Campo Grande e Tr\u00eas Lagoas rumo a S\u00e3o Paulo, e vai melhorar as condi\u00e7\u00f5es, pois aumentou bastante o volume de carros, o fluxo t\u00e1 muito intenso\u201d, contou Jo\u00e3o Luiz Marino.<\/p>\n<figure id=\"attachment_509711\" class=\"wp-caption aligncenter\" aria-describedby=\"caption-attachment-509711\"><a href=\"https:\/\/agenciadenoticias.ms.gov.br\/wp-content\/uploads\/2025\/05\/BR-262-Foto-Saul-Schramm-17-scaled.jpg\"><img decoding=\"async\" class=\"wp-image-509711 size-large\" src=\"https:\/\/agenciadenoticias.ms.gov.br\/wp-content\/uploads\/2025\/05\/BR-262-Foto-Saul-Schramm-17-1024x597.jpg\" sizes=\"(max-width: 1024px) 100vw, 1024px\" srcset=\"https:\/\/agenciadenoticias.ms.gov.br\/wp-content\/uploads\/2025\/05\/BR-262-Foto-Saul-Schramm-17-1024x597.jpg 1024w, https:\/\/agenciadenoticias.ms.gov.br\/wp-content\/uploads\/2025\/05\/BR-262-Foto-Saul-Schramm-17-300x175.jpg 300w, https:\/\/agenciadenoticias.ms.gov.br\/wp-content\/uploads\/2025\/05\/BR-262-Foto-Saul-Schramm-17-768x448.jpg 768w, https:\/\/agenciadenoticias.ms.gov.br\/wp-content\/uploads\/2025\/05\/BR-262-Foto-Saul-Schramm-17-1536x896.jpg 1536w, https:\/\/agenciadenoticias.ms.gov.br\/wp-content\/uploads\/2025\/05\/BR-262-Foto-Saul-Schramm-17-2048x1195.jpg 2048w, https:\/\/agenciadenoticias.ms.gov.br\/wp-content\/uploads\/2025\/05\/BR-262-Foto-Saul-Schramm-17-350x204.jpg 350w, https:\/\/agenciadenoticias.ms.gov.br\/wp-content\/uploads\/2025\/05\/BR-262-Foto-Saul-Schramm-17-scaled.jpg 1920w\" alt=\"\" width=\"1024\" height=\"597\" \/><\/a><figcaption id=\"caption-attachment-509711\" class=\"wp-caption-text\"><em>Rodovia BR-262 vai fazer parte da Rota da Celulose (Foto: Saul Schramm\/Secom)<\/em><\/figcaption><\/figure>\n<p>Ele tem um escrit\u00f3rio de com\u00e9rcio de bovinos na beira da BR-262, quase na entrada de Ribas. A cidade mudou de patamar, ao ganhar uma mega f\u00e1brica de celulose da Suzano, com investimento de R$ 22 bilh\u00f5es. No pico da constru\u00e7\u00e3o da unidade foram gerados 10 mil empregos.<\/p>\n<figure id=\"attachment_509707\" class=\"wp-caption alignright\" aria-describedby=\"caption-attachment-509707\"><a href=\"https:\/\/agenciadenoticias.ms.gov.br\/wp-content\/uploads\/2025\/05\/BR-262-Foto-Saul-Schramm-5-scaled.jpg\"><img decoding=\"async\" class=\"wp-image-509707 size-medium\" src=\"https:\/\/agenciadenoticias.ms.gov.br\/wp-content\/uploads\/2025\/05\/BR-262-Foto-Saul-Schramm-5-300x202.jpg\" sizes=\"auto, (max-width: 300px) 100vw, 300px\" srcset=\"https:\/\/agenciadenoticias.ms.gov.br\/wp-content\/uploads\/2025\/05\/BR-262-Foto-Saul-Schramm-5-300x202.jpg 300w, https:\/\/agenciadenoticias.ms.gov.br\/wp-content\/uploads\/2025\/05\/BR-262-Foto-Saul-Schramm-5-1024x688.jpg 1024w, https:\/\/agenciadenoticias.ms.gov.br\/wp-content\/uploads\/2025\/05\/BR-262-Foto-Saul-Schramm-5-768x516.jpg 768w, https:\/\/agenciadenoticias.ms.gov.br\/wp-content\/uploads\/2025\/05\/BR-262-Foto-Saul-Schramm-5-1536x1032.jpg 1536w, https:\/\/agenciadenoticias.ms.gov.br\/wp-content\/uploads\/2025\/05\/BR-262-Foto-Saul-Schramm-5-2048x1376.jpg 2048w, https:\/\/agenciadenoticias.ms.gov.br\/wp-content\/uploads\/2025\/05\/BR-262-Foto-Saul-Schramm-5-350x235.jpg 350w, https:\/\/agenciadenoticias.ms.gov.br\/wp-content\/uploads\/2025\/05\/BR-262-Foto-Saul-Schramm-5-scaled.jpg 1920w\" alt=\"\" width=\"300\" height=\"202\" \/><\/a><figcaption id=\"caption-attachment-509707\" class=\"wp-caption-text\"><em>Rodrigo Sthefanello (Foto: Saul Schramm\/Secom)<\/em><\/figcaption><\/figure>\n<p>Os benef\u00edcios chegam em outros setores, como no ramo comercial. \u201cEstamos vivendo este crescimento da cidade e estas mudan\u00e7as na rodovia \u00e9 uma necessidade, pois o tr\u00e2nsito est\u00e1 muito intenso, acredito que depois da concess\u00e3o vai melhorar este fluxo nosso, reduzir o tempo de viagem, a tend\u00eancia \u00e9 at\u00e9 valorizar o nosso com\u00e9rcio que fica \u00e0s margens da rodovia\u201d, descreveu Rodrigo Sthefanello, empres\u00e1rio de uma loja de mat\u00e9rias para constru\u00e7\u00e3o nas margens da rodovia.<\/p>\n<div id=\"gallery-1\" class=\"gallery galleryid-509674 gallery-columns-2 gallery-size-large\">\n<figure class=\"gallery-item\">\n<div class=\"gallery-icon landscape\"><a href=\"https:\/\/agenciadenoticias.ms.gov.br\/wp-content\/uploads\/2025\/05\/BR-262-Foto-Saul-Schramm-7-scaled.jpg\"><img loading=\"lazy\" decoding=\"async\" class=\"attachment-large size-large\" src=\"https:\/\/agenciadenoticias.ms.gov.br\/wp-content\/uploads\/2025\/05\/BR-262-Foto-Saul-Schramm-7-1024x655.jpg\" sizes=\"auto, (max-width: 1024px) 100vw, 1024px\" srcset=\"https:\/\/agenciadenoticias.ms.gov.br\/wp-content\/uploads\/2025\/05\/BR-262-Foto-Saul-Schramm-7-1024x655.jpg 1024w, https:\/\/agenciadenoticias.ms.gov.br\/wp-content\/uploads\/2025\/05\/BR-262-Foto-Saul-Schramm-7-300x192.jpg 300w, https:\/\/agenciadenoticias.ms.gov.br\/wp-content\/uploads\/2025\/05\/BR-262-Foto-Saul-Schramm-7-768x491.jpg 768w, https:\/\/agenciadenoticias.ms.gov.br\/wp-content\/uploads\/2025\/05\/BR-262-Foto-Saul-Schramm-7-1536x982.jpg 1536w, https:\/\/agenciadenoticias.ms.gov.br\/wp-content\/uploads\/2025\/05\/BR-262-Foto-Saul-Schramm-7-2048x1309.jpg 2048w, https:\/\/agenciadenoticias.ms.gov.br\/wp-content\/uploads\/2025\/05\/BR-262-Foto-Saul-Schramm-7-350x224.jpg 350w, https:\/\/agenciadenoticias.ms.gov.br\/wp-content\/uploads\/2025\/05\/BR-262-Foto-Saul-Schramm-7-scaled.jpg 1920w\" alt=\"\" width=\"1024\" height=\"655\" \/><\/a><\/div>\n<\/figure>\n<figure class=\"gallery-item\">\n<div class=\"gallery-icon landscape\"><a href=\"https:\/\/agenciadenoticias.ms.gov.br\/wp-content\/uploads\/2025\/05\/BR-262-Foto-Saul-Schramm-33-1.jpg\"><img loading=\"lazy\" decoding=\"async\" class=\"attachment-large size-large\" src=\"https:\/\/agenciadenoticias.ms.gov.br\/wp-content\/uploads\/2025\/05\/BR-262-Foto-Saul-Schramm-33-1-1024x649.jpg\" sizes=\"auto, (max-width: 1024px) 100vw, 1024px\" srcset=\"https:\/\/agenciadenoticias.ms.gov.br\/wp-content\/uploads\/2025\/05\/BR-262-Foto-Saul-Schramm-33-1-1024x649.jpg 1024w, https:\/\/agenciadenoticias.ms.gov.br\/wp-content\/uploads\/2025\/05\/BR-262-Foto-Saul-Schramm-33-1-300x190.jpg 300w, https:\/\/agenciadenoticias.ms.gov.br\/wp-content\/uploads\/2025\/05\/BR-262-Foto-Saul-Schramm-33-1-768x487.jpg 768w, https:\/\/agenciadenoticias.ms.gov.br\/wp-content\/uploads\/2025\/05\/BR-262-Foto-Saul-Schramm-33-1-350x222.jpg 350w, https:\/\/agenciadenoticias.ms.gov.br\/wp-content\/uploads\/2025\/05\/BR-262-Foto-Saul-Schramm-33-1.jpg 1397w\" alt=\"\" width=\"1024\" height=\"649\" \/><\/a><\/div>\n<\/figure>\n<\/div>\n<p><em>Fotos: Saul Schramm\/Secom<\/em><\/p>\n<p>A concess\u00e3o (BR-262) vai passar por \u00c1gua Clara at\u00e9 chegar em Tr\u00eas Lagoas. A cidade tamb\u00e9m tem sua f\u00e1brica de celulose (Eldorado), que teve investimento de R$ 6,2 bilh\u00f5es. H\u00e1 muito tempo recebe motoristas e caminhoneiros de todo pa\u00eds. Uma rodovia em \u00f3timas condi\u00e7\u00f5es far\u00e1 diferen\u00e7a nas viagens e dia a dia dos profissionais.<\/p>\n<p>\u201cTrabalho aqui na regi\u00e3o desde 2010, sou de Minas Gerais. Sempre fa\u00e7o este percurso carregando vergalh\u00e3o. As rodovias realmente precisavam melhorar devido ao grande fluxo de caminh\u00e3o, acaba acumulando tr\u00e2nsito e atrasando a viagem. Com este leil\u00e3o e as melhorias que v\u00e3o chegar vai desafogar bem o tr\u00e2nsito, fica mais seguro\u201d, afirmou o caminhoneiro C\u00e9sar Francisco dos Santos.<\/p>\n<div id=\"gallery-2\" class=\"gallery galleryid-509674 gallery-columns-2 gallery-size-large\">\n<figure class=\"gallery-item\">\n<div class=\"gallery-icon landscape\"><a href=\"https:\/\/agenciadenoticias.ms.gov.br\/wp-content\/uploads\/2025\/05\/BR-262-Foto-Saul-Schramm-11-scaled.jpg\"><img loading=\"lazy\" decoding=\"async\" class=\"attachment-large size-large\" src=\"https:\/\/agenciadenoticias.ms.gov.br\/wp-content\/uploads\/2025\/05\/BR-262-Foto-Saul-Schramm-11-1024x683.jpg\" sizes=\"auto, (max-width: 1024px) 100vw, 1024px\" srcset=\"https:\/\/agenciadenoticias.ms.gov.br\/wp-content\/uploads\/2025\/05\/BR-262-Foto-Saul-Schramm-11-1024x683.jpg 1024w, https:\/\/agenciadenoticias.ms.gov.br\/wp-content\/uploads\/2025\/05\/BR-262-Foto-Saul-Schramm-11-300x200.jpg 300w, https:\/\/agenciadenoticias.ms.gov.br\/wp-content\/uploads\/2025\/05\/BR-262-Foto-Saul-Schramm-11-768x512.jpg 768w, https:\/\/agenciadenoticias.ms.gov.br\/wp-content\/uploads\/2025\/05\/BR-262-Foto-Saul-Schramm-11-1536x1024.jpg 1536w, https:\/\/agenciadenoticias.ms.gov.br\/wp-content\/uploads\/2025\/05\/BR-262-Foto-Saul-Schramm-11-2048x1365.jpg 2048w, https:\/\/agenciadenoticias.ms.gov.br\/wp-content\/uploads\/2025\/05\/BR-262-Foto-Saul-Schramm-11-350x232.jpg 350w, https:\/\/agenciadenoticias.ms.gov.br\/wp-content\/uploads\/2025\/05\/BR-262-Foto-Saul-Schramm-11-scaled.jpg 1920w\" alt=\"\" width=\"1024\" height=\"683\" aria-describedby=\"gallery-2-509714\" \/><\/a><\/div><figcaption id=\"gallery-2-509714\" class=\"wp-caption-text gallery-caption\">Diego Louren\u00e7o<\/figcaption><\/figure>\n<figure class=\"gallery-item\">\n<div class=\"gallery-icon landscape\"><a href=\"https:\/\/agenciadenoticias.ms.gov.br\/wp-content\/uploads\/2025\/05\/BR-262-Foto-Saul-Schramm-10-scaled.jpg\"><img loading=\"lazy\" decoding=\"async\" class=\"attachment-large size-large\" src=\"https:\/\/agenciadenoticias.ms.gov.br\/wp-content\/uploads\/2025\/05\/BR-262-Foto-Saul-Schramm-10-1024x683.jpg\" sizes=\"auto, (max-width: 1024px) 100vw, 1024px\" srcset=\"https:\/\/agenciadenoticias.ms.gov.br\/wp-content\/uploads\/2025\/05\/BR-262-Foto-Saul-Schramm-10-1024x683.jpg 1024w, https:\/\/agenciadenoticias.ms.gov.br\/wp-content\/uploads\/2025\/05\/BR-262-Foto-Saul-Schramm-10-300x200.jpg 300w, https:\/\/agenciadenoticias.ms.gov.br\/wp-content\/uploads\/2025\/05\/BR-262-Foto-Saul-Schramm-10-768x512.jpg 768w, https:\/\/agenciadenoticias.ms.gov.br\/wp-content\/uploads\/2025\/05\/BR-262-Foto-Saul-Schramm-10-1536x1024.jpg 1536w, https:\/\/agenciadenoticias.ms.gov.br\/wp-content\/uploads\/2025\/05\/BR-262-Foto-Saul-Schramm-10-2048x1365.jpg 2048w, https:\/\/agenciadenoticias.ms.gov.br\/wp-content\/uploads\/2025\/05\/BR-262-Foto-Saul-Schramm-10-350x232.jpg 350w, https:\/\/agenciadenoticias.ms.gov.br\/wp-content\/uploads\/2025\/05\/BR-262-Foto-Saul-Schramm-10-scaled.jpg 1920w\" alt=\"\" width=\"1024\" height=\"683\" aria-describedby=\"gallery-2-509713\" \/><\/a><\/div><figcaption id=\"gallery-2-509713\" class=\"wp-caption-text gallery-caption\">C\u00e9sar Francisco<\/figcaption><\/figure>\n<\/div>\n<p>Mesma avalia\u00e7\u00e3o de Diego Louren\u00e7o, que trabalha h\u00e1 dez anos nas estradas de todo Brasil. \u201cSou de Gua\u00edra em S\u00e3o Paulo. Trabalho h\u00e1 dez anos rodando pelo Brasil, no MS j\u00e1 fa\u00e7o esta rota h\u00e1 cinco anos. Sobre as rodovias do Estado acredito que sempre se pode melhorar. Com este leil\u00e3o e concess\u00e3o vai ajudar bastante e sobre o ped\u00e1gio s\u00f3 pedimos que seja um pre\u00e7o justo e acess\u00edvel aos motoristas\u201d, alertou.<\/p>\n<p>Outro grande \u201cboom\u201d da celulose no Estado ser\u00e1 em Inoc\u00eancia, onde est\u00e1 sendo constru\u00edda a f\u00e1brica da Arauco. L\u00e1 ser\u00e3o investidos R$ 26 bilh\u00f5es, com gera\u00e7\u00e3o de 14 mil empregos no pico da obra. Saindo de Campo Grande rumo ao munic\u00edpio, vai passar pela BR-262 at\u00e9 \u00c1gua Clara, para depois seguir pela MS-377. Se vir de S\u00e3o Paulo chega a Tr\u00eas Lagoas e sobe pela MS-112.<\/p>\n<div id=\"gallery-3\" class=\"gallery galleryid-509674 gallery-columns-2 gallery-size-large\">\n<figure class=\"gallery-item\">\n<div class=\"gallery-icon landscape\"><a href=\"https:\/\/agenciadenoticias.ms.gov.br\/wp-content\/uploads\/2025\/05\/BR-262-Foto-Saul-Schramm-24-scaled.jpg\"><img loading=\"lazy\" decoding=\"async\" class=\"attachment-large size-large\" src=\"https:\/\/agenciadenoticias.ms.gov.br\/wp-content\/uploads\/2025\/05\/BR-262-Foto-Saul-Schramm-24-1024x576.jpg\" sizes=\"auto, (max-width: 1024px) 100vw, 1024px\" srcset=\"https:\/\/agenciadenoticias.ms.gov.br\/wp-content\/uploads\/2025\/05\/BR-262-Foto-Saul-Schramm-24-1024x576.jpg 1024w, https:\/\/agenciadenoticias.ms.gov.br\/wp-content\/uploads\/2025\/05\/BR-262-Foto-Saul-Schramm-24-300x169.jpg 300w, https:\/\/agenciadenoticias.ms.gov.br\/wp-content\/uploads\/2025\/05\/BR-262-Foto-Saul-Schramm-24-768x432.jpg 768w, https:\/\/agenciadenoticias.ms.gov.br\/wp-content\/uploads\/2025\/05\/BR-262-Foto-Saul-Schramm-24-1536x864.jpg 1536w, https:\/\/agenciadenoticias.ms.gov.br\/wp-content\/uploads\/2025\/05\/BR-262-Foto-Saul-Schramm-24-2048x1152.jpg 2048w, https:\/\/agenciadenoticias.ms.gov.br\/wp-content\/uploads\/2025\/05\/BR-262-Foto-Saul-Schramm-24-350x197.jpg 350w, https:\/\/agenciadenoticias.ms.gov.br\/wp-content\/uploads\/2025\/05\/BR-262-Foto-Saul-Schramm-24-scaled.jpg 1920w\" alt=\"\" width=\"1024\" height=\"576\" \/><\/a><\/div>\n<\/figure>\n<figure class=\"gallery-item\">\n<div class=\"gallery-icon landscape\"><a href=\"https:\/\/agenciadenoticias.ms.gov.br\/wp-content\/uploads\/2025\/05\/BR-262-Foto-Saul-Schramm-27-scaled.jpg\"><img loading=\"lazy\" decoding=\"async\" class=\"attachment-large size-large\" src=\"https:\/\/agenciadenoticias.ms.gov.br\/wp-content\/uploads\/2025\/05\/BR-262-Foto-Saul-Schramm-27-1024x576.jpg\" sizes=\"auto, (max-width: 1024px) 100vw, 1024px\" srcset=\"https:\/\/agenciadenoticias.ms.gov.br\/wp-content\/uploads\/2025\/05\/BR-262-Foto-Saul-Schramm-27-1024x576.jpg 1024w, https:\/\/agenciadenoticias.ms.gov.br\/wp-content\/uploads\/2025\/05\/BR-262-Foto-Saul-Schramm-27-300x169.jpg 300w, https:\/\/agenciadenoticias.ms.gov.br\/wp-content\/uploads\/2025\/05\/BR-262-Foto-Saul-Schramm-27-768x432.jpg 768w, https:\/\/agenciadenoticias.ms.gov.br\/wp-content\/uploads\/2025\/05\/BR-262-Foto-Saul-Schramm-27-1536x864.jpg 1536w, https:\/\/agenciadenoticias.ms.gov.br\/wp-content\/uploads\/2025\/05\/BR-262-Foto-Saul-Schramm-27-2048x1152.jpg 2048w, https:\/\/agenciadenoticias.ms.gov.br\/wp-content\/uploads\/2025\/05\/BR-262-Foto-Saul-Schramm-27-350x197.jpg 350w, https:\/\/agenciadenoticias.ms.gov.br\/wp-content\/uploads\/2025\/05\/BR-262-Foto-Saul-Schramm-27-scaled.jpg 1920w\" alt=\"\" width=\"1024\" height=\"576\" \/><\/a><\/div>\n<\/figure>\n<\/div>\n<p><em>Vistas a\u00e9reas de Ribas do Rio Pardo e \u00c1gua Clara, espectivamente (Fotos: Saul Schramm\/Secom)<\/em><\/p>\n<h2><strong>Novo corredor<\/strong><\/h2>\n<p>Dentro deste grande projeto, foi inclu\u00edda a rodovia MS-040, de Campo Grande a Santa Rita do Pardo. Os investimentos e esta nova log\u00edstica foi bem recebida pelos comerciantes e empres\u00e1rios da cidade. \u201cMoro h\u00e1 10 anos aqui na cidade. \u00c9 importante para o munic\u00edpio ter esta concess\u00e3o na rodovia, ando bastante nela, se ela tiver mais bem cuidada vai ajudar bastante a todos, seguran\u00e7a ainda maior\u201d, descreveu Lucas Barbosa, empres\u00e1rio da cidade.<\/p>\n<p>Maria Isabel Godoy, dona de um hotel tradicional em Santa Rita, acredita que al\u00e9m de dar mais seguran\u00e7a (rodovia), a concess\u00e3o vai ajud\u00e1-la a ganhar novos clientes. \u201cMuitos moradores utilizam a rodovia, que vai ficar mais segura e ainda ter\u00e1 mais movimento pra n\u00f3s. Estamos contentes\u201d.<\/p>\n<figure id=\"attachment_509720\" class=\"wp-caption aligncenter\" aria-describedby=\"caption-attachment-509720\"><a href=\"https:\/\/agenciadenoticias.ms.gov.br\/wp-content\/uploads\/2025\/05\/MS-040-Foto-Bruno-Rezende-06-scaled.jpg\"><img loading=\"lazy\" decoding=\"async\" class=\"wp-image-509720 size-large\" src=\"https:\/\/agenciadenoticias.ms.gov.br\/wp-content\/uploads\/2025\/05\/MS-040-Foto-Bruno-Rezende-06-1024x683.jpg\" sizes=\"auto, (max-width: 1024px) 100vw, 1024px\" srcset=\"https:\/\/agenciadenoticias.ms.gov.br\/wp-content\/uploads\/2025\/05\/MS-040-Foto-Bruno-Rezende-06-1024x683.jpg 1024w, https:\/\/agenciadenoticias.ms.gov.br\/wp-content\/uploads\/2025\/05\/MS-040-Foto-Bruno-Rezende-06-300x200.jpg 300w, https:\/\/agenciadenoticias.ms.gov.br\/wp-content\/uploads\/2025\/05\/MS-040-Foto-Bruno-Rezende-06-768x512.jpg 768w, https:\/\/agenciadenoticias.ms.gov.br\/wp-content\/uploads\/2025\/05\/MS-040-Foto-Bruno-Rezende-06-1536x1024.jpg 1536w, https:\/\/agenciadenoticias.ms.gov.br\/wp-content\/uploads\/2025\/05\/MS-040-Foto-Bruno-Rezende-06-2048x1365.jpg 2048w, https:\/\/agenciadenoticias.ms.gov.br\/wp-content\/uploads\/2025\/05\/MS-040-Foto-Bruno-Rezende-06-350x232.jpg 350w, https:\/\/agenciadenoticias.ms.gov.br\/wp-content\/uploads\/2025\/05\/MS-040-Foto-Bruno-Rezende-06-scaled.jpg 1920w\" alt=\"\" width=\"1024\" height=\"683\" \/><\/a><figcaption id=\"caption-attachment-509720\" class=\"wp-caption-text\"><em>Rodovia MS-040 faz parte do pacote de concess\u00e3o (Foto: Bruno Rezende\/Secom)<\/em><\/figcaption><\/figure>\n<p>Saindo de Santa Rita, a rota da celulose segue pelas rodovias MS-338 e MS-395 rumo a Bataguassu. No caminho encontramos v\u00e1rios comerciantes, que aproveitam o movimento do trecho para levar o p\u00e3o de cada dia para casa. \u201cServimos aqui na beira da rodovia caf\u00e9, almo\u00e7o e janta, temos um bom movimento, mas se chegar estas melhorias na rodovia com certeza vai ajudar, pode melhorar mais\u201d, contou Maria Jos\u00e9 dos Matos, que tem um restaurante na beira da estrada.<\/p>\n<p>Chegando em Bataguassu a concess\u00e3o segue pela BR-267 at\u00e9 Nova Alvorada do Sul. A empresa vencedora do leil\u00e3o vai administrar todo este corredor, que \u00e9 visto com bons olhos pela popula\u00e7\u00e3o. \u201cEstamos aqui h\u00e1 um m\u00eas em Bataguassu, uma cidade bem acolhedora. Este leil\u00e3o da rodovia vai melhor at\u00e9 como cidad\u00e3 e empres\u00e1ria, pois vai melhorar o movimento do com\u00e9rcio tamb\u00e9m, pois ficamos ao lado da rodovia\u201d, garantiu a empres\u00e1ria Sabrina Almagro\u201d.<\/p>\n<div id=\"gallery-4\" class=\"gallery galleryid-509674 gallery-columns-2 gallery-size-large\">\n<figure class=\"gallery-item\">\n<div class=\"gallery-icon landscape\"><a href=\"https:\/\/agenciadenoticias.ms.gov.br\/wp-content\/uploads\/2025\/05\/MS-040-Foto-Bruno-Rezende-07-scaled.jpg\"><img loading=\"lazy\" decoding=\"async\" class=\"attachment-large size-large\" src=\"https:\/\/agenciadenoticias.ms.gov.br\/wp-content\/uploads\/2025\/05\/MS-040-Foto-Bruno-Rezende-07-1024x683.jpg\" sizes=\"auto, (max-width: 1024px) 100vw, 1024px\" srcset=\"https:\/\/agenciadenoticias.ms.gov.br\/wp-content\/uploads\/2025\/05\/MS-040-Foto-Bruno-Rezende-07-1024x683.jpg 1024w, https:\/\/agenciadenoticias.ms.gov.br\/wp-content\/uploads\/2025\/05\/MS-040-Foto-Bruno-Rezende-07-300x200.jpg 300w, https:\/\/agenciadenoticias.ms.gov.br\/wp-content\/uploads\/2025\/05\/MS-040-Foto-Bruno-Rezende-07-768x512.jpg 768w, https:\/\/agenciadenoticias.ms.gov.br\/wp-content\/uploads\/2025\/05\/MS-040-Foto-Bruno-Rezende-07-1536x1024.jpg 1536w, https:\/\/agenciadenoticias.ms.gov.br\/wp-content\/uploads\/2025\/05\/MS-040-Foto-Bruno-Rezende-07-2048x1365.jpg 2048w, https:\/\/agenciadenoticias.ms.gov.br\/wp-content\/uploads\/2025\/05\/MS-040-Foto-Bruno-Rezende-07-350x232.jpg 350w, https:\/\/agenciadenoticias.ms.gov.br\/wp-content\/uploads\/2025\/05\/MS-040-Foto-Bruno-Rezende-07-scaled.jpg 1920w\" alt=\"\" width=\"1024\" height=\"683\" \/><\/a><\/div>\n<\/figure>\n<figure class=\"gallery-item\">\n<div class=\"gallery-icon landscape\"><a href=\"https:\/\/agenciadenoticias.ms.gov.br\/wp-content\/uploads\/2025\/05\/MS-040-Foto-Bruno-Rezende-02-scaled.jpg\"><img loading=\"lazy\" decoding=\"async\" class=\"attachment-large size-large\" src=\"https:\/\/agenciadenoticias.ms.gov.br\/wp-content\/uploads\/2025\/05\/MS-040-Foto-Bruno-Rezende-02-1024x683.jpg\" sizes=\"auto, (max-width: 1024px) 100vw, 1024px\" srcset=\"https:\/\/agenciadenoticias.ms.gov.br\/wp-content\/uploads\/2025\/05\/MS-040-Foto-Bruno-Rezende-02-1024x683.jpg 1024w, https:\/\/agenciadenoticias.ms.gov.br\/wp-content\/uploads\/2025\/05\/MS-040-Foto-Bruno-Rezende-02-300x200.jpg 300w, https:\/\/agenciadenoticias.ms.gov.br\/wp-content\/uploads\/2025\/05\/MS-040-Foto-Bruno-Rezende-02-768x512.jpg 768w, https:\/\/agenciadenoticias.ms.gov.br\/wp-content\/uploads\/2025\/05\/MS-040-Foto-Bruno-Rezende-02-1536x1024.jpg 1536w, https:\/\/agenciadenoticias.ms.gov.br\/wp-content\/uploads\/2025\/05\/MS-040-Foto-Bruno-Rezende-02-2048x1366.jpg 2048w, https:\/\/agenciadenoticias.ms.gov.br\/wp-content\/uploads\/2025\/05\/MS-040-Foto-Bruno-Rezende-02-350x232.jpg 350w, https:\/\/agenciadenoticias.ms.gov.br\/wp-content\/uploads\/2025\/05\/MS-040-Foto-Bruno-Rezende-02-scaled.jpg 1920w\" alt=\"\" width=\"1024\" height=\"683\" \/><\/a><\/div>\n<\/figure>\n<\/div>\n<p><em>Rodovia MS-040 (Fotos: Bruno Rezende\/Secom)<\/em><\/p>\n<p>Quem trabalha com vendas e comiss\u00e3o tamb\u00e9m aguarda os efeitos positivos desta iniciada do Governo do Estado. \u201cO com\u00e9rcio aqui est\u00e1 excelente, se vier estas melhorias na rodovia vai ajudar muito, eu por exemplo sempre viajo no sentido Casa Verde a Nova Andradina, com movimento muito grande, pouca terceira faixa, se tiver duplica\u00e7\u00e3o vai ficar excelente\u201d, descreve o vendedor Nestor da Silva Justino, que trabalha em uma loja em frente a BR-267.<\/p>\n<p>A cidade (Bataguassu) tamb\u00e9m ser\u00e1 contemplada com uma nova f\u00e1brica de celulose do grupo Bracell, que ter\u00e1 investimento de R$ 16 bilh\u00f5es, Esta unidade ser\u00e1 a primeira de celulose sol\u00favel do Estado, sendo utilizada principalmente na fabrica\u00e7\u00e3o de fibras como viscose, modal e lyocell.<\/p>\n<div id=\"gallery-5\" class=\"gallery galleryid-509674 gallery-columns-2 gallery-size-large\">\n<figure class=\"gallery-item\">\n<div class=\"gallery-icon landscape\"><a href=\"https:\/\/agenciadenoticias.ms.gov.br\/wp-content\/uploads\/2025\/05\/MS-040-Maria-Izabel-Godoy-Foto-Bruno-Rezende-scaled.jpg\"><img loading=\"lazy\" decoding=\"async\" class=\"attachment-large size-large\" src=\"https:\/\/agenciadenoticias.ms.gov.br\/wp-content\/uploads\/2025\/05\/MS-040-Maria-Izabel-Godoy-Foto-Bruno-Rezende-1024x683.jpg\" sizes=\"auto, (max-width: 1024px) 100vw, 1024px\" srcset=\"https:\/\/agenciadenoticias.ms.gov.br\/wp-content\/uploads\/2025\/05\/MS-040-Maria-Izabel-Godoy-Foto-Bruno-Rezende-1024x683.jpg 1024w, https:\/\/agenciadenoticias.ms.gov.br\/wp-content\/uploads\/2025\/05\/MS-040-Maria-Izabel-Godoy-Foto-Bruno-Rezende-300x200.jpg 300w, https:\/\/agenciadenoticias.ms.gov.br\/wp-content\/uploads\/2025\/05\/MS-040-Maria-Izabel-Godoy-Foto-Bruno-Rezende-768x512.jpg 768w, https:\/\/agenciadenoticias.ms.gov.br\/wp-content\/uploads\/2025\/05\/MS-040-Maria-Izabel-Godoy-Foto-Bruno-Rezende-1536x1024.jpg 1536w, https:\/\/agenciadenoticias.ms.gov.br\/wp-content\/uploads\/2025\/05\/MS-040-Maria-Izabel-Godoy-Foto-Bruno-Rezende-2048x1365.jpg 2048w, https:\/\/agenciadenoticias.ms.gov.br\/wp-content\/uploads\/2025\/05\/MS-040-Maria-Izabel-Godoy-Foto-Bruno-Rezende-350x232.jpg 350w, https:\/\/agenciadenoticias.ms.gov.br\/wp-content\/uploads\/2025\/05\/MS-040-Maria-Izabel-Godoy-Foto-Bruno-Rezende-scaled.jpg 1920w\" alt=\"\" width=\"1024\" height=\"683\" aria-describedby=\"gallery-5-509724\" \/><\/a><\/div><figcaption id=\"gallery-5-509724\" class=\"wp-caption-text gallery-caption\">Maria Isabel Godoy<\/figcaption><\/figure>\n<figure class=\"gallery-item\">\n<div class=\"gallery-icon landscape\"><a href=\"https:\/\/agenciadenoticias.ms.gov.br\/wp-content\/uploads\/2025\/05\/MS-040-Lucas-Barbosa-Foto-Bruno-Rezende-scaled.jpg\"><img loading=\"lazy\" decoding=\"async\" class=\"attachment-large size-large\" src=\"https:\/\/agenciadenoticias.ms.gov.br\/wp-content\/uploads\/2025\/05\/MS-040-Lucas-Barbosa-Foto-Bruno-Rezende-1024x683.jpg\" sizes=\"auto, (max-width: 1024px) 100vw, 1024px\" srcset=\"https:\/\/agenciadenoticias.ms.gov.br\/wp-content\/uploads\/2025\/05\/MS-040-Lucas-Barbosa-Foto-Bruno-Rezende-1024x683.jpg 1024w, https:\/\/agenciadenoticias.ms.gov.br\/wp-content\/uploads\/2025\/05\/MS-040-Lucas-Barbosa-Foto-Bruno-Rezende-300x200.jpg 300w, https:\/\/agenciadenoticias.ms.gov.br\/wp-content\/uploads\/2025\/05\/MS-040-Lucas-Barbosa-Foto-Bruno-Rezende-768x512.jpg 768w, https:\/\/agenciadenoticias.ms.gov.br\/wp-content\/uploads\/2025\/05\/MS-040-Lucas-Barbosa-Foto-Bruno-Rezende-1536x1024.jpg 1536w, https:\/\/agenciadenoticias.ms.gov.br\/wp-content\/uploads\/2025\/05\/MS-040-Lucas-Barbosa-Foto-Bruno-Rezende-2048x1365.jpg 2048w, https:\/\/agenciadenoticias.ms.gov.br\/wp-content\/uploads\/2025\/05\/MS-040-Lucas-Barbosa-Foto-Bruno-Rezende-350x232.jpg 350w, https:\/\/agenciadenoticias.ms.gov.br\/wp-content\/uploads\/2025\/05\/MS-040-Lucas-Barbosa-Foto-Bruno-Rezende-scaled.jpg 1920w\" alt=\"\" width=\"1024\" height=\"683\" aria-describedby=\"gallery-5-509723\" \/><\/a><\/div><figcaption id=\"gallery-5-509723\" class=\"wp-caption-text gallery-caption\">Lucas Barbosa<\/figcaption><\/figure>\n<figure class=\"gallery-item\">\n<div class=\"gallery-icon landscape\"><a href=\"https:\/\/agenciadenoticias.ms.gov.br\/wp-content\/uploads\/2025\/05\/MS-395-Maria-Jose-Matos-Foto-Bruno-Rezende-scaled.jpg\"><img loading=\"lazy\" decoding=\"async\" class=\"attachment-large size-large\" src=\"https:\/\/agenciadenoticias.ms.gov.br\/wp-content\/uploads\/2025\/05\/MS-395-Maria-Jose-Matos-Foto-Bruno-Rezende-1024x683.jpg\" sizes=\"auto, (max-width: 1024px) 100vw, 1024px\" srcset=\"https:\/\/agenciadenoticias.ms.gov.br\/wp-content\/uploads\/2025\/05\/MS-395-Maria-Jose-Matos-Foto-Bruno-Rezende-1024x683.jpg 1024w, https:\/\/agenciadenoticias.ms.gov.br\/wp-content\/uploads\/2025\/05\/MS-395-Maria-Jose-Matos-Foto-Bruno-Rezende-300x200.jpg 300w, https:\/\/agenciadenoticias.ms.gov.br\/wp-content\/uploads\/2025\/05\/MS-395-Maria-Jose-Matos-Foto-Bruno-Rezende-768x512.jpg 768w, https:\/\/agenciadenoticias.ms.gov.br\/wp-content\/uploads\/2025\/05\/MS-395-Maria-Jose-Matos-Foto-Bruno-Rezende-1536x1024.jpg 1536w, https:\/\/agenciadenoticias.ms.gov.br\/wp-content\/uploads\/2025\/05\/MS-395-Maria-Jose-Matos-Foto-Bruno-Rezende-2048x1365.jpg 2048w, https:\/\/agenciadenoticias.ms.gov.br\/wp-content\/uploads\/2025\/05\/MS-395-Maria-Jose-Matos-Foto-Bruno-Rezende-350x232.jpg 350w, https:\/\/agenciadenoticias.ms.gov.br\/wp-content\/uploads\/2025\/05\/MS-395-Maria-Jose-Matos-Foto-Bruno-Rezende-scaled.jpg 1920w\" alt=\"\" width=\"1024\" height=\"683\" aria-describedby=\"gallery-5-509725\" \/><\/a><\/div><figcaption id=\"gallery-5-509725\" class=\"wp-caption-text gallery-caption\">Maria Jos\u00e9 dos Matos<\/figcaption><\/figure>\n<figure class=\"gallery-item\">\n<div class=\"gallery-icon landscape\"><a href=\"https:\/\/agenciadenoticias.ms.gov.br\/wp-content\/uploads\/2025\/05\/MS-395-Sabrina-Almagro-Foto-Bruno-Rezende-scaled.jpg\"><img loading=\"lazy\" decoding=\"async\" class=\"attachment-large size-large\" src=\"https:\/\/agenciadenoticias.ms.gov.br\/wp-content\/uploads\/2025\/05\/MS-395-Sabrina-Almagro-Foto-Bruno-Rezende-1024x683.jpg\" sizes=\"auto, (max-width: 1024px) 100vw, 1024px\" srcset=\"https:\/\/agenciadenoticias.ms.gov.br\/wp-content\/uploads\/2025\/05\/MS-395-Sabrina-Almagro-Foto-Bruno-Rezende-1024x683.jpg 1024w, https:\/\/agenciadenoticias.ms.gov.br\/wp-content\/uploads\/2025\/05\/MS-395-Sabrina-Almagro-Foto-Bruno-Rezende-300x200.jpg 300w, https:\/\/agenciadenoticias.ms.gov.br\/wp-content\/uploads\/2025\/05\/MS-395-Sabrina-Almagro-Foto-Bruno-Rezende-768x512.jpg 768w, https:\/\/agenciadenoticias.ms.gov.br\/wp-content\/uploads\/2025\/05\/MS-395-Sabrina-Almagro-Foto-Bruno-Rezende-1536x1024.jpg 1536w, https:\/\/agenciadenoticias.ms.gov.br\/wp-content\/uploads\/2025\/05\/MS-395-Sabrina-Almagro-Foto-Bruno-Rezende-2048x1365.jpg 2048w, https:\/\/agenciadenoticias.ms.gov.br\/wp-content\/uploads\/2025\/05\/MS-395-Sabrina-Almagro-Foto-Bruno-Rezende-350x232.jpg 350w, https:\/\/agenciadenoticias.ms.gov.br\/wp-content\/uploads\/2025\/05\/MS-395-Sabrina-Almagro-Foto-Bruno-Rezende-scaled.jpg 1920w\" alt=\"\" width=\"1024\" height=\"683\" aria-describedby=\"gallery-5-509726\" \/><\/a><\/div><figcaption id=\"gallery-5-509726\" class=\"wp-caption-text gallery-caption\">Sabrina Almagro<\/figcaption><\/figure>\n<\/div>\n<h2><strong>Leil\u00e3o realizado<\/strong><\/h2>\n<p>Com o sucesso do leil\u00e3o, ser\u00e3o investidos R$ 10 bilh\u00f5es em 870,3 km de rodovias na Rota da Celulose. A entrega de propostas foi realizada na segunda-feira (5 de maio). Quatro grupos de concession\u00e1rias se interessaram pelo projeto, o Cons\u00f3rcio K&amp;G foi o grande vencedor.<\/p>\n<p>\u201cA Rota da Celulose possui rodovias federais e estaduais, que abrangem toda uma regi\u00e3o do Estado (Vale da Celulose), que tem recebido aportes significativos de industrias e empresas, promovendo crescimento muito grande desta regi\u00e3o. Hoje tivemos um sucesso absoluto no leil\u00e3o, com quatro grandes grupos participando, chegando a grande vencedora. S\u00e3o R$ 10 bilh\u00f5es de investimento\u201d, afirmou o governador Eduardo Riedel.<\/p>\n<p>Fazem parte da concess\u00e3o trechos das rodovias estaduais MS-040, MS-338 e MS-395 e das federais BR-262 e BR-267. A concess\u00e3o prev\u00ea recupera\u00e7\u00e3o, opera\u00e7\u00e3o, manuten\u00e7\u00e3o, conserva\u00e7\u00e3o, implanta\u00e7\u00e3o de melhorias e amplia\u00e7\u00e3o de capacidade do sistema rodovi\u00e1rio pelo prazo de 30 anos.<\/p>\n<div id=\"gallery-6\" class=\"gallery galleryid-509674 gallery-columns-2 gallery-size-large\">\n<figure class=\"gallery-item\">\n<div class=\"gallery-icon landscape\"><a href=\"https:\/\/agenciadenoticias.ms.gov.br\/rota-da-celulose-vai-qualificar-rodovias-impulsionar-economia-e-mudar-realidade-de-muitas-pessoas\/ms-338-foto-bruno-rezende\/\"><img loading=\"lazy\" decoding=\"async\" class=\"attachment-large size-large\" src=\"https:\/\/agenciadenoticias.ms.gov.br\/wp-content\/uploads\/2025\/05\/MS-338-Foto-Bruno-Rezende-1024x683.jpg\" sizes=\"auto, (max-width: 1024px) 100vw, 1024px\" srcset=\"https:\/\/agenciadenoticias.ms.gov.br\/wp-content\/uploads\/2025\/05\/MS-338-Foto-Bruno-Rezende-1024x683.jpg 1024w, https:\/\/agenciadenoticias.ms.gov.br\/wp-content\/uploads\/2025\/05\/MS-338-Foto-Bruno-Rezende-300x200.jpg 300w, https:\/\/agenciadenoticias.ms.gov.br\/wp-content\/uploads\/2025\/05\/MS-338-Foto-Bruno-Rezende-768x512.jpg 768w, https:\/\/agenciadenoticias.ms.gov.br\/wp-content\/uploads\/2025\/05\/MS-338-Foto-Bruno-Rezende-1536x1024.jpg 1536w, https:\/\/agenciadenoticias.ms.gov.br\/wp-content\/uploads\/2025\/05\/MS-338-Foto-Bruno-Rezende-2048x1365.jpg 2048w, https:\/\/agenciadenoticias.ms.gov.br\/wp-content\/uploads\/2025\/05\/MS-338-Foto-Bruno-Rezende-350x232.jpg 350w, https:\/\/agenciadenoticias.ms.gov.br\/wp-content\/uploads\/2025\/05\/MS-338-Foto-Bruno-Rezende-scaled.jpg 1920w\" alt=\"\" width=\"1024\" height=\"683\" \/><\/a><\/div>\n<\/figure>\n<figure class=\"gallery-item\">\n<div class=\"gallery-icon landscape\"><a href=\"https:\/\/agenciadenoticias.ms.gov.br\/rota-da-celulose-vai-qualificar-rodovias-impulsionar-economia-e-mudar-realidade-de-muitas-pessoas\/ms-395-foto-bruno-rezende\/\"><img loading=\"lazy\" decoding=\"async\" class=\"attachment-large size-large\" src=\"https:\/\/agenciadenoticias.ms.gov.br\/wp-content\/uploads\/2025\/05\/MS-395-Foto-Bruno-Rezende-1024x683.jpg\" sizes=\"auto, (max-width: 1024px) 100vw, 1024px\" srcset=\"https:\/\/agenciadenoticias.ms.gov.br\/wp-content\/uploads\/2025\/05\/MS-395-Foto-Bruno-Rezende-1024x683.jpg 1024w, https:\/\/agenciadenoticias.ms.gov.br\/wp-content\/uploads\/2025\/05\/MS-395-Foto-Bruno-Rezende-300x200.jpg 300w, https:\/\/agenciadenoticias.ms.gov.br\/wp-content\/uploads\/2025\/05\/MS-395-Foto-Bruno-Rezende-768x512.jpg 768w, https:\/\/agenciadenoticias.ms.gov.br\/wp-content\/uploads\/2025\/05\/MS-395-Foto-Bruno-Rezende-1536x1024.jpg 1536w, https:\/\/agenciadenoticias.ms.gov.br\/wp-content\/uploads\/2025\/05\/MS-395-Foto-Bruno-Rezende-2048x1365.jpg 2048w, https:\/\/agenciadenoticias.ms.gov.br\/wp-content\/uploads\/2025\/05\/MS-395-Foto-Bruno-Rezende-350x232.jpg 350w, https:\/\/agenciadenoticias.ms.gov.br\/wp-content\/uploads\/2025\/05\/MS-395-Foto-Bruno-Rezende-scaled.jpg 1920w\" alt=\"\" width=\"1024\" height=\"683\" \/><\/a><\/div>\n<\/figure>\n<\/div>\n<p><em>Fotos: Bruno Rezende\/Secom<\/em><\/p>\n<p>Ser\u00e3o 115 km em duplica\u00e7\u00f5es, 457 km de acostamentos, 245 km em terceiras faixas, 12 km de marginais, implanta\u00e7\u00e3o de 38 km em contornos de munic\u00edpios, 62 dispositivos em n\u00edvel, 4 dispositivos em desn\u00edvel, 25 acessos, 22 passagens de fauna, 20 alargamentos de pontes e implanta\u00e7\u00e3o de 3.780,00 m\u00b2 obras de arte especiais. A malha passa a ter 100% de acostamento.<\/p>\n<p>A concess\u00e3o prev\u00ea o atendimento \u00e0s diretrizes do programa Estrada Viva, do Governo do Estado, para preserva\u00e7\u00e3o da fauna silvestre. Entre eles, a implanta\u00e7\u00e3o de dispositivos de preven\u00e7\u00e3o de acidentes como passagens de fauna, tela condutora, placas de alerta e l\u00fadicas, controladores de velocidade bem como servi\u00e7o de Resgate e Reabilita\u00e7\u00e3o de Fauna e a\u00e7\u00f5es de educa\u00e7\u00e3o ambiental dos usu\u00e1rios e comunidade em geral.<\/p>\n<div id=\"gallery-7\" class=\"gallery galleryid-509674 gallery-columns-3 gallery-size-large\">\n<figure class=\"gallery-item\">\n<div class=\"gallery-icon landscape\"><a href=\"https:\/\/agenciadenoticias.ms.gov.br\/wp-content\/uploads\/2025\/05\/BR-267-Foto-Bruno-Rezende-02-scaled.jpg\"><img loading=\"lazy\" decoding=\"async\" class=\"attachment-large size-large\" src=\"https:\/\/agenciadenoticias.ms.gov.br\/wp-content\/uploads\/2025\/05\/BR-267-Foto-Bruno-Rezende-02-1024x683.jpg\" sizes=\"auto, (max-width: 1024px) 100vw, 1024px\" srcset=\"https:\/\/agenciadenoticias.ms.gov.br\/wp-content\/uploads\/2025\/05\/BR-267-Foto-Bruno-Rezende-02-1024x683.jpg 1024w, https:\/\/agenciadenoticias.ms.gov.br\/wp-content\/uploads\/2025\/05\/BR-267-Foto-Bruno-Rezende-02-300x200.jpg 300w, https:\/\/agenciadenoticias.ms.gov.br\/wp-content\/uploads\/2025\/05\/BR-267-Foto-Bruno-Rezende-02-768x512.jpg 768w, https:\/\/agenciadenoticias.ms.gov.br\/wp-content\/uploads\/2025\/05\/BR-267-Foto-Bruno-Rezende-02-1536x1024.jpg 1536w, https:\/\/agenciadenoticias.ms.gov.br\/wp-content\/uploads\/2025\/05\/BR-267-Foto-Bruno-Rezende-02-2048x1365.jpg 2048w, https:\/\/agenciadenoticias.ms.gov.br\/wp-content\/uploads\/2025\/05\/BR-267-Foto-Bruno-Rezende-02-350x232.jpg 350w, https:\/\/agenciadenoticias.ms.gov.br\/wp-content\/uploads\/2025\/05\/BR-267-Foto-Bruno-Rezende-02-scaled.jpg 1920w\" alt=\"\" width=\"1024\" height=\"683\" \/><\/a><\/div>\n<\/figure>\n<figure class=\"gallery-item\">\n<div class=\"gallery-icon landscape\"><a href=\"https:\/\/agenciadenoticias.ms.gov.br\/wp-content\/uploads\/2025\/05\/BR-267-Foto-Bruno-Rezende-04-scaled.jpg\"><img loading=\"lazy\" decoding=\"async\" class=\"attachment-large size-large\" src=\"https:\/\/agenciadenoticias.ms.gov.br\/wp-content\/uploads\/2025\/05\/BR-267-Foto-Bruno-Rezende-04-1024x683.jpg\" sizes=\"auto, (max-width: 1024px) 100vw, 1024px\" srcset=\"https:\/\/agenciadenoticias.ms.gov.br\/wp-content\/uploads\/2025\/05\/BR-267-Foto-Bruno-Rezende-04-1024x683.jpg 1024w, https:\/\/agenciadenoticias.ms.gov.br\/wp-content\/uploads\/2025\/05\/BR-267-Foto-Bruno-Rezende-04-300x200.jpg 300w, https:\/\/agenciadenoticias.ms.gov.br\/wp-content\/uploads\/2025\/05\/BR-267-Foto-Bruno-Rezende-04-768x512.jpg 768w, https:\/\/agenciadenoticias.ms.gov.br\/wp-content\/uploads\/2025\/05\/BR-267-Foto-Bruno-Rezende-04-1536x1024.jpg 1536w, https:\/\/agenciadenoticias.ms.gov.br\/wp-content\/uploads\/2025\/05\/BR-267-Foto-Bruno-Rezende-04-2048x1365.jpg 2048w, https:\/\/agenciadenoticias.ms.gov.br\/wp-content\/uploads\/2025\/05\/BR-267-Foto-Bruno-Rezende-04-350x232.jpg 350w, https:\/\/agenciadenoticias.ms.gov.br\/wp-content\/uploads\/2025\/05\/BR-267-Foto-Bruno-Rezende-04-scaled.jpg 1920w\" alt=\"\" width=\"1024\" height=\"683\" \/><\/a><\/div>\n<\/figure>\n<figure class=\"gallery-item\">\n<div class=\"gallery-icon landscape\"><a href=\"https:\/\/agenciadenoticias.ms.gov.br\/wp-content\/uploads\/2025\/05\/BR-267-Foto-Bruno-Rezende-10-scaled.jpg\"><img loading=\"lazy\" decoding=\"async\" class=\"attachment-large size-large\" src=\"https:\/\/agenciadenoticias.ms.gov.br\/wp-content\/uploads\/2025\/05\/BR-267-Foto-Bruno-Rezende-10-1024x683.jpg\" sizes=\"auto, (max-width: 1024px) 100vw, 1024px\" srcset=\"https:\/\/agenciadenoticias.ms.gov.br\/wp-content\/uploads\/2025\/05\/BR-267-Foto-Bruno-Rezende-10-1024x683.jpg 1024w, https:\/\/agenciadenoticias.ms.gov.br\/wp-content\/uploads\/2025\/05\/BR-267-Foto-Bruno-Rezende-10-300x200.jpg 300w, https:\/\/agenciadenoticias.ms.gov.br\/wp-content\/uploads\/2025\/05\/BR-267-Foto-Bruno-Rezende-10-768x512.jpg 768w, https:\/\/agenciadenoticias.ms.gov.br\/wp-content\/uploads\/2025\/05\/BR-267-Foto-Bruno-Rezende-10-1536x1024.jpg 1536w, https:\/\/agenciadenoticias.ms.gov.br\/wp-content\/uploads\/2025\/05\/BR-267-Foto-Bruno-Rezende-10-2048x1365.jpg 2048w, https:\/\/agenciadenoticias.ms.gov.br\/wp-content\/uploads\/2025\/05\/BR-267-Foto-Bruno-Rezende-10-350x232.jpg 350w, https:\/\/agenciadenoticias.ms.gov.br\/wp-content\/uploads\/2025\/05\/BR-267-Foto-Bruno-Rezende-10-scaled.jpg 1920w\" alt=\"\" width=\"1024\" height=\"683\" \/><\/a><\/div>\n<\/figure>\n<\/div>\n<p><em>Fotos: Bruno Rezende\/Secom<\/em><\/p>\n<p><a href=\"https:\/\/agenciadenoticias.ms.gov.br\/wp-content\/uploads\/2025\/05\/mapa-rota-celulose.jpg\"><img loading=\"lazy\" decoding=\"async\" class=\"wp-image-509790 size-large aligncenter\" src=\"https:\/\/agenciadenoticias.ms.gov.br\/wp-content\/uploads\/2025\/05\/mapa-rota-celulose-1024x576.jpg\" sizes=\"auto, (max-width: 1024px) 100vw, 1024px\" srcset=\"https:\/\/agenciadenoticias.ms.gov.br\/wp-content\/uploads\/2025\/05\/mapa-rota-celulose-1024x576.jpg 1024w, https:\/\/agenciadenoticias.ms.gov.br\/wp-content\/uploads\/2025\/05\/mapa-rota-celulose-300x169.jpg 300w, https:\/\/agenciadenoticias.ms.gov.br\/wp-content\/uploads\/2025\/05\/mapa-rota-celulose-768x432.jpg 768w, https:\/\/agenciadenoticias.ms.gov.br\/wp-content\/uploads\/2025\/05\/mapa-rota-celulose-1536x864.jpg 1536w, https:\/\/agenciadenoticias.ms.gov.br\/wp-content\/uploads\/2025\/05\/mapa-rota-celulose-350x197.jpg 350w, https:\/\/agenciadenoticias.ms.gov.br\/wp-content\/uploads\/2025\/05\/mapa-rota-celulose.jpg 1600w\" alt=\"\" width=\"1024\" height=\"576\" \/><\/a><\/p>\n","protected":false},"excerpt":{"rendered":"<p>Com a realiza\u00e7\u00e3o do\u00a0leil\u00e3o da Rota da Celulose, cinco rodovias v\u00e3o ganhar investimentos bilion\u00e1rios da iniciativa privada para qualificar a log\u00edstica da regi\u00e3o. Estas melhorias v\u00e3o ajudar n\u00e3o apenas o escoamento da produ\u00e7\u00e3o, mas a vida das pessoas que passam pelas estradas, tendo mais seguran\u00e7a e rapidez, assim como comerciantes, produtores, empres\u00e1rios e quem mora [&hellip;]<\/p>\n","protected":false},"author":3,"featured_media":34678,"comment_status":"open","ping_status":"open","sticky":false,"template":"","format":"standard","meta":{"om_disable_all_campaigns":false,"_monsterinsights_skip_tracking":false,"_monsterinsights_sitenote_active":false,"_monsterinsights_sitenote_note":"","_monsterinsights_sitenote_category":0,"footnotes":""},"categories":[189,191,31,267,266,193,43,48],"tags":[],"aioseo_notices":[],"_links":{"self":[{"href":"https:\/\/expressaoms.com.br\/index.php\/wp-json\/wp\/v2\/posts\/34677"}],"collection":[{"href":"https:\/\/expressaoms.com.br\/index.php\/wp-json\/wp\/v2\/posts"}],"about":[{"href":"https:\/\/expressaoms.com.br\/index.php\/wp-json\/wp\/v2\/types\/post"}],"author":[{"embeddable":true,"href":"https:\/\/expressaoms.com.br\/index.php\/wp-json\/wp\/v2\/users\/3"}],"replies":[{"embeddable":true,"href":"https:\/\/expressaoms.com.br\/index.php\/wp-json\/wp\/v2\/comments?post=34677"}],"version-history":[{"count":1,"href":"https:\/\/expressaoms.com.br\/index.php\/wp-json\/wp\/v2\/posts\/34677\/revisions"}],"predecessor-version":[{"id":34679,"href":"https:\/\/expressaoms.com.br\/index.php\/wp-json\/wp\/v2\/posts\/34677\/revisions\/34679"}],"wp:featuredmedia":[{"embeddable":true,"href":"https:\/\/expressaoms.com.br\/index.php\/wp-json\/wp\/v2\/media\/34678"}],"wp:attachment":[{"href":"https:\/\/expressaoms.com.br\/index.php\/wp-json\/wp\/v2\/media?parent=34677"}],"wp:term":[{"taxonomy":"category","embeddable":true,"href":"https:\/\/expressaoms.com.br\/index.php\/wp-json\/wp\/v2\/categories?post=34677"},{"taxonomy":"post_tag","embeddable":true,"href":"https:\/\/expressaoms.com.br\/index.php\/wp-json\/wp\/v2\/tags?post=34677"}],"curies":[{"name":"wp","href":"https:\/\/api.w.org\/{rel}","templated":true}]}}