{"id":34912,"date":"2025-05-16T12:16:44","date_gmt":"2025-05-16T16:16:44","guid":{"rendered":"https:\/\/expressaoms.com.br\/?p=34912"},"modified":"2025-05-16T12:16:44","modified_gmt":"2025-05-16T16:16:44","slug":"hospital-auxiliadora-celebra-106-anos-com-programacao-especial-para-a-comunidade-e-colaboradores","status":"publish","type":"post","link":"https:\/\/expressaoms.com.br\/index.php\/2025\/05\/16\/hospital-auxiliadora-celebra-106-anos-com-programacao-especial-para-a-comunidade-e-colaboradores\/","title":{"rendered":"Hospital Auxiliadora celebra 106 anos com programa\u00e7\u00e3o especial para a comunidade e colaboradores"},"content":{"rendered":"<p>O Hospital Auxiliadora celebra, neste m\u00eas de maio de 2025, seus 106 anos de funda\u00e7\u00e3o com uma programa\u00e7\u00e3o especial voltada \u00e0 comunidade, colaboradores e pacientes. Desde 1919, a institui\u00e7\u00e3o tem sido refer\u00eancia em sa\u00fade na regi\u00e3o e refor\u00e7a, ano ap\u00f3s ano, seu compromisso com o acolhimento, a qualidade no atendimento e os valores crist\u00e3os que norteiam sua hist\u00f3ria.<\/p>\n<p>As festividades come\u00e7am no dia 19 de maio, \u00e0s 5h15, com a tradicional Alvorada Festiva, com apresenta\u00e7\u00e3o da Banda Marcial Cristo Redentor, na Avenida Ros\u00e1rio Congro, reunindo a popula\u00e7\u00e3o em um momento de celebra\u00e7\u00e3o com m\u00fasica e alegria para saudar o in\u00edcio das comemora\u00e7\u00f5es.<\/p>\n<p>Nos dias 20 e 21 de maio, acontece a a\u00e7\u00e3o \u201cMaria, caminha no hospital\u201d, um momento de espiritualidade e b\u00ean\u00e7\u00e3os conduzido com a imagem de Nossa Senhora passando pelos setores da institui\u00e7\u00e3o, levando f\u00e9 e esperan\u00e7a a pacientes, profissionais e visitantes.<\/p>\n<p>A celebra\u00e7\u00e3o segue nos dias 22 e 23 de maio, com o simb\u00f3lico Corte do Bolo, proporcionando aos presentes um momento de confraterniza\u00e7\u00e3o, mem\u00f3ria e gratid\u00e3o entre os colaboradores, que s\u00e3o parte essencial dessa trajet\u00f3ria centen\u00e1ria.<\/p>\n<p>Encerrando a programa\u00e7\u00e3o, no dia 24 de maio, ser\u00e1 realizada a Carreata em Honra a Nossa Senhora Auxiliadora, padroeira da institui\u00e7\u00e3o. A concentra\u00e7\u00e3o est\u00e1 marcada para as 18h, com sa\u00edda da Par\u00f3quia S\u00e3o Francisco de Assis, seguida por uma Santa Missa na Capela do Hospital, \u00e0s 19h, reunindo fi\u00e9is em um ato de f\u00e9 e devo\u00e7\u00e3o aberto a toda a sociedade.<\/p>\n<p>\u201cCelebrar 106 anos \u00e9 celebrar vidas, hist\u00f3rias e conquistas que transformaram a sa\u00fade em Tr\u00eas Lagoas e em toda a regi\u00e3o. Nosso compromisso permanece com a excel\u00eancia, a humaniza\u00e7\u00e3o e a f\u00e9 que nos sustentam desde o princ\u00edpio. Convidamos toda a popula\u00e7\u00e3o para participar conosco desses momentos especiais de gratid\u00e3o e renova\u00e7\u00e3o da miss\u00e3o do nosso hospital\u201d, destaca Marco Calderon, diretor geral do Hospital Nossa Senhora Auxiliadora.<\/p>\n<p>A diretora financeira, Ir. Dilma Canavarro, tamb\u00e9m refor\u00e7a o convite: \u201cEste \u00e9 um tempo de louvor e agradecimento a Deus por tantas b\u00ean\u00e7\u00e3os recebidas. A caminhada do Hospital Auxiliadora s\u00f3 foi poss\u00edvel gra\u00e7as \u00e0 dedica\u00e7\u00e3o de nossos colaboradores, ao apoio da comunidade e \u00e0 intercess\u00e3o de Nossa Senhora. Celebrar \u00e9 partilhar, e queremos dividir esta alegria com todos.\u201d<\/p>\n<p>As programa\u00e7\u00f5es refor\u00e7am a longevidade, a relev\u00e2ncia e o papel transformador do Hospital Auxiliadora na vida de milhares de pessoas ao longo dos seus 106 anos de hist\u00f3ria.<\/p>\n","protected":false},"excerpt":{"rendered":"<p>O Hospital Auxiliadora celebra, neste m\u00eas de maio de 2025, seus 106 anos de funda\u00e7\u00e3o com uma programa\u00e7\u00e3o especial voltada \u00e0 comunidade, colaboradores e pacientes. Desde 1919, a institui\u00e7\u00e3o tem sido refer\u00eancia em sa\u00fade na regi\u00e3o e refor\u00e7a, ano ap\u00f3s ano, seu compromisso com o acolhimento, a qualidade no atendimento e os valores crist\u00e3os que [&hellip;]<\/p>\n","protected":false},"author":3,"featured_media":34913,"comment_status":"open","ping_status":"open","sticky":false,"template":"","format":"standard","meta":{"om_disable_all_campaigns":false,"_monsterinsights_skip_tracking":false,"_monsterinsights_sitenote_active":false,"_monsterinsights_sitenote_note":"","_monsterinsights_sitenote_category":0,"footnotes":""},"categories":[36,44,48],"tags":[],"aioseo_notices":[],"_links":{"self":[{"href":"https:\/\/expressaoms.com.br\/index.php\/wp-json\/wp\/v2\/posts\/34912"}],"collection":[{"href":"https:\/\/expressaoms.com.br\/index.php\/wp-json\/wp\/v2\/posts"}],"about":[{"href":"https:\/\/expressaoms.com.br\/index.php\/wp-json\/wp\/v2\/types\/post"}],"author":[{"embeddable":true,"href":"https:\/\/expressaoms.com.br\/index.php\/wp-json\/wp\/v2\/users\/3"}],"replies":[{"embeddable":true,"href":"https:\/\/expressaoms.com.br\/index.php\/wp-json\/wp\/v2\/comments?post=34912"}],"version-history":[{"count":1,"href":"https:\/\/expressaoms.com.br\/index.php\/wp-json\/wp\/v2\/posts\/34912\/revisions"}],"predecessor-version":[{"id":34914,"href":"https:\/\/expressaoms.com.br\/index.php\/wp-json\/wp\/v2\/posts\/34912\/revisions\/34914"}],"wp:featuredmedia":[{"embeddable":true,"href":"https:\/\/expressaoms.com.br\/index.php\/wp-json\/wp\/v2\/media\/34913"}],"wp:attachment":[{"href":"https:\/\/expressaoms.com.br\/index.php\/wp-json\/wp\/v2\/media?parent=34912"}],"wp:term":[{"taxonomy":"category","embeddable":true,"href":"https:\/\/expressaoms.com.br\/index.php\/wp-json\/wp\/v2\/categories?post=34912"},{"taxonomy":"post_tag","embeddable":true,"href":"https:\/\/expressaoms.com.br\/index.php\/wp-json\/wp\/v2\/tags?post=34912"}],"curies":[{"name":"wp","href":"https:\/\/api.w.org\/{rel}","templated":true}]}}