{"id":35044,"date":"2025-05-22T08:29:45","date_gmt":"2025-05-22T12:29:45","guid":{"rendered":"https:\/\/expressaoms.com.br\/?p=35044"},"modified":"2025-05-22T10:36:58","modified_gmt":"2025-05-22T14:36:58","slug":"governo-publica-mp-da-reforma-do-setor-eletrico-com-fim-de-descontos-para-energia-eolica-e-solar","status":"publish","type":"post","link":"https:\/\/expressaoms.com.br\/index.php\/2025\/05\/22\/governo-publica-mp-da-reforma-do-setor-eletrico-com-fim-de-descontos-para-energia-eolica-e-solar\/","title":{"rendered":"Governo Publica MP da Reforma do Setor El\u00e9trico com Fim de Descontos para Energia E\u00f3lica e Solar"},"content":{"rendered":"<p><em><strong>Medida provis\u00f3ria estabelece prazo at\u00e9 dezembro para fim de subs\u00eddios em tarifas de transmiss\u00e3o para energia solar e e\u00f3lica, mantendo benef\u00edcio apenas para contratos j\u00e1 existentes.<\/strong><\/em><\/p>\n<p><strong>Thais Dias<\/strong><\/p>\n<p>O governo federal publicou nesta quarta-feira (21) a Medida Provis\u00f3ria (MP) da reforma do setor el\u00e9trico, estabelecendo novas regras para descontos nas tarifas de transmiss\u00e3o e distribui\u00e7\u00e3o de energia. A principal mudan\u00e7a \u00e9 a defini\u00e7\u00e3o do dia 31 de dezembro de 2025 como prazo final para que novos contratos de consumidores de fontes incentivadas, como e\u00f3lica e solar, possam usufruir de benef\u00edcios na Tarifa de Uso do Sistema de Transmiss\u00e3o (TUST) e na Tarifa de Uso do Sistema de Distribui\u00e7\u00e3o (TUSD).<\/p>\n<p>A medida impacta principalmente grandes ind\u00fastrias que utilizam energia renov\u00e1vel. Contratos j\u00e1 firmados at\u00e9 a data limite manter\u00e3o os descontos, mas novos acordos registrados a partir de 1\u00ba de janeiro de 2026 n\u00e3o ter\u00e3o mais acesso \u00e0s redu\u00e7\u00f5es. O Minist\u00e9rio de Minas e Energia (MME) havia proposto inicialmente um prazo mais curto, de apenas 30 dias ap\u00f3s a publica\u00e7\u00e3o da MP, mas optou por estender o per\u00edodo ap\u00f3s ouvir representantes do setor.<\/p>\n<p>A expectativa \u00e9 que haja uma corrida por novos registros na C\u00e2mara de Comercializa\u00e7\u00e3o de Energia El\u00e9trica (CCEE) antes do fim do prazo. Para evitar fraudes, a MP determina que a CCEE dever\u00e1 comunicar \u00e0 Ag\u00eancia Nacional de Energia El\u00e9trica (Aneel) qualquer ind\u00edcio de simula\u00e7\u00e3o com o objetivo de garantir os descontos, sujeitando os infratores a san\u00e7\u00f5es administrativas, civis e penais.<\/p>\n<p>Al\u00e9m dessa mudan\u00e7a, a MP mant\u00e9m medidas j\u00e1 anunciadas, como a gratuidade no consumo de at\u00e9 80 quilowatt-hora (kWh) por m\u00eas para fam\u00edlias beneficiadas pela Tarifa Social, que entrar\u00e1 em vigor em 45 dias. Tamb\u00e9m confirma o cronograma de abertura do mercado livre de energia, previsto para come\u00e7ar em 1\u00ba de agosto de 2026, embora haja press\u00e3o de setores do Congresso para revisar o prazo, considerado muito apertado para adapta\u00e7\u00f5es.<\/p>\n<p>Outro ponto importante \u00e9 o rateio de custos em caso de sobrecontrata\u00e7\u00e3o pelas distribuidoras. Se o volume de energia contratada superar a demanda real, os custos extras ser\u00e3o divididos entre todos os consumidores, tanto do mercado regulado quanto do livre. A reforma ainda altera as regras da Conta de Desenvolvimento Energ\u00e9tico (CDE): a partir de 2038, o rateio deixar\u00e1 de considerar o n\u00edvel de tens\u00e3o e passar\u00e1 a ser calculado proporcionalmente ao consumo.<\/p>\n<p>A MP agora segue para an\u00e1lise do Congresso Nacional, onde poder\u00e1 sofrer ajustes antes de ser convertida em lei. O governo defende que as mudan\u00e7as s\u00e3o necess\u00e1rias para garantir a sustentabilidade do setor el\u00e9trico, enquanto empresas e consumidores se preparam para os impactos das novas regras.<\/p>\n","protected":false},"excerpt":{"rendered":"<p>Medida provis\u00f3ria estabelece prazo at\u00e9 dezembro para fim de subs\u00eddios em tarifas de transmiss\u00e3o para energia solar e e\u00f3lica, mantendo benef\u00edcio apenas para contratos j\u00e1 existentes. Thais Dias O governo federal publicou nesta quarta-feira (21) a Medida Provis\u00f3ria (MP) da reforma do setor el\u00e9trico, estabelecendo novas regras para descontos nas tarifas de transmiss\u00e3o e distribui\u00e7\u00e3o [&hellip;]<\/p>\n","protected":false},"author":3,"featured_media":35045,"comment_status":"open","ping_status":"open","sticky":false,"template":"","format":"standard","meta":{"om_disable_all_campaigns":false,"_monsterinsights_skip_tracking":false,"_monsterinsights_sitenote_active":false,"_monsterinsights_sitenote_note":"","_monsterinsights_sitenote_category":0,"footnotes":""},"categories":[31],"tags":[59,253,361],"aioseo_notices":[],"_links":{"self":[{"href":"https:\/\/expressaoms.com.br\/index.php\/wp-json\/wp\/v2\/posts\/35044"}],"collection":[{"href":"https:\/\/expressaoms.com.br\/index.php\/wp-json\/wp\/v2\/posts"}],"about":[{"href":"https:\/\/expressaoms.com.br\/index.php\/wp-json\/wp\/v2\/types\/post"}],"author":[{"embeddable":true,"href":"https:\/\/expressaoms.com.br\/index.php\/wp-json\/wp\/v2\/users\/3"}],"replies":[{"embeddable":true,"href":"https:\/\/expressaoms.com.br\/index.php\/wp-json\/wp\/v2\/comments?post=35044"}],"version-history":[{"count":1,"href":"https:\/\/expressaoms.com.br\/index.php\/wp-json\/wp\/v2\/posts\/35044\/revisions"}],"predecessor-version":[{"id":35046,"href":"https:\/\/expressaoms.com.br\/index.php\/wp-json\/wp\/v2\/posts\/35044\/revisions\/35046"}],"wp:featuredmedia":[{"embeddable":true,"href":"https:\/\/expressaoms.com.br\/index.php\/wp-json\/wp\/v2\/media\/35045"}],"wp:attachment":[{"href":"https:\/\/expressaoms.com.br\/index.php\/wp-json\/wp\/v2\/media?parent=35044"}],"wp:term":[{"taxonomy":"category","embeddable":true,"href":"https:\/\/expressaoms.com.br\/index.php\/wp-json\/wp\/v2\/categories?post=35044"},{"taxonomy":"post_tag","embeddable":true,"href":"https:\/\/expressaoms.com.br\/index.php\/wp-json\/wp\/v2\/tags?post=35044"}],"curies":[{"name":"wp","href":"https:\/\/api.w.org\/{rel}","templated":true}]}}