{"id":35070,"date":"2025-05-22T14:24:07","date_gmt":"2025-05-22T18:24:07","guid":{"rendered":"https:\/\/expressaoms.com.br\/?p=35070"},"modified":"2025-05-22T21:11:39","modified_gmt":"2025-05-23T01:11:39","slug":"titulos-suor-e-superacao-a-historia-de-isabela-no-jiu-jitsu","status":"publish","type":"post","link":"https:\/\/expressaoms.com.br\/index.php\/2025\/05\/22\/titulos-suor-e-superacao-a-historia-de-isabela-no-jiu-jitsu\/","title":{"rendered":"T\u00edtulos, Suor e Supera\u00e7\u00e3o: A Hist\u00f3ria de Isabela no Jiu-Jitsu"},"content":{"rendered":"<p><em><strong>Aos 11 anos, ela j\u00e1 \u00e9 vice-campe\u00e3 mundial, mas sua maior batalha \u00e9 garantir recursos para continuar competindo<\/strong><\/em><\/p>\n<p><strong>Thais Dias<\/strong><\/p>\n<p>Aos 11 anos, Isabela Mata Oliveira Camargo j\u00e1 coleciona t\u00edtulos e demonstra uma determina\u00e7\u00e3o rara em sua jornada no Jiu-Jitsu. Natural de Tr\u00eas Lagoas, Mato Grosso do Sul, a atleta come\u00e7ou no esporte em novembro de 2022, ap\u00f3s ser convidada por uma amiga para assistir a um campeonato. O que era apenas curiosidade se transformou em paix\u00e3o: ap\u00f3s uma aula experimental no projeto social do Mestre Tatu, da Tatu Fight Team, Isabela n\u00e3o parou mais.<\/p>\n<p>Apenas 20 dias ap\u00f3s seu primeiro treino, Isabela j\u00e1 competiu e sagrou-se campe\u00e3 em sua estreia. Desde ent\u00e3o, sua rotina se tornou intensa: treinos di\u00e1rios de Jiu-Jitsu e prepara\u00e7\u00e3o f\u00edsica para aprimorar seu desempenho. Com uma lista impressionante de conquistas, Isabela j\u00e1 subiu ao p\u00f3dio em competi\u00e7\u00f5es estaduais, nacionais e at\u00e9 internacionais. Em 2023, foi vice-campe\u00e3 no Mundial Kids CBJJE e no Pan-Americano Kids ISBJJ, al\u00e9m de vencer torneios como o Brasileiro Centro-Oeste e a Copa Gigante Davi. Em 2024, continuou brilhando, conquistando o Campeonato Brasileiro IBJJF e o Paulista de Jiu-Jitsu, consolidando seu nome entre os melhores atletas da categoria.<\/p>\n<p><img fetchpriority=\"high\" decoding=\"async\" class=\"alignleft wp-image-35073\" src=\"https:\/\/expressaoms.com.br\/wp-content\/uploads\/2025\/05\/WhatsApp-Image-2025-05-22-at-15.06.40-173x300.jpeg\" alt=\"\" width=\"260\" height=\"450\" srcset=\"https:\/\/expressaoms.com.br\/wp-content\/uploads\/2025\/05\/WhatsApp-Image-2025-05-22-at-15.06.40-173x300.jpeg 173w, https:\/\/expressaoms.com.br\/wp-content\/uploads\/2025\/05\/WhatsApp-Image-2025-05-22-at-15.06.40-592x1024.jpeg 592w, https:\/\/expressaoms.com.br\/wp-content\/uploads\/2025\/05\/WhatsApp-Image-2025-05-22-at-15.06.40-600x1038.jpeg 600w, https:\/\/expressaoms.com.br\/wp-content\/uploads\/2025\/05\/WhatsApp-Image-2025-05-22-at-15.06.40.jpeg 743w\" sizes=\"(max-width: 260px) 100vw, 260px\" \/>Apesar do talento e da disciplina, a fam\u00edlia enfrenta dificuldades para manter os custos da carreira esportiva. &#8220;Ela treina muito, \u00e9 dedicada, mas infelizmente isso n\u00e3o \u00e9 suficiente para competir sem apoio&#8221;, explica a fam\u00edlia. As despesas incluem viagens, hospedagem, inscri\u00e7\u00f5es, combust\u00edvel e acompanhamento profissional (f\u00edsico, nutricional e mental). Atualmente, Isabela conta com a ajuda de amigos e apoiadores, mas ainda busca um patroc\u00ednio fixo para continuar competindo em alto n\u00edvel.<\/p>\n<p>A jovem atleta mant\u00e9m uma agenda rigorosa: treina de segunda a s\u00e1bado, com prepara\u00e7\u00e3o f\u00edsica e sess\u00f5es intensivas de Jiu-Jitsu. Seu sonho \u00e9 se tornar uma das maiores atletas do Brasil no esporte, mas precisa de apoio para seguir viagem. &#8220;Ela merece oportunidades para mostrar seu potencial&#8221;, afirma a fam\u00edlia, que faz um apelo a empresas e patrocinadores interessados em investir no futuro da atleta.<\/p>\n<p>Isabela Mata Oliveira Camargo \u00e9 um exemplo de garra, supera\u00e7\u00e3o e amor pelo esporte \u2013 e sua hist\u00f3ria est\u00e1 apenas come\u00e7ando. Quem quiser apoiar sua trajet\u00f3ria pode entrar em contato atrav\u00e9s das redes sociais da atleta ou da Tatu Fight Team.<\/p>\n<p>Redes sociais da Isabela:<\/p>\n<p><a href=\"https:\/\/www.instagram.com\/isabela.matabjj?igsh=bWtmdTEyNXlpc3ds\">https:\/\/www.instagram.com\/isabela.matabjj?igsh=bWtmdTEyNXlpc3ds<\/a><\/p>\n","protected":false},"excerpt":{"rendered":"<p>Aos 11 anos, ela j\u00e1 \u00e9 vice-campe\u00e3 mundial, mas sua maior batalha \u00e9 garantir recursos para continuar competindo Thais Dias Aos 11 anos, Isabela Mata Oliveira Camargo j\u00e1 coleciona t\u00edtulos e demonstra uma determina\u00e7\u00e3o rara em sua jornada no Jiu-Jitsu. Natural de Tr\u00eas Lagoas, Mato Grosso do Sul, a atleta come\u00e7ou no esporte em novembro [&hellip;]<\/p>\n","protected":false},"author":3,"featured_media":35072,"comment_status":"open","ping_status":"open","sticky":false,"template":"","format":"standard","meta":{"om_disable_all_campaigns":false,"_monsterinsights_skip_tracking":false,"_monsterinsights_sitenote_active":false,"_monsterinsights_sitenote_note":"","_monsterinsights_sitenote_category":0,"footnotes":""},"categories":[34,36,48],"tags":[253,361,172],"aioseo_notices":[],"_links":{"self":[{"href":"https:\/\/expressaoms.com.br\/index.php\/wp-json\/wp\/v2\/posts\/35070"}],"collection":[{"href":"https:\/\/expressaoms.com.br\/index.php\/wp-json\/wp\/v2\/posts"}],"about":[{"href":"https:\/\/expressaoms.com.br\/index.php\/wp-json\/wp\/v2\/types\/post"}],"author":[{"embeddable":true,"href":"https:\/\/expressaoms.com.br\/index.php\/wp-json\/wp\/v2\/users\/3"}],"replies":[{"embeddable":true,"href":"https:\/\/expressaoms.com.br\/index.php\/wp-json\/wp\/v2\/comments?post=35070"}],"version-history":[{"count":10,"href":"https:\/\/expressaoms.com.br\/index.php\/wp-json\/wp\/v2\/posts\/35070\/revisions"}],"predecessor-version":[{"id":35082,"href":"https:\/\/expressaoms.com.br\/index.php\/wp-json\/wp\/v2\/posts\/35070\/revisions\/35082"}],"wp:featuredmedia":[{"embeddable":true,"href":"https:\/\/expressaoms.com.br\/index.php\/wp-json\/wp\/v2\/media\/35072"}],"wp:attachment":[{"href":"https:\/\/expressaoms.com.br\/index.php\/wp-json\/wp\/v2\/media?parent=35070"}],"wp:term":[{"taxonomy":"category","embeddable":true,"href":"https:\/\/expressaoms.com.br\/index.php\/wp-json\/wp\/v2\/categories?post=35070"},{"taxonomy":"post_tag","embeddable":true,"href":"https:\/\/expressaoms.com.br\/index.php\/wp-json\/wp\/v2\/tags?post=35070"}],"curies":[{"name":"wp","href":"https:\/\/api.w.org\/{rel}","templated":true}]}}