{"id":3520,"date":"2022-01-14T11:34:12","date_gmt":"2022-01-14T14:34:12","guid":{"rendered":"https:\/\/expressaoms.com.br\/?p=3520"},"modified":"2022-01-14T11:34:12","modified_gmt":"2022-01-14T14:34:12","slug":"sms-de-tres-lagoas-inicia-vacinacao-de-criancas-de-5-a-11-anos-com-comorbidades-neste-sabado-15","status":"publish","type":"post","link":"https:\/\/expressaoms.com.br\/index.php\/2022\/01\/14\/sms-de-tres-lagoas-inicia-vacinacao-de-criancas-de-5-a-11-anos-com-comorbidades-neste-sabado-15\/","title":{"rendered":"SMS de Tr\u00eas Lagoas inicia vacina\u00e7\u00e3o de crian\u00e7as de 5 a 11 anos com comorbidades neste s\u00e1bado (15)"},"content":{"rendered":"<p>A Secretaria Municipal de Sa\u00fade (SMS) de Tr\u00eas Lagoas recebeu do Minist\u00e9rio da Sa\u00fade, por meio do Governo do Estado de Mato Grosso do Sul, 630 doses de vacina contra a Covid-19 para dar in\u00edcio \u00e0 vacina\u00e7\u00e3o de crian\u00e7as de 5 a 11 anos de idade neste s\u00e1bado (15), das 8h \u00e0s 18h (ou enquanto durar o estoque), na Cl\u00ednica da Crian\u00e7a.<\/p>\n<p>Conforme nota t\u00e9cnica do Governo de MS, essa primeira data vai atender apenas crian\u00e7as de 5 a 11 anos de idade que tenham defici\u00eancia permanente ou com comorbidades previstas no Plano Nacional de Imuniza\u00e7\u00e3o (PNI) assim como especificado pelo artigo 13 da lei n\u00ba 14.124 de 10 de mar\u00e7o de 2021.<\/p>\n<p>LISTA DE DEFICI\u00caNCIAS E COMORBIDADES<\/p>\n\n<p>AUTORIZA\u00c7\u00c3O<\/p>\n<p>Para se imunizar, a crian\u00e7a deve estar acompanhada dos pais ou respons\u00e1vel legal para que manifestem sua concord\u00e2ncia com a vacina\u00e7\u00e3o. Em caso de aus\u00eancia desses (pais ou respons\u00e1vel legal), a vacina\u00e7\u00e3o da crian\u00e7a deve ser autorizada (pelos pais ou respons\u00e1vel legal) por meio de um termo de assentimento que pode ser ACESSADO AQUI.<\/p>\n<p>AP\u00d3S A VACINA\u00c7\u00c3O<\/p>\n<p>Ap\u00f3s a vacina\u00e7\u00e3o, os profissionais de sa\u00fade solicitar\u00e3o para que a crian\u00e7a permane\u00e7a no local em observa\u00e7\u00e3o por cerca de 20 minutos, assim como \u00e9 orientado pela Ag\u00eancia Nacional de Vigil\u00e2ncia Sanit\u00e1ria (ANVISA) e Minist\u00e9rio da Sa\u00fade.<\/p>\n<p>Al\u00e9m disso, o acompanhante da crian\u00e7a ser\u00e1 informado das principais rea\u00e7\u00f5es normais da vacina (que podem ser isoladas ou mais de uma), que s\u00e3o: dor, inchado e vermelhid\u00e3o no local da aplica\u00e7\u00e3o, febre, fadiga, dor de cabe\u00e7a, calafrios, mialgia (dor muscular) e artralgia (dor nas articula\u00e7\u00f5es). E, em caso de a crian\u00e7a apresentar dor repentina no peito, falta de ar ou palpita\u00e7\u00f5es ap\u00f3s a vacina, deve ser levada ao m\u00e9dico.<\/p>\n<p>IDENTIFICA\u00c7\u00c3O DA VACINA<\/p>\n<p>A vacina para crian\u00e7as \u00e9 identificada por um frasco na cor laranja que cont\u00e9m uma dose de 0,2ml produzida pelo laborat\u00f3rio Pfizer que \u00e9 a recomendada pelo Minist\u00e9rio da Sa\u00fade para atender \u00e0 imuniza\u00e7\u00e3o da faixa et\u00e1ria.<\/p>\n<p>SERVI\u00c7O<\/p>\n<p>A Cl\u00ednica da Crian\u00e7a fica localizada \u00e0 Rua Eg\u00eddio Thom\u00e9 com a Rua Etelvino Cust\u00f3dio de Queiroz.<\/p>\n<p>VEJA ABAIXO UM V\u00cdDEO T\u00c9CNICO CRIADO PELA ANVISA SOBRE A VACINA<\/p>\n<p>Fonte: PMTL<\/p>\n","protected":false},"excerpt":{"rendered":"<p>A Secretaria Municipal de Sa\u00fade (SMS) de Tr\u00eas Lagoas recebeu do Minist\u00e9rio da Sa\u00fade, por meio do Governo do Estado de Mato Grosso do Sul, 630 doses de vacina contra a Covid-19 para dar in\u00edcio \u00e0 vacina\u00e7\u00e3o de crian\u00e7as de 5 a 11 anos de idade neste s\u00e1bado (15), das 8h \u00e0s 18h (ou enquanto [&hellip;]<\/p>\n","protected":false},"author":2,"featured_media":0,"comment_status":"open","ping_status":"open","sticky":false,"template":"","format":"standard","meta":{"om_disable_all_campaigns":false,"_monsterinsights_skip_tracking":false,"_monsterinsights_sitenote_active":false,"_monsterinsights_sitenote_note":"","_monsterinsights_sitenote_category":0,"footnotes":""},"categories":[44,48],"tags":[],"aioseo_notices":[],"_links":{"self":[{"href":"https:\/\/expressaoms.com.br\/index.php\/wp-json\/wp\/v2\/posts\/3520"}],"collection":[{"href":"https:\/\/expressaoms.com.br\/index.php\/wp-json\/wp\/v2\/posts"}],"about":[{"href":"https:\/\/expressaoms.com.br\/index.php\/wp-json\/wp\/v2\/types\/post"}],"author":[{"embeddable":true,"href":"https:\/\/expressaoms.com.br\/index.php\/wp-json\/wp\/v2\/users\/2"}],"replies":[{"embeddable":true,"href":"https:\/\/expressaoms.com.br\/index.php\/wp-json\/wp\/v2\/comments?post=3520"}],"version-history":[{"count":1,"href":"https:\/\/expressaoms.com.br\/index.php\/wp-json\/wp\/v2\/posts\/3520\/revisions"}],"predecessor-version":[{"id":3524,"href":"https:\/\/expressaoms.com.br\/index.php\/wp-json\/wp\/v2\/posts\/3520\/revisions\/3524"}],"wp:attachment":[{"href":"https:\/\/expressaoms.com.br\/index.php\/wp-json\/wp\/v2\/media?parent=3520"}],"wp:term":[{"taxonomy":"category","embeddable":true,"href":"https:\/\/expressaoms.com.br\/index.php\/wp-json\/wp\/v2\/categories?post=3520"},{"taxonomy":"post_tag","embeddable":true,"href":"https:\/\/expressaoms.com.br\/index.php\/wp-json\/wp\/v2\/tags?post=3520"}],"curies":[{"name":"wp","href":"https:\/\/api.w.org\/{rel}","templated":true}]}}