{"id":35533,"date":"2025-06-09T08:14:23","date_gmt":"2025-06-09T12:14:23","guid":{"rendered":"https:\/\/expressaoms.com.br\/?p=35533"},"modified":"2025-06-09T08:14:23","modified_gmt":"2025-06-09T12:14:23","slug":"semana-comeca-com-tempo-nublado-e-clima-mais-ameno-em-mato-grosso-do-sul","status":"publish","type":"post","link":"https:\/\/expressaoms.com.br\/index.php\/2025\/06\/09\/semana-comeca-com-tempo-nublado-e-clima-mais-ameno-em-mato-grosso-do-sul\/","title":{"rendered":"Semana come\u00e7a com tempo nublado e clima mais ameno em Mato Grosso do Sul"},"content":{"rendered":"<p><em><strong>Ventos moderados e c\u00e9u encoberto marcam o in\u00edcio da semana; previs\u00e3o indica poss\u00edvel chuva a partir da quarta-feira.<\/strong><\/em><\/p>\n<p><strong>Thais Dias<\/strong><\/p>\n<p>Nesta segunda-feira (09), os term\u00f4metros registram temperaturas mais baixas e c\u00e9u encoberto em v\u00e1rias cidades de Mato Grosso do Sul, incluindo Tr\u00eas Lagoas, Dourados, Parana\u00edba e Campo Grande. De acordo com as previs\u00f5es do\u00a0ClimaTempo\u00a0e do\u00a0CPTEC\/INPE, uma frente fria avan\u00e7a pela regi\u00e3o, deixando o tempo inst\u00e1vel e com muitas nuvens, mas sem chuvas significativas na maior parte do estado.<\/p>\n<p>Previs\u00e3o para as principais cidades:<\/p>\n<p><strong>Tr\u00eas Lagoas<\/strong><\/p>\n<p>Temperatura:\u00a0M\u00ednima de\u00a017\u00b0C\u00a0e m\u00e1xima de\u00a025\u00b0C<\/p>\n<p>Condi\u00e7\u00e3o do tempo:\u00a0C\u00e9u nublado durante todo o dia, sem previs\u00e3o de chuva.<\/p>\n<p>Ventos:\u00a0Moderados, entre\u00a020 a 40 km\/h, aumentando a sensa\u00e7\u00e3o de frio \u00e0 tarde.<\/p>\n<p><strong>Dourados<\/strong><\/p>\n<p>Temperatura:\u00a0M\u00ednima de\u00a016\u00b0C\u00a0e m\u00e1xima de\u00a024\u00b0C<\/p>\n<p>Condi\u00e7\u00e3o do tempo:\u00a0Muitas nuvens e possibilidade de garoa isolada \u00e0 noite.<\/p>\n<p>Ventos:\u00a0Leves a moderados, entre\u00a015 a 30 km\/h.<\/p>\n<p><strong>Parana\u00edba<\/strong><\/p>\n<p>Temperatura:\u00a0M\u00ednima de\u00a018\u00b0C\u00a0e m\u00e1xima de\u00a026\u00b0C<\/p>\n<p>Condi\u00e7\u00e3o do tempo:\u00a0Nebulosidade persistente, com baixa chance de chuva.<\/p>\n<p>Ventos:\u00a0Moderados, variando entre\u00a020 a 35 km\/h.<\/p>\n<p><strong>Campo Grande<\/strong><\/p>\n<p>Temperatura:\u00a0M\u00ednima de\u00a015\u00b0C\u00a0e m\u00e1xima de\u00a023\u00b0C<\/p>\n<p>Condi\u00e7\u00e3o do tempo:\u00a0C\u00e9u encoberto e clima mais frio, com possibilidade de chuva isolada na ter\u00e7a-feira (10).<\/p>\n<p>Ventos:\u00a0Intensos, atingindo\u00a0at\u00e9 45 km\/h\u00a0em alguns momentos.<\/p>\n<p><strong>O que explica o clima mais fresco?<\/strong><\/p>\n<p>A influ\u00eancia de uma\u00a0frente fria\u00a0no Centro-Oeste, combinada com umidade vinda da Amaz\u00f4nia, est\u00e1 provocando o aumento das nuvens e a queda nas temperaturas em Mato Grosso do Sul. A previs\u00e3o indica que o tempo deve permanecer inst\u00e1vel at\u00e9 a\u00a0quarta-feira (11), com possibilidade de chuvas isoladas em algumas cidades.<\/p>\n<p>Quem sai de casa nesta segunda-feira deve se agasalhar, especialmente durante a manh\u00e3 e \u00e0 noite, quando as temperaturas ficam mais baixas. Os ventos moderados tamb\u00e9m contribuem para uma sensa\u00e7\u00e3o t\u00e9rmica mais fria, principalmente em \u00e1reas abertas.<\/p>\n<p>Fique atento \u00e0s atualiza\u00e7\u00f5es meteorol\u00f3gicas, pois a previs\u00e3o pode mudar nos pr\u00f3ximos dias!<\/p>\n","protected":false},"excerpt":{"rendered":"<p>Ventos moderados e c\u00e9u encoberto marcam o in\u00edcio da semana; previs\u00e3o indica poss\u00edvel chuva a partir da quarta-feira. Thais Dias Nesta segunda-feira (09), os term\u00f4metros registram temperaturas mais baixas e c\u00e9u encoberto em v\u00e1rias cidades de Mato Grosso do Sul, incluindo Tr\u00eas Lagoas, Dourados, Parana\u00edba e Campo Grande. De acordo com as previs\u00f5es do\u00a0ClimaTempo\u00a0e do\u00a0CPTEC\/INPE, [&hellip;]<\/p>\n","protected":false},"author":3,"featured_media":35534,"comment_status":"open","ping_status":"open","sticky":false,"template":"","format":"standard","meta":{"om_disable_all_campaigns":false,"_monsterinsights_skip_tracking":false,"_monsterinsights_sitenote_active":false,"_monsterinsights_sitenote_note":"","_monsterinsights_sitenote_category":0,"footnotes":""},"categories":[36,266,47],"tags":[65,373,253,361,135,148,172],"aioseo_notices":[],"_links":{"self":[{"href":"https:\/\/expressaoms.com.br\/index.php\/wp-json\/wp\/v2\/posts\/35533"}],"collection":[{"href":"https:\/\/expressaoms.com.br\/index.php\/wp-json\/wp\/v2\/posts"}],"about":[{"href":"https:\/\/expressaoms.com.br\/index.php\/wp-json\/wp\/v2\/types\/post"}],"author":[{"embeddable":true,"href":"https:\/\/expressaoms.com.br\/index.php\/wp-json\/wp\/v2\/users\/3"}],"replies":[{"embeddable":true,"href":"https:\/\/expressaoms.com.br\/index.php\/wp-json\/wp\/v2\/comments?post=35533"}],"version-history":[{"count":1,"href":"https:\/\/expressaoms.com.br\/index.php\/wp-json\/wp\/v2\/posts\/35533\/revisions"}],"predecessor-version":[{"id":35535,"href":"https:\/\/expressaoms.com.br\/index.php\/wp-json\/wp\/v2\/posts\/35533\/revisions\/35535"}],"wp:featuredmedia":[{"embeddable":true,"href":"https:\/\/expressaoms.com.br\/index.php\/wp-json\/wp\/v2\/media\/35534"}],"wp:attachment":[{"href":"https:\/\/expressaoms.com.br\/index.php\/wp-json\/wp\/v2\/media?parent=35533"}],"wp:term":[{"taxonomy":"category","embeddable":true,"href":"https:\/\/expressaoms.com.br\/index.php\/wp-json\/wp\/v2\/categories?post=35533"},{"taxonomy":"post_tag","embeddable":true,"href":"https:\/\/expressaoms.com.br\/index.php\/wp-json\/wp\/v2\/tags?post=35533"}],"curies":[{"name":"wp","href":"https:\/\/api.w.org\/{rel}","templated":true}]}}