{"id":35710,"date":"2025-06-15T08:43:51","date_gmt":"2025-06-15T12:43:51","guid":{"rendered":"https:\/\/expressaoms.com.br\/?p=35710"},"modified":"2025-06-15T09:14:23","modified_gmt":"2025-06-15T13:14:23","slug":"desfile-civico-de-110-anos-de-tl-e-marcado-por-anuncios-de-investimentos-e-participacao-popular","status":"publish","type":"post","link":"https:\/\/expressaoms.com.br\/index.php\/2025\/06\/15\/desfile-civico-de-110-anos-de-tl-e-marcado-por-anuncios-de-investimentos-e-participacao-popular\/","title":{"rendered":"Desfile C\u00edvico de 110 anos de TL \u00e9 marcado por an\u00fancios de investimentos e participa\u00e7\u00e3o popular"},"content":{"rendered":"<p data-raofz=\"16\">Na manh\u00e3 deste s\u00e1bado (14), Tr\u00eas Lagoas viveu mais um cap\u00edtulo emocionante de sua hist\u00f3ria centen\u00e1ria. Para comemorar os 110 anos de emancipa\u00e7\u00e3o pol\u00edtico-administrativa, a Prefeitura Municipal realizou o tradicional Desfile C\u00edvico, marcado pela emo\u00e7\u00e3o, for\u00e7a, tradi\u00e7\u00e3o e o orgulho de ser tr\u00eas-lagoense.<\/p>\n<p data-raofz=\"16\">O evento foi aberto com o hasteamento dos Pavilh\u00f5es Nacional, Estadual e Municipal na Pra\u00e7a Senador Ramez Tebet. Pela primeira vez sob a lideran\u00e7a do prefeito Dr. Cassiano Maia, o desfile percorreu a tradicional Avenida Ros\u00e1rio Congro, reunindo milhares de olhares atentos e cora\u00e7\u00f5es emocionados.<\/p>\n<p data-raofz=\"16\">A Banda Musical Cristo Redentor foi quem deu o pontap\u00e9 inicial da festividade. O desfile contou com a participa\u00e7\u00e3o das tropas das For\u00e7as Armadas, institui\u00e7\u00f5es da Seguran\u00e7a P\u00fablica, projetos sociais como os Servi\u00e7os de Conviv\u00eancia, APAE, Central de Libras, escolas municipais e CEIs, al\u00e9m da participa\u00e7\u00e3o da Escola do SESI. Ao todo, 45 institui\u00e7\u00f5es, composta por cerca de tr\u00eas mil pessoas abrilhantaram o evento, refletindo a diversidade, o compromisso e o esp\u00edrito c\u00edvico da cidade.<\/p>\n<p data-raofz=\"16\">Foram 2h40 de apresenta\u00e7\u00f5es, que encantaram o p\u00fablico presente. De acordo com dados do 2\u00ba BPM de Mato Grosso do Sul, aproximadamente 1.500 pessoas prestigiaram o desfile ao longo de seu percurso.<\/p>\n<p data-raofz=\"16\">Neste ano, a programa\u00e7\u00e3o ocorreu no s\u00e1bado pela manh\u00e3, antecipando o anivers\u00e1rio oficial de 15 de junho, como forma de valorizar e integrar o com\u00e9rcio central, que permaneceu de portas abertas durante todo o evento, impulsionando a economia local.<\/p>\n<p data-raofz=\"16\">A solenidade contou com a presen\u00e7a de autoridades estaduais e federais que exaltaram a import\u00e2ncia hist\u00f3rica e o futuro promissor da cidade.<\/p>\n<p data-raofz=\"16\"><img fetchpriority=\"high\" decoding=\"async\" class=\"alignnone wp-image-35711 size-full\" src=\"https:\/\/expressaoms.com.br\/wp-content\/uploads\/2025\/06\/26c0ff7e-eb71-4d65-b69d-9a005c8ec148.png\" alt=\"\" width=\"920\" height=\"613\" srcset=\"https:\/\/expressaoms.com.br\/wp-content\/uploads\/2025\/06\/26c0ff7e-eb71-4d65-b69d-9a005c8ec148.png 920w, https:\/\/expressaoms.com.br\/wp-content\/uploads\/2025\/06\/26c0ff7e-eb71-4d65-b69d-9a005c8ec148-300x200.png 300w, https:\/\/expressaoms.com.br\/wp-content\/uploads\/2025\/06\/26c0ff7e-eb71-4d65-b69d-9a005c8ec148-768x512.png 768w, https:\/\/expressaoms.com.br\/wp-content\/uploads\/2025\/06\/26c0ff7e-eb71-4d65-b69d-9a005c8ec148-600x400.png 600w\" sizes=\"(max-width: 920px) 100vw, 920px\" \/><\/p>\n<p data-raofz=\"16\">Representando o governador do Estado, Eduardo Riedel, o secret\u00e1rio da Casa Civil, Eduardo Rocha, trouxe uma importante not\u00edcia: \u201cO governador mandou um abra\u00e7o especial a todos e um presente importante: autorizou o prefeito a preparar um projeto de R$ 30 milh\u00f5es para novo asfalto em Tr\u00eas Lagoas.\u201d<\/p>\n<p data-raofz=\"16\">O presidente da C\u00e2mara Municipal, vereador Tonh\u00e3o, visivelmente emocionado, declarou: \u201c\u00c9 uma honra ter feito parte da hist\u00f3ria desta cidade por 21 anos. Vi Tr\u00eas Lagoas crescer de 80 mil para mais de 150 mil habitantes, e de um or\u00e7amento de R$ 70 milh\u00f5es para mais de R$ 1,4 bilh\u00e3o. Uma cidade que pulsa progresso.\u201d<\/p>\n<p data-raofz=\"16\">Pedro Caravina, deputado estadual, tamb\u00e9m prestou homenagens: \u201cParab\u00e9ns a essa cidade pujante. Levo o abra\u00e7o do presidente da Assembleia, Gerson Claro, e reafirmo: todos os parlamentares est\u00e3o \u00e0 disposi\u00e7\u00e3o para trabalhar por Tr\u00eas Lagoas.\u201d<\/p>\n<p data-raofz=\"16\">A senadora Tereza Cristina refor\u00e7ou o compromisso com o desenvolvimento local: \u201cTr\u00eas Lagoas \u00e9 uma cidade pr\u00f3spera. Cassiano, voc\u00ea conduz com responsabilidade esse novo tempo. Pode contar integralmente comigo para todos os projetos em prol da cidade.\u201d<\/p>\n<p data-raofz=\"16\">O deputado federal Rodolfo Nogueira celebrou a data com uma emenda significativa: \u201cParab\u00e9ns, Tr\u00eas Lagoas. Trago o presente de uma emenda no valor de R$ 2,5 milh\u00f5es para contribuir com o crescimento dessa terra t\u00e3o querida.\u201d<\/p>\n<p data-raofz=\"16\">A Ministra do Planejamento, Simone Tebet, expressou com orgulho suas ra\u00edzes em TL, destacando sua liga\u00e7\u00e3o afetiva com a cidade e a trajet\u00f3ria de desenvolvimento da regi\u00e3o ao longo dos \u00faltimos 20 anos, da qual ela participou como prefeita. Relembrou o papel de seu pai, Ramez Tebet, na implanta\u00e7\u00e3o da 1\u00aa ambul\u00e2ncia do SAMU no munic\u00edpio, e celebrou conquistas hist\u00f3ricas como a chegada da maior f\u00e1brica de celulose do mundo, que transformou Tr\u00eas Lagoas e Mato Grosso do Sul em refer\u00eancia mundial, gerando milhares de empregos.<\/p>\n<p data-raofz=\"16\"><img decoding=\"async\" class=\"alignnone wp-image-35712 size-full\" src=\"https:\/\/expressaoms.com.br\/wp-content\/uploads\/2025\/06\/90ef6c4b-8617-4fdc-87df-e859058c7504.png\" alt=\"\" width=\"920\" height=\"613\" srcset=\"https:\/\/expressaoms.com.br\/wp-content\/uploads\/2025\/06\/90ef6c4b-8617-4fdc-87df-e859058c7504.png 920w, https:\/\/expressaoms.com.br\/wp-content\/uploads\/2025\/06\/90ef6c4b-8617-4fdc-87df-e859058c7504-300x200.png 300w, https:\/\/expressaoms.com.br\/wp-content\/uploads\/2025\/06\/90ef6c4b-8617-4fdc-87df-e859058c7504-768x512.png 768w, https:\/\/expressaoms.com.br\/wp-content\/uploads\/2025\/06\/90ef6c4b-8617-4fdc-87df-e859058c7504-600x400.png 600w\" sizes=\"(max-width: 920px) 100vw, 920px\" \/><\/p>\n<p data-raofz=\"16\">Simone concluiu anunciando: \u201cVenho trazer a not\u00edcia de que a obra do contorno rodovi\u00e1rio, de R$ 200 milh\u00f5es, ser\u00e1 conclu\u00edda at\u00e9 o ano que vem. E mais: a maior f\u00e1brica de fertilizantes nitrogenados da Am\u00e9rica Latina ter\u00e1 contrato assinado at\u00e9 o fim deste ano, um marco para a economia e para o nosso povo\u201d.<\/p>\n<p data-raofz=\"16\">Por fim, o prefeito Dr. Cassiano Maia, protagonista do seu primeiro desfile c\u00edvico \u00e0 frente da gest\u00e3o municipal, compartilhou palavras de emo\u00e7\u00e3o e esperan\u00e7a:<br \/>\n\u201cHoje estou emocionado e grato por ser tr\u00eas-lagoense e realizar esse momento t\u00e3o lindo para nossa popula\u00e7\u00e3o. Agrade\u00e7o especialmente aos servidores, colaboradores, \u00e0s crian\u00e7as e alunos que participam desse momento t\u00e3o especial, mostrando o quanto somos criativos e capazes de inovar. Que Tr\u00eas Lagoas continue avan\u00e7ando rumo a um futuro moderno e tecnol\u00f3gico, entre as grandes cidades do Brasil\u201d e para finalizar gestor municipal deixou uma mensagem a sua fam\u00edlia e popula\u00e7\u00e3o:<br \/>\n\u201cVamos juntos construir uma cidade moderna, tecnol\u00f3gica e ainda mais humana. Meu abra\u00e7o especial \u00e0 minha fam\u00edlia e aos que acreditam neste sonho coletivo.\u201d<\/p>\n<p data-raofz=\"16\"><img decoding=\"async\" class=\"alignnone wp-image-35713 size-full\" src=\"https:\/\/expressaoms.com.br\/wp-content\/uploads\/2025\/06\/d661007c-99d4-4a0f-9cbe-549c0199078e.png\" alt=\"\" width=\"920\" height=\"613\" srcset=\"https:\/\/expressaoms.com.br\/wp-content\/uploads\/2025\/06\/d661007c-99d4-4a0f-9cbe-549c0199078e.png 920w, https:\/\/expressaoms.com.br\/wp-content\/uploads\/2025\/06\/d661007c-99d4-4a0f-9cbe-549c0199078e-300x200.png 300w, https:\/\/expressaoms.com.br\/wp-content\/uploads\/2025\/06\/d661007c-99d4-4a0f-9cbe-549c0199078e-768x512.png 768w, https:\/\/expressaoms.com.br\/wp-content\/uploads\/2025\/06\/d661007c-99d4-4a0f-9cbe-549c0199078e-600x400.png 600w\" sizes=\"(max-width: 920px) 100vw, 920px\" \/><\/p>\n<div id=\"wg_143914_1749990722215\" class=\"woowgallery-wrapper wg-id-143914 type-woowgallery\" data-raofz=\"16\">\n<div class=\"woowgallery-amron\" data-raofz=\"16\">\n<div class=\"woow-gal-amron-masonry-collection\" data-raofz=\"16\">\n<div class=\"woow-gal-amron-header\" data-raofz=\"16\">\n<div data-raofz=\"16\"><\/div>\n<\/div>\n<div class=\"woow-gal-amron-content\" data-raofz=\"16\">\n<div class=\"woow-gal-amron-collection-column\" data-raofz=\"16\">\n<div class=\"pgc-rev-original-prop-thumb-view woow-gal-amron-thumb\" data-raofz=\"16\">\n<div class=\"pgc-rev-original-prop-thumb-main-wrap\" data-raofz=\"16\"><\/div>\n<\/div>\n<\/div>\n<\/div>\n<\/div>\n<\/div>\n<\/div>\n","protected":false},"excerpt":{"rendered":"<p>Na manh\u00e3 deste s\u00e1bado (14), Tr\u00eas Lagoas viveu mais um cap\u00edtulo emocionante de sua hist\u00f3ria centen\u00e1ria. Para comemorar os 110 anos de emancipa\u00e7\u00e3o pol\u00edtico-administrativa, a Prefeitura Municipal realizou o tradicional Desfile C\u00edvico, marcado pela emo\u00e7\u00e3o, for\u00e7a, tradi\u00e7\u00e3o e o orgulho de ser tr\u00eas-lagoense. O evento foi aberto com o hasteamento dos Pavilh\u00f5es Nacional, Estadual e [&hellip;]<\/p>\n","protected":false},"author":3,"featured_media":35714,"comment_status":"open","ping_status":"open","sticky":false,"template":"","format":"standard","meta":{"om_disable_all_campaigns":false,"_monsterinsights_skip_tracking":false,"_monsterinsights_sitenote_active":false,"_monsterinsights_sitenote_note":"","_monsterinsights_sitenote_category":0,"footnotes":""},"categories":[35,42,48],"tags":[],"aioseo_notices":[],"_links":{"self":[{"href":"https:\/\/expressaoms.com.br\/index.php\/wp-json\/wp\/v2\/posts\/35710"}],"collection":[{"href":"https:\/\/expressaoms.com.br\/index.php\/wp-json\/wp\/v2\/posts"}],"about":[{"href":"https:\/\/expressaoms.com.br\/index.php\/wp-json\/wp\/v2\/types\/post"}],"author":[{"embeddable":true,"href":"https:\/\/expressaoms.com.br\/index.php\/wp-json\/wp\/v2\/users\/3"}],"replies":[{"embeddable":true,"href":"https:\/\/expressaoms.com.br\/index.php\/wp-json\/wp\/v2\/comments?post=35710"}],"version-history":[{"count":1,"href":"https:\/\/expressaoms.com.br\/index.php\/wp-json\/wp\/v2\/posts\/35710\/revisions"}],"predecessor-version":[{"id":35715,"href":"https:\/\/expressaoms.com.br\/index.php\/wp-json\/wp\/v2\/posts\/35710\/revisions\/35715"}],"wp:featuredmedia":[{"embeddable":true,"href":"https:\/\/expressaoms.com.br\/index.php\/wp-json\/wp\/v2\/media\/35714"}],"wp:attachment":[{"href":"https:\/\/expressaoms.com.br\/index.php\/wp-json\/wp\/v2\/media?parent=35710"}],"wp:term":[{"taxonomy":"category","embeddable":true,"href":"https:\/\/expressaoms.com.br\/index.php\/wp-json\/wp\/v2\/categories?post=35710"},{"taxonomy":"post_tag","embeddable":true,"href":"https:\/\/expressaoms.com.br\/index.php\/wp-json\/wp\/v2\/tags?post=35710"}],"curies":[{"name":"wp","href":"https:\/\/api.w.org\/{rel}","templated":true}]}}