{"id":35830,"date":"2025-06-21T11:39:43","date_gmt":"2025-06-21T15:39:43","guid":{"rendered":"https:\/\/expressaoms.com.br\/?p=35830"},"modified":"2025-06-21T11:39:43","modified_gmt":"2025-06-21T15:39:43","slug":"primeira-frente-fria-deste-inverno-tera-minima-de-0oc-em-ms-e-deve-durar-10-dias","status":"publish","type":"post","link":"https:\/\/expressaoms.com.br\/index.php\/2025\/06\/21\/primeira-frente-fria-deste-inverno-tera-minima-de-0oc-em-ms-e-deve-durar-10-dias\/","title":{"rendered":"Primeira frente fria deste inverno ter\u00e1 m\u00ednima de 0\u00baC em MS e deve durar 10 dias"},"content":{"rendered":"<p>Frente fria atinge Mato Grosso do Sul neste fim de semana, trazendo umidade, ventos, nevoeiro e geada nos munic\u00edpios no centro-sul e leste do Estado. Conforme informou o Centro de Monitoramento do Tempo e do Clima de Mato Grosso do Sul (Cemtec-MS), nos pr\u00f3ximos 10 dias, a partir deste s\u00e1bado, o avan\u00e7o de tr\u00eas frentes frias consecutivas vai derrubar as temperaturas, podendo ocorrer geadas na ter\u00e7a-feira, com m\u00ednimas pr\u00f3ximas de 0\u00b0C no sul do Estado.<\/p>\n<p>A chegada do frio marca o in\u00edcio do inverno, que come\u00e7ou nesta sexta-feira e se estender\u00e1 at\u00e9 o dia 22 de setembro. Esta \u00e9 a primeira frente fria que atinge o Estado na esta\u00e7\u00e3o, derrubando as temperaturas nas regi\u00f5es sul e sudoeste neste s\u00e1bado.<\/p>\n<p>De acordo com o meteorologista Nat\u00e1lio Abrah\u00e3o, com informa\u00e7\u00f5es da esta\u00e7\u00e3o meteorol\u00f3gica da Uniderp, entre domingo e segunda-feira, a temperatura no extremo-sul do Estado reduzir\u00e1 intensamente.<\/p>\n<p>\u201cEstas mudan\u00e7as devem ocorrer com a chegada de uma frente fria que est\u00e1 no Rio Grande do Sul e avan\u00e7a at\u00e9 Mato Grosso do Sul, trazendo nuvens, ventos, umidade, pouca chuva, nevoeiro. Portanto, no fim de semana ser\u00e1 gelado no centro-sul e leste, com temperaturas baixas\u201d, descreveu Nat\u00e1lio.<\/p>\n<p>A massa de ar polar dever\u00e1 gerar, no in\u00edcio da pr\u00f3xima semana, temperatura de 6\u00baC em Ponta Por\u00e3 e de 5\u00baC em Dourados. Em Porto Murtinho, as temperaturas m\u00ednima e m\u00e1xima ficar\u00e3o bem pr\u00f3ximas, 15\u00b0C e 18\u00b0C, respectivamente, em consequ\u00eancia da chegada da frente fria.<\/p>\n<p>No sudoeste do Estado e na regi\u00e3o pantaneira, as m\u00ednimas ser\u00e3o de 8\u00b0C a 19\u00b0C e as m\u00e1ximas, de 20\u00b0C a 30\u00b0C.<\/p>\n<p>Na regi\u00e3o do Bols\u00e3o, leste e norte: m\u00ednimas de 10\u00b0C a 16\u00b0C e m\u00e1ximas de 24\u00b0C a 31\u00b0C;<\/p>\n<p>Em Campo Grande, as m\u00ednimas no fim de semana dever\u00e3o ficar entre 16\u00b0C e 18\u00b0C e as m\u00e1ximas, entre 26\u00b0C e 29\u00b0C.<\/p>\n<p>Os efeitos mais intensos dessa frente fria devem ficar restritos \u00e0s regi\u00f5es sudoeste e sul do Estado. Nas demais regi\u00f5es, as temperaturas m\u00e1ximas poder\u00e3o variar entre 24\u00b0C e 29\u00b0C, enquanto as m\u00ednimas girar\u00e3o em torno de 16\u00b0C e 18\u00b0C.<\/p>\n<p>A atua\u00e7\u00e3o de uma \u00e1rea de baixa press\u00e3o atmosf\u00e9rica tamb\u00e9m vai favorecer o aumento de nebulosidade e podem ocorrer chuvas e tempestades isoladas, principalmente no extremo-sul do Estado.<\/p>\n<p>Na segunda-feira, os ventos ser\u00e3o intensos, podendo atingir velocidades entre 40 km\/h e 60 km\/h, com rajadas pontualmente mais fortes.<\/p>\n<p>De acordo com o Cemtec-MS, na segunda-feira, as temperaturas sofrem queda acentuada, caracterizando o fen\u00f4meno conhecido como m\u00ednima invertida, quando o dia come\u00e7a com temperaturas mais altas e esfria ao longo de seu decorrer.<\/p>\n<h2>Inverno<\/h2>\n<p>Apesar da chegada da frente fria no Estado, temperaturas abaixo da m\u00e9dia n\u00e3o s\u00e3o esperada no per\u00edodo de inverno em Mato Grosso do Sul.<\/p>\n<p>Conforme explicou Nat\u00e1lio Abrah\u00e3o, dos 94 dias de inverno, as massas polares devem ocorrer apenas nos primeiros 30 dias da esta\u00e7\u00e3o. Nos dois meses restantes (agosto e setembro), o predom\u00ednio ser\u00e1 de umidade baixa, temperaturas elevadas, estiagens e seca.<\/p>\n<p>Em Mato Grosso do Sul, grande parte do inverno dever\u00e1 ser marcada pela extens\u00e3o do tempo ensolarado, ocasionado pela atua\u00e7\u00e3o de bloqueios atmosf\u00e9ricos.<\/p>\n<p>\u201cO aumento de temperatura m\u00e1xima com valores elevados deve acontecer em raz\u00e3o dos bloqueios atmosf\u00e9ricos fortalecidos por massas de ar quentes e secas\u201d, declarou Nat\u00e1lio Abrah\u00e3o.<\/p>\n<p>De acordo com o meteorologista, esses bloqueios podem se estender por v\u00e1rias semanas, mantendo as condi\u00e7\u00f5es do tempo est\u00e1veis, com dias ensolarados, sem chuva, com baixa umidade do ar, pouca nebulosidade e alta concentra\u00e7\u00e3o de poluentes.<\/p>\n<p>Nat\u00e1lio Abrah\u00e3o tamb\u00e9m alerta que o per\u00edodo do inverno \u00e9 propenso ao aumento de casos de doen\u00e7as respirat\u00f3rias.<\/p>\n<p>\u201cCom as massas de ar quentes e secas, aumenta a incid\u00eancia de poeiras, areia, fuma\u00e7a e fuligem que persistem em suspens\u00e3o no ar, surgindo com mais frequ\u00eancia as doen\u00e7as respirat\u00f3rias\u201d, explicou o meteorologista.<\/p>\n<p>As probabilidades de chuvas na esta\u00e7\u00e3o indicam precipita\u00e7\u00e3o abaixo da m\u00e9dia hist\u00f3rica no sul de Mato Grosso do Sul em junho e julho.<\/p>\n<p>Climatologicamente, em grande parte do Estado, os volumes de chuva em julho e agosto variam entre 50 mm e 200 mm. No extremo-norte do Estado, as chuvas variam entre 25 mm e 50 mm e, no extremo-sul, entre 200 mm e 300 mm.<\/p>\n<p>Em agosto e no in\u00edcio de setembro poder\u00e3o ocorrer estiagem, calor intenso, umidade baixa e chuvas fracas ocasionais.<\/p>\n<p>As precipita\u00e7\u00f5es durante a esta\u00e7\u00e3o dever\u00e3o ocorrer no fim da tarde, de forma irregular, mal distribu\u00eddas e com baixo volume, mantendo-se pr\u00f3ximas \u00e0s m\u00e9dias hist\u00f3ricas.<\/p>\n<p>\u201cN\u00e3o se descarta per\u00edodos longos sem chuva, acima de 30 dias, com estiagens ou pouca chuva na Capital\u201d, destacou o meteorologista.<\/p>\n<p>Ainda de acordo com o Cemtec-MS, entre quinta e sexta-feira da pr\u00f3xima semana, h\u00e1 probabilidade de avan\u00e7o de uma nova frente fria, que deve refor\u00e7ar o ar frio e manter as temperaturas baixas em Mato Grosso do Sul at\u00e9 o fim do m\u00eas.<\/p>\n<pre>Com Correio do Estado<\/pre>\n","protected":false},"excerpt":{"rendered":"<p>Frente fria atinge Mato Grosso do Sul neste fim de semana, trazendo umidade, ventos, nevoeiro e geada nos munic\u00edpios no centro-sul e leste do Estado. Conforme informou o Centro de Monitoramento do Tempo e do Clima de Mato Grosso do Sul (Cemtec-MS), nos pr\u00f3ximos 10 dias, a partir deste s\u00e1bado, o avan\u00e7o de tr\u00eas frentes [&hellip;]<\/p>\n","protected":false},"author":3,"featured_media":35831,"comment_status":"open","ping_status":"open","sticky":false,"template":"","format":"standard","meta":{"om_disable_all_campaigns":false,"_monsterinsights_skip_tracking":false,"_monsterinsights_sitenote_active":false,"_monsterinsights_sitenote_note":"","_monsterinsights_sitenote_category":0,"footnotes":""},"categories":[27,36,266,47],"tags":[],"aioseo_notices":[],"_links":{"self":[{"href":"https:\/\/expressaoms.com.br\/index.php\/wp-json\/wp\/v2\/posts\/35830"}],"collection":[{"href":"https:\/\/expressaoms.com.br\/index.php\/wp-json\/wp\/v2\/posts"}],"about":[{"href":"https:\/\/expressaoms.com.br\/index.php\/wp-json\/wp\/v2\/types\/post"}],"author":[{"embeddable":true,"href":"https:\/\/expressaoms.com.br\/index.php\/wp-json\/wp\/v2\/users\/3"}],"replies":[{"embeddable":true,"href":"https:\/\/expressaoms.com.br\/index.php\/wp-json\/wp\/v2\/comments?post=35830"}],"version-history":[{"count":1,"href":"https:\/\/expressaoms.com.br\/index.php\/wp-json\/wp\/v2\/posts\/35830\/revisions"}],"predecessor-version":[{"id":35832,"href":"https:\/\/expressaoms.com.br\/index.php\/wp-json\/wp\/v2\/posts\/35830\/revisions\/35832"}],"wp:featuredmedia":[{"embeddable":true,"href":"https:\/\/expressaoms.com.br\/index.php\/wp-json\/wp\/v2\/media\/35831"}],"wp:attachment":[{"href":"https:\/\/expressaoms.com.br\/index.php\/wp-json\/wp\/v2\/media?parent=35830"}],"wp:term":[{"taxonomy":"category","embeddable":true,"href":"https:\/\/expressaoms.com.br\/index.php\/wp-json\/wp\/v2\/categories?post=35830"},{"taxonomy":"post_tag","embeddable":true,"href":"https:\/\/expressaoms.com.br\/index.php\/wp-json\/wp\/v2\/tags?post=35830"}],"curies":[{"name":"wp","href":"https:\/\/api.w.org\/{rel}","templated":true}]}}